{"id":102156,"date":"2025-11-28T08:08:09","date_gmt":"2025-11-28T08:08:09","guid":{"rendered":"https:\/\/www.europesays.com\/fi\/102156\/"},"modified":"2025-11-28T08:08:09","modified_gmt":"2025-11-28T08:08:09","slug":"illalla-tvssa-agenttiseikkailun-jatkoa-ei-tullut-bruce-willisin-elakoityminen-sulki-ovet","status":"publish","type":"post","link":"https:\/\/www.europesays.com\/fi\/102156\/","title":{"rendered":"Illalla tv:ss\u00e4: Agenttiseikkailun jatkoa ei tullut \u2013 Bruce Willisin el\u00e4k\u00f6ityminen sulki ovet"},"content":{"rendered":"<p>Illan tv-viihteess\u00e4 on hyv\u00e4ntuulista toimintakomediaa, sill\u00e4 Red 2 (2013) esitet\u00e4\u00e4n pienest\u00e4 ruudusta.<\/p>\n<p>Entinen CIA-agentti Frank Moses nauttii rauhallisista el\u00e4kep\u00e4ivist\u00e4\u00e4n, kunnes menneisyys saavuttaa h\u00e4net. Moses kokoaa vanhan tiimins\u00e4 pys\u00e4ytt\u00e4m\u00e4\u00e4n vaarallisen uhan ja est\u00e4m\u00e4\u00e4n ydinaseen joutumisen v\u00e4\u00e4riin k\u00e4siin.<\/p>\n<p>Ohjaajana <strong>Dean Parisot<\/strong>. Willisin lis\u00e4ksi rooleissa <strong>John Malkovich, Helen Mirren <\/strong>sek\u00e4<strong> Catherine Zeta-Jones.<\/strong><\/p>\n<p>Lue my\u00f6s: <a href=\"https:\/\/www.episodi.fi\/uutiset\/nayttelijalegenda-udo-kier-on-kuollut\/\" title=\"N\u00e4yttelij\u00e4legenda Udo Kier on kuollut\" class=\"underline-custom !font-montserrat !font-bold !underline-offset-4 !decoration-4 !decoration-episodi-blue !text-md\" rel=\"nofollow noopener\" target=\"_blank\">N\u00e4yttelij\u00e4legenda Udo Kier on kuollut<\/a><\/p>\n<p>Britannian tiukkojen aselakien vuoksi tuotanto ei voinut tuoda maahan ison kaliiberin aseita, joita oli suunniteltu k\u00e4ytett\u00e4v\u00e4ksi siell\u00e4 teht\u00e4viss\u00e4 kohtauksissa.<\/p>\n<p>Red-elokuvasarjasta tuli sen verran menestynyt, ett\u00e4 kolmatta elokuvaa jo suunniteltiin. Sopimuskin ehdittiin tehd\u00e4. Bruce Willisin el\u00e4k\u00f6ityminen kuitenkin mit\u00e4 ilmeisimmin muutti suunnitelmia.<\/p>\n<p>Elokuva on my\u00f6s Prime Videossa ja Viaplayssa.\u00a0Alla traileri.<\/p>\n<p>Tulevat l\u00e4hetykset:<\/p>\n<ul class=\"wp-block-list\">\n<li>Pe 28.11.2025 klo 22.00, STAR Channel<\/li>\n<\/ul>\n<p>Lue my\u00f6s: <a href=\"https:\/\/www.episodi.fi\/uutiset\/tiesitko-tata-bruce-willis-paisutti-pulp-fictionin-budjettia-ja-elokuva-tienasi-miljoonia-jo-ennen-ensi-iltaansa\/\" title=\"Tiesitk\u00f6 t\u00e4t\u00e4? Bruce Willis paisutti Pulp Fictionin budjettia \u2013 ja elokuva tienasi miljoonia jo ennen ensi-iltaansa\" class=\"underline-custom !font-montserrat !font-bold !underline-offset-4 !decoration-4 !decoration-episodi-blue !text-md\" rel=\"nofollow noopener\" target=\"_blank\">Tiesitk\u00f6 t\u00e4t\u00e4? Bruce Willis paisutti Pulp Fictionin budjettia \u2013 ja elokuva tienasi miljoonia jo ennen ensi-iltaansa<\/a><\/p>\n<p>Lue my\u00f6s: <a href=\"https:\/\/www.episodi.fi\/?post_type=uutiset&amp;p=248633\" title=\"Netflixist\u00e4 poistuu viiden t\u00e4hden leffa, joka vet\u00e4\u00e4 sanattomaksi! \u201dH\u00e4ik\u00e4isev\u00e4 toimintatrilleri\u201d\" class=\"underline-custom !font-montserrat !font-bold !underline-offset-4 !decoration-4 !decoration-episodi-blue !text-md\" rel=\"nofollow noopener\" target=\"_blank\">Netflixist\u00e4 poistuu viiden t\u00e4hden leffa, joka vet\u00e4\u00e4 sanattomaksi! \u201dH\u00e4ik\u00e4isev\u00e4 toimintatrilleri\u201d<\/a><\/p>\n<p>Lue my\u00f6s: <a href=\"https:\/\/www.episodi.fi\/?post_type=uutiset&amp;p=249056\" title=\"Nyt HBO Maxissa: Paras Stephen King -leffa? Nappasi nelj\u00e4 Oscar-ehdokkuutta\" class=\"underline-custom !font-montserrat !font-bold !underline-offset-4 !decoration-4 !decoration-episodi-blue !text-md\" rel=\"nofollow noopener\" target=\"_blank\">Nyt HBO Maxissa: Paras Stephen King -leffa? Nappasi nelj\u00e4 Oscar-ehdokkuutta<\/a><\/p>\n<p><img loading=\"lazy\" decoding=\"async\" alt=\"YouTube video\" width=\"480\" height=\"360\" data-pin-nopin=\"true\" nopin=\"nopin\" class=\"perfmatters-lazy\" src=\"https:\/\/www.europesays.com\/fi\/wp-content\/uploads\/2025\/11\/1764317289_926_hqdefault.jpg\"\/><\/p>\n<p>L\u00e4hde: <a href=\"https:\/\/www.imdb.com\/title\/tt1821694\/trivia\/?ref_=tt_ql_3\" target=\"_blank\" rel=\"noreferrer noopener nofollow\">IMDb<\/a><\/p>\n<p>Lue my\u00f6s: <a href=\"https:\/\/www.episodi.fi\/uutiskirje\/?uutiskirjemainos=tekstilinkkimainos\" title=\"Tilaa Episodin uutiskirje ja voit voittaa leffalippuja! Nappaa tv-vinkit suoraan s\u00e4hk\u00f6postiin t\u00e4st\u00e4.\" class=\"underline-custom !font-montserrat !font-bold !underline-offset-4 !decoration-4 !decoration-episodi-blue !text-md\" rel=\"nofollow noopener\" target=\"_blank\">Tilaa Episodin uutiskirje ja voit voittaa leffalippuja! Nappaa katseluvinkit suoraan s\u00e4hk\u00f6postiin t\u00e4st\u00e4.<\/a><\/p>\n","protected":false},"excerpt":{"rendered":"Illan tv-viihteess\u00e4 on hyv\u00e4ntuulista toimintakomediaa, sill\u00e4 Red 2 (2013) esitet\u00e4\u00e4n pienest\u00e4 ruudusta. Entinen CIA-agentti Frank Moses nauttii rauhallisista&hellip;\n","protected":false},"author":2,"featured_media":102157,"comment_status":"","ping_status":"","sticky":false,"template":"","format":"standard","meta":{"footnotes":""},"categories":[133],"tags":[137,33,31,30,32,206,139,156,109],"class_list":{"0":"post-102156","1":"post","2":"type-post","3":"status-publish","4":"format-standard","5":"has-post-thumbnail","7":"category-televisiot","8":"tag-entertainment","9":"tag-fi","10":"tag-finland","11":"tag-finnish","12":"tag-suomi","13":"tag-televisiot","14":"tag-tv-ohjelmat","15":"tag-tv","16":"tag-viihde"},"share_on_mastodon":{"url":"https:\/\/pubeurope.com\/@fi\/115626305711684871","error":""},"_links":{"self":[{"href":"https:\/\/www.europesays.com\/fi\/wp-json\/wp\/v2\/posts\/102156","targetHints":{"allow":["GET"]}}],"collection":[{"href":"https:\/\/www.europesays.com\/fi\/wp-json\/wp\/v2\/posts"}],"about":[{"href":"https:\/\/www.europesays.com\/fi\/wp-json\/wp\/v2\/types\/post"}],"author":[{"embeddable":true,"href":"https:\/\/www.europesays.com\/fi\/wp-json\/wp\/v2\/users\/2"}],"replies":[{"embeddable":true,"href":"https:\/\/www.europesays.com\/fi\/wp-json\/wp\/v2\/comments?post=102156"}],"version-history":[{"count":0,"href":"https:\/\/www.europesays.com\/fi\/wp-json\/wp\/v2\/posts\/102156\/revisions"}],"wp:featuredmedia":[{"embeddable":true,"href":"https:\/\/www.europesays.com\/fi\/wp-json\/wp\/v2\/media\/102157"}],"wp:attachment":[{"href":"https:\/\/www.europesays.com\/fi\/wp-json\/wp\/v2\/media?parent=102156"}],"wp:term":[{"taxonomy":"category","embeddable":true,"href":"https:\/\/www.europesays.com\/fi\/wp-json\/wp\/v2\/categories?post=102156"},{"taxonomy":"post_tag","embeddable":true,"href":"https:\/\/www.europesays.com\/fi\/wp-json\/wp\/v2\/tags?post=102156"}],"curies":[{"name":"wp","href":"https:\/\/api.w.org\/{rel}","templated":true}]}}