{"id":102160,"date":"2025-11-28T08:10:15","date_gmt":"2025-11-28T08:10:15","guid":{"rendered":"https:\/\/www.europesays.com\/fi\/102160\/"},"modified":"2025-11-28T08:10:15","modified_gmt":"2025-11-28T08:10:15","slug":"nyt-ilmaiskatselussa-psykologista-kauhua-mysteerinen-kylpyla-katkee-jarkyttavia-salaisuuksia","status":"publish","type":"post","link":"https:\/\/www.europesays.com\/fi\/102160\/","title":{"rendered":"Nyt ilmaiskatselussa psykologista kauhua: Mysteerinen kylpyl\u00e4 k\u00e4tkee j\u00e4rkytt\u00e4vi\u00e4 salaisuuksia"},"content":{"rendered":"<p>Lockhart on kunnianhimoinen nuorimies, joka saa erikoisen teht\u00e4v\u00e4n. H\u00e4nen on matkustettava sveitsil\u00e4iseen pikkukaupunkiin noutamaan ty\u00f6skentelem\u00e4ns\u00e4 firman toimitusjohtaja takaisin Yhdysvaltoihin \u2013 t\u00e4m\u00e4 kun on l\u00e4htenyt alppikylpyl\u00e4\u00e4n hoitoon, eik\u00e4 suostu en\u00e4\u00e4 poistumaan sielt\u00e4.<\/p>\n<p>Perille p\u00e4\u00e4sty\u00e4\u00e4n Lockhart havaitsee kylpyl\u00e4n oudon suljetuksi yhteis\u00f6ksi, jonka potilaat vaikuttavat ajautuneen omituisen hoito-ohjelman pauloihin.<\/p>\n<p>Mit\u00e4 pidemm\u00e4lle Lockhart tutkii paikkaa, sit\u00e4 selvemm\u00e4ksi k\u00e4y, ettei mik\u00e4\u00e4n ole sit\u00e4 milt\u00e4 n\u00e4ytt\u00e4\u00e4. Kylpyl\u00e4n historia, sen synk\u00e4t salaisuudet ja johtajan omalaatuiset hoitomenetelm\u00e4t kietoutuvat psykologiseksi painajaiseksi.<\/p>\n<p><strong>Gore Verbinskin<\/strong> (The Ring, 2002) ohjaama A Cure for Wellness (2016) on visuaalisesti kylm\u00e4\u00e4v\u00e4n kaunis psykologinen kauhuel\u00e4mys. Fright Meter Awards -palkinnon parhaasta kuvauksesta saaneen elokuvan p\u00e4\u00e4osissa n\u00e4yttelev\u00e4t <strong>Dane DeHaan<\/strong>, <strong>Jason Isaacs<\/strong> ja <strong>Mia Goth<\/strong>.<\/p>\n<p>T\u00e4m\u00e4n kauhuelokuvan voi katsoa nyt ilmaiseksi Rakuten TV:ss\u00e4. Suoratoistoon on valittavissa suomitekstit ja \u00e4\u00e4niraidaksi joko 5.1 tai 2.0.<\/p>\n<p>Lue my\u00f6s: <a href=\"https:\/\/www.episodi.fi\/uutiset\/nyt-ilmaiskatselussa-tutkijaryhman-reissu-muuttuu-painajaiseksi-demoni-ottaa-heidat-valtaansa\/\" title=\"Nyt ilmaiskatselussa: Tutkijaryhm\u00e4n reissu muuttuu painajaiseksi \u2013 demoni ottaa heid\u00e4t valtaansa\" class=\"underline-custom !font-montserrat !font-bold !underline-offset-4 !decoration-4 !decoration-episodi-blue !text-md\" rel=\"nofollow noopener\" target=\"_blank\">Nyt ilmaiskatselussa: Tutkijaryhm\u00e4n reissu muuttuu painajaiseksi \u2013 demoni ottaa heid\u00e4t valtaansa<\/a><\/p>\n<p>Katso A Cure for Wellness <a href=\"https:\/\/www.rakuten.tv\/fi?content_type=movies&amp;content_id=a-cure-for-wellness\" target=\"_blank\" rel=\"noreferrer noopener nofollow\">t\u00e4\u00e4ll\u00e4<\/a>. Elokuvan ik\u00e4raja on K-16 ja sen kesto oli Episodin katselussa 148 minuuttia mainoksien kera. Huomioi, ett\u00e4 mainoksien m\u00e4\u00e4r\u00e4 voi vaihdella katselukohtaisesti.<\/p>\n<p><img loading=\"lazy\" decoding=\"async\" alt=\"YouTube video\" width=\"480\" height=\"360\" data-pin-nopin=\"true\" nopin=\"nopin\" class=\"perfmatters-lazy\" src=\"https:\/\/www.europesays.com\/fi\/wp-content\/uploads\/2025\/08\/1754893391_566_hqdefault.jpg\"\/><\/p>\n<p>Lue my\u00f6s: <a href=\"https:\/\/www.episodi.fi\/uutiset\/viela-hetken-ilmaiskatselussa-todellisuuden-hajottava-unenomainen-matka-david-lynchin-surrealismia-parhaimmillaan\/\" title=\"Viel\u00e4 hetken ilmaiskatselussa: Todellisuuden hajottava unenomainen matka \u2013 David Lynchin surrealismia parhaimmillaan\" class=\"underline-custom !font-montserrat !font-bold !underline-offset-4 !decoration-4 !decoration-episodi-blue !text-md\" rel=\"nofollow noopener\" target=\"_blank\">Viel\u00e4 hetken ilmaiskatselussa: Todellisuuden hajottava unenomainen matka \u2013 David Lynchin surrealismia parhaimmillaan<\/a><\/p>\n<p>Lue my\u00f6s: <a href=\"https:\/\/www.episodi.fi\/uutiset\/nyt-ilmaiskatselussa-murtovaras-loytaa-kidnapatun-naisen-ja-saa-peraansa-vaarallisen-psykopaatin\/\" title=\"Nyt ilmaiskatselussa: Murtovaras l\u00f6yt\u00e4\u00e4 kidnapatun naisen \u2013 ja saa per\u00e4\u00e4ns\u00e4 vaarallisen psykopaatin\" class=\"underline-custom !font-montserrat !font-bold !underline-offset-4 !decoration-4 !decoration-episodi-blue !text-md\" rel=\"nofollow noopener\" target=\"_blank\">Nyt ilmaiskatselussa: Murtovaras l\u00f6yt\u00e4\u00e4 kidnapatun naisen \u2013 ja saa per\u00e4\u00e4ns\u00e4 vaarallisen psykopaatin<\/a><\/p>\n<p>Lue my\u00f6s: <a href=\"https:\/\/www.episodi.fi\/uutiset\/nyt-ilmaiskatselussa-hyytava-psykologinen-trilleri-sigourney-weaver-kissahiirileikin-kohteena\/\" title=\"Nyt ilmaiskatselussa: Hyyt\u00e4v\u00e4 psykologinen trilleri \u2013 Sigourney Weaver kissahiirileikin kohteena\" class=\"underline-custom !font-montserrat !font-bold !underline-offset-4 !decoration-4 !decoration-episodi-blue !text-md\" rel=\"nofollow noopener\" target=\"_blank\">Nyt ilmaiskatselussa: Hyyt\u00e4v\u00e4 psykologinen trilleri \u2013 Sigourney Weaver kissahiirileikin kohteena<\/a><\/p>\n<p>Lue my\u00f6s: <a href=\"https:\/\/www.episodi.fi\/uutiskirje\/?uutiskirjemainos=tekstilinkkimainos\" title=\"Tilaa Episodin uutiskirje ja voit voittaa leffalippuja! Nappaa tv-vinkit suoraan s\u00e4hk\u00f6postiin t\u00e4st\u00e4.\" class=\"underline-custom !font-montserrat !font-bold !underline-offset-4 !decoration-4 !decoration-episodi-blue !text-md\" rel=\"nofollow noopener\" target=\"_blank\">Tilaa Episodin uutiskirje ja voit voittaa leffalippuja! Nappaa katseluvinkit suoraan s\u00e4hk\u00f6postiin t\u00e4st\u00e4.<\/a><\/p>\n<p>\t\t\t<a href=\"https:\/\/www.facebook.com\/sharer\/sharer.php?u=https:\/\/www.episodi.fi\/uutiset\/nyt-ilmaiskatselussa-psykologista-kauhua-mysteerinen-kylpyla-katkee-jarkyttavia-salaisuuksia\/\" target=\"_blank\" class=\"block px-4 py-2 text-sm text-gray-800 border-b hover:bg-gray-200\" rel=\"nofollow noopener\"><\/p>\n<p>\t\t\t\tFacebook<br \/>\n\t\t\t<\/a><br \/>\n\t\t\t<a href=\"https:\/\/twitter.com\/intent\/tweet?text=https:\/\/www.episodi.fi\/uutiset\/nyt-ilmaiskatselussa-psykologista-kauhua-mysteerinen-kylpyla-katkee-jarkyttavia-salaisuuksia\/\" target=\"_blank\" class=\"block px-4 py-2 text-sm text-gray-800 border-b hover:bg-gray-200\" rel=\"nofollow noopener\"><\/p>\n<p>\t\t\t\tTwitter<br \/>\n\t\t\t<\/a><br \/>\n\t\t\t<a href=\"mailto:?subject=Nyt ilmaiskatselussa psykologista kauhua: Mysteerinen kylpyl\u00e4 k\u00e4tkee j\u00e4rkytt\u00e4vi\u00e4 salaisuuksia&amp;body=https:\/\/www.episodi.fi\/uutiset\/nyt-ilmaiskatselussa-psykologista-kauhua-mysteerinen-kylpyla-katkee-jarkyttavia-salaisuuksia\/\" target=\"_blank\" class=\"block px-4 py-2 text-sm text-gray-800 border-b hover:bg-gray-200\"><\/p>\n<p>\t\t\t\tS\u00e4hk\u00f6posti<\/a><\/p>\n<p>\t\t\t\t<script async src=\"https:\/\/platform.twitter.com\/widgets.js\" charset=\"utf-8\"><\/script><\/p>\n","protected":false},"excerpt":{"rendered":"Lockhart on kunnianhimoinen nuorimies, joka saa erikoisen teht\u00e4v\u00e4n. H\u00e4nen on matkustettava sveitsil\u00e4iseen pikkukaupunkiin noutamaan ty\u00f6skentelem\u00e4ns\u00e4 firman toimitusjohtaja takaisin&hellip;\n","protected":false},"author":2,"featured_media":102161,"comment_status":"","ping_status":"","sticky":false,"template":"","format":"standard","meta":{"footnotes":""},"categories":[131],"tags":[19507,155,137,33,173,31,30,8179,15591,17244,172,500,32,109],"class_list":{"0":"post-102160","1":"post","2":"type-post","3":"status-publish","4":"format-standard","5":"has-post-thumbnail","7":"category-elokuvat","8":"tag-dane-dehaan","9":"tag-elokuvat","10":"tag-entertainment","11":"tag-fi","12":"tag-film","13":"tag-finland","14":"tag-finnish","15":"tag-gore-verbinski","16":"tag-jason-isaacs","17":"tag-mia-goth","18":"tag-movies","19":"tag-rakuten-tv","20":"tag-suomi","21":"tag-viihde"},"share_on_mastodon":{"url":"https:\/\/pubeurope.com\/@fi\/115626313409750177","error":""},"_links":{"self":[{"href":"https:\/\/www.europesays.com\/fi\/wp-json\/wp\/v2\/posts\/102160","targetHints":{"allow":["GET"]}}],"collection":[{"href":"https:\/\/www.europesays.com\/fi\/wp-json\/wp\/v2\/posts"}],"about":[{"href":"https:\/\/www.europesays.com\/fi\/wp-json\/wp\/v2\/types\/post"}],"author":[{"embeddable":true,"href":"https:\/\/www.europesays.com\/fi\/wp-json\/wp\/v2\/users\/2"}],"replies":[{"embeddable":true,"href":"https:\/\/www.europesays.com\/fi\/wp-json\/wp\/v2\/comments?post=102160"}],"version-history":[{"count":0,"href":"https:\/\/www.europesays.com\/fi\/wp-json\/wp\/v2\/posts\/102160\/revisions"}],"wp:featuredmedia":[{"embeddable":true,"href":"https:\/\/www.europesays.com\/fi\/wp-json\/wp\/v2\/media\/102161"}],"wp:attachment":[{"href":"https:\/\/www.europesays.com\/fi\/wp-json\/wp\/v2\/media?parent=102160"}],"wp:term":[{"taxonomy":"category","embeddable":true,"href":"https:\/\/www.europesays.com\/fi\/wp-json\/wp\/v2\/categories?post=102160"},{"taxonomy":"post_tag","embeddable":true,"href":"https:\/\/www.europesays.com\/fi\/wp-json\/wp\/v2\/tags?post=102160"}],"curies":[{"name":"wp","href":"https:\/\/api.w.org\/{rel}","templated":true}]}}