{"id":102164,"date":"2025-11-28T08:13:07","date_gmt":"2025-11-28T08:13:07","guid":{"rendered":"https:\/\/www.europesays.com\/fi\/102164\/"},"modified":"2025-11-28T08:13:07","modified_gmt":"2025-11-28T08:13:07","slug":"erikoisjoukkoihin-uusi-kouluttaja-vilho-ahola","status":"publish","type":"post","link":"https:\/\/www.europesays.com\/fi\/102164\/","title":{"rendered":"Erikoisjoukkoihin uusi kouluttaja Vilho Ahola"},"content":{"rendered":"<p>Erikoisjoukot-sarjan kouluttajien joukko kasvaa uudella hahmolla.<\/p>\n<p class=\"article-body mb-nof-24 px-nof-16\">Ensi kev\u00e4\u00e4n\u00e4 Nelosen Erikoisjoukot-tosi-tv-sarjassa kokelaita kouluttaa uusi hahmo, kun psyykkisen valmennuksen asiantuntija <a class=\"article-personlink\" href=\"https:\/\/www.is.fi\/haku\/?query=Vilho%20Ahola\" rel=\"nofollow noopener\" target=\"_blank\">Vilho Ahola<\/a> liittyy kouluttajien joukkoon.<\/p>\n<p class=\"article-body mb-nof-24 px-nof-16\">Nelosen tiedotteessa kuvaillaan, ett\u00e4 psyykkisen valmennuksen asiantuntijan teht\u00e4v\u00e4 on \u201dauttaa kokelaita nostamaan riman entist\u00e4kin korkeammalle\u201d.<\/p>\n<p class=\"article-body mb-nof-24 px-nof-16\">Neloselta kerrotaan Ilta-Sanomille, ett\u00e4 Ahola on koulutukseltaan koulutukseltaan muun muassa l\u00e4\u00e4ketieteen lisensiaatti ja tohtoriopiskelija sek\u00e4 kognitiivinen lyhytterapeutti. H\u00e4n ty\u00f6skentelee unil\u00e4\u00e4ketieteen asiantuntijana sek\u00e4 palautumisvalmentajana. H\u00e4nell\u00e4 on my\u00f6s kokemusta Ukrainassa sotineiden suomalaisten tukemisesta.<\/p>\n<p class=\"article-body mb-nof-24 px-nof-16\">Ahola kuvailee Instagramissaan olevansa my\u00f6s ty\u00f6terveysl\u00e4\u00e4k\u00e4ri ja kliininen seksologi.<\/p>\n<p class=\"article-body mb-nof-24 px-nof-16\">Ahola tulee ohjelmassa keskittym\u00e4\u00e4n erityisesti kokelaiden henkiseen jaksamiseen leirin l\u00e4\u00e4k\u00e4rin <a class=\"article-personlink\" href=\"https:\/\/www.is.fi\/haku\/?query=Antti%20Oksasen\" rel=\"nofollow noopener\" target=\"_blank\">Antti Oksasen<\/a> kanssa.<\/p>\n<p class=\"article-body mb-nof-24 px-nof-16\">Aholan Instagramistaan selvi\u00e4\u00e4, ett\u00e4 h\u00e4n on aiemmin valmentanut ex-painonnostaja <a class=\"article-personlink\" href=\"https:\/\/www.is.fi\/haku\/?query=Anni%20Vuohijokea\" rel=\"nofollow noopener\" target=\"_blank\">Anni Vuohijokea<\/a>, jonka kanssa Ahola on my\u00f6s julkaissut selfien viime vuonna.<\/p>\n<p class=\"article-body mb-nof-24 px-nof-16\">\u2013 En valmenna en\u00e4\u00e4 usein, mutta kun olympiaurheilija pyyt\u00e4\u00e4, niin teen poikkeuksen. Laitetaan mamma takaisin kuntoon, Ahola kirjoittaa englanniksi.<\/p>\n<p class=\"article-body nof-ui-body-medium mb-nof-24 px-nof-16\">Erikoisjoukkojen viides kausi n\u00e4hd\u00e4\u00e4n Nelosella helmikuussa. Ilta-Sanomat ja Nelonen kuuluvat samaan Sanoma-konserniin.<\/p>\n","protected":false},"excerpt":{"rendered":"Erikoisjoukot-sarjan kouluttajien joukko kasvaa uudella hahmolla. Ensi kev\u00e4\u00e4n\u00e4 Nelosen Erikoisjoukot-tosi-tv-sarjassa kokelaita kouluttaa uusi hahmo, kun psyykkisen valmennuksen asiantuntija&hellip;\n","protected":false},"author":2,"featured_media":102165,"comment_status":"","ping_status":"","sticky":false,"template":"","format":"standard","meta":{"footnotes":""},"categories":[130],"tags":[137,33,31,30,34,32,109],"class_list":{"0":"post-102164","1":"post","2":"type-post","3":"status-publish","4":"format-standard","5":"has-post-thumbnail","7":"category-viihde","8":"tag-entertainment","9":"tag-fi","10":"tag-finland","11":"tag-finnish","12":"tag-ilta-sanomat","13":"tag-suomi","14":"tag-viihde"},"share_on_mastodon":{"url":"https:\/\/pubeurope.com\/@fi\/115626325002983904","error":""},"_links":{"self":[{"href":"https:\/\/www.europesays.com\/fi\/wp-json\/wp\/v2\/posts\/102164","targetHints":{"allow":["GET"]}}],"collection":[{"href":"https:\/\/www.europesays.com\/fi\/wp-json\/wp\/v2\/posts"}],"about":[{"href":"https:\/\/www.europesays.com\/fi\/wp-json\/wp\/v2\/types\/post"}],"author":[{"embeddable":true,"href":"https:\/\/www.europesays.com\/fi\/wp-json\/wp\/v2\/users\/2"}],"replies":[{"embeddable":true,"href":"https:\/\/www.europesays.com\/fi\/wp-json\/wp\/v2\/comments?post=102164"}],"version-history":[{"count":0,"href":"https:\/\/www.europesays.com\/fi\/wp-json\/wp\/v2\/posts\/102164\/revisions"}],"wp:featuredmedia":[{"embeddable":true,"href":"https:\/\/www.europesays.com\/fi\/wp-json\/wp\/v2\/media\/102165"}],"wp:attachment":[{"href":"https:\/\/www.europesays.com\/fi\/wp-json\/wp\/v2\/media?parent=102164"}],"wp:term":[{"taxonomy":"category","embeddable":true,"href":"https:\/\/www.europesays.com\/fi\/wp-json\/wp\/v2\/categories?post=102164"},{"taxonomy":"post_tag","embeddable":true,"href":"https:\/\/www.europesays.com\/fi\/wp-json\/wp\/v2\/tags?post=102164"}],"curies":[{"name":"wp","href":"https:\/\/api.w.org\/{rel}","templated":true}]}}