{"id":102179,"date":"2025-11-28T08:36:08","date_gmt":"2025-11-28T08:36:08","guid":{"rendered":"https:\/\/www.europesays.com\/fi\/102179\/"},"modified":"2025-11-28T08:36:08","modified_gmt":"2025-11-28T08:36:08","slug":"eleanor-the-great-scarlett-johanssonin-esikoisohjaus-ja-june-squibbin-loistava-rooli","status":"publish","type":"post","link":"https:\/\/www.europesays.com\/fi\/102179\/","title":{"rendered":"Eleanor the Great: Scarlett Johanssonin esikoisohjaus ja June Squibbin loistava rooli"},"content":{"rendered":"<p>\n            Eleanor the Great. Kuva: Anne Joyce<br \/>\n            Anne Joyce\n        <\/p>\n<p class=\"subtitle \">Eleanor the Great saa ensi-iltansa elokuvateattereissa perjantaina 28. marraskuuta.<\/p>\n<p>Eleanor the Great<\/p>\n<p class=\"article-content article-content-width !bg-background\">Draama <\/p>\n<p class=\"article-content article-content-width !bg-background\">Jo vuoden 2024 Thelma-elokuvassa mahtavaa ty\u00f6t\u00e4 tehnyt , 96, ylt\u00e4\u00e4 l\u00e4hes yht\u00e4 briljanttiin p\u00e4\u00e4rooliin  tasapaksussa esikoisohjauksessa.<\/p>\n<p class=\"font-weight-bold m-font-weight-bold italic m-italic article-content article-content-width !bg-background\">Arkistovideo: Leena Uotila vastaa kysymyksiin<\/p>\n<p class=\"article-content article-content-width !bg-background\">Kun 94-vuotiaan Eleanorin paras yst\u00e4v\u00e4 ja k\u00e4mpp\u00e4kaveri viimeisen 11 vuoden ajalta kuolee, muuttaa aktiivinen ja el\u00e4m\u00e4niloinen mummeli Floridan auringosta tytt\u00e4rens\u00e4 perheen luokse New Yorkiin.<\/p>\n<p class=\"article-content article-content-width !bg-background\">Er\u00e4\u00e4n\u00e4 p\u00e4iv\u00e4n\u00e4 Eleanor p\u00e4\u00e4tyy vahingossa holokaustiselviytyjien vertaistukiryhm\u00e4\u00e4n ja jakaa yst\u00e4v\u00e4ns\u00e4 tarinan omanaan. Koskettava kertomus kiinnitt\u00e4\u00e4 nuoren journalistiopiskelijan huomion, eik\u00e4 aikaakaan, kun uudesta yst\u00e4vyydest\u00e4 ilahtunut Eleanor p\u00e4\u00e4tyy tahtomattaan ruokkimaan lis\u00e4\u00e4 valhetta. Lopulta paluu totuuteen on peruuttamattoman kaukana.<\/p>\n<p>        <a itemprop=\"url\" href=\"https:\/\/www.seiska.fi\/katso\/scarlett-johansson-ei-koe-olevansa-enaa-pelkka-lihapala-olen-sinut-seksuaalisuuteni-kanssa\/1529123\" rel=\"nofollow noopener\" target=\"_blank\"><\/p>\n<p class=\"section-date\">\n        <strong class=\"article-section\" data-section=\"katso\"><br \/>\n            katso<br \/>\n        <\/strong><br \/>\n        22.11.2024 16:25\n    <\/p>\n<p>Scarlett Johansson ei koe olevansa en\u00e4\u00e4 pelkk\u00e4 lihapala: \u201dOlen sinut seksuaalisuuteni kanssa\u201d\n    <\/p>\n<p itemprop=\"description\" class=\"subtitle \">\n    T\u00e4n\u00e4\u00e4n 40 vuotta t\u00e4ytt\u00e4v\u00e4 t\u00e4hti sanoo muuttuneensa paljon viimeisen kymmenen vuoden aikana.\n<\/p>\n<p>        <\/a><\/p>\n<p>                <img decoding=\"async\" src=\"https:\/\/www.europesays.com\/fi\/wp-content\/uploads\/2025\/11\/1998938.webp\" width=\"576\" height=\"274\" alt=\"Scarlett Johansson ohjaa elokuvaa Eleanor the Great.\" loading=\"lazy\" \/>            <\/p>\n<p>\n            Scarlett Johansson ohjaa elokuvaa Eleanor the Great.<br \/>\n            Sony Pictures Classics\n        <\/p>\n<p>Kansallinen aarre<\/p>\n<p class=\"article-content article-content-width !bg-background\">Eleanor the Greatin tarina liian isoksi kasvavasta, surun ja yksin\u00e4isyyden vuoksi kerrotusta valheesta koskettaa perustaltaan, mutta itse kerronta j\u00e4\u00e4 sentimentaalisen tv-elokuvan tasolle. Johansson ei mill\u00e4\u00e4n tasolla loista ohjaajana, vaan tyytyy kertomaan tarinan hyvin yksioikoisella, tunteita tylp\u00e4sti paukuttavalla tavalla.<\/p>\n<p>        <a itemprop=\"url\" href=\"https:\/\/www.seiska.fi\/katso\/tekoalynayttelija-raivostutti-hollywoodin\/1949332\" rel=\"nofollow noopener\" target=\"_blank\"><\/p>\n<p>\nTeko\u00e4lyll\u00e4 luotiin n\u00e4yttelij\u00e4\n<\/p>\n<p class=\"section-date\">\n        <strong class=\"article-section\" data-section=\"katso\"><br \/>\n            katso<br \/>\n        <\/strong><br \/>\n        2.10. 17:15\n    <\/p>\n<p>Teko\u00e4lyn\u00e4yttelij\u00e4 raivostutti Hollywoodin\n    <\/p>\n<p itemprop=\"description\" class=\"subtitle \">\n    Lukuisat t\u00e4hdet ovat tuominneet tietokoneella luodun esiintyj\u00e4n.\n<\/p>\n<p>        <\/a><\/p>\n<p class=\"article-content article-content-width !bg-background\">Squibb on kuitenkin p\u00e4\u00e4osassa mahtava ja tarjoaa yksist\u00e4\u00e4n syyn n\u00e4hd\u00e4 elokuva. Vastaavat p\u00e4\u00e4roolit l\u00e4hes satavuotiaille n\u00e4yttelij\u00f6ille ovat harvinaisia, mutta toki niin ovat my\u00f6s Squibbin kaltaiset kansalliset aarteet.<\/p>\n<p class=\"article-content article-content-width !bg-background\"> (USA 2025). 99 min.<\/p>\n<p>        <a itemprop=\"url\" href=\"https:\/\/www.seiska.fi\/katso\/elokuva-arvostelu-herttainen-mummo-muuttuu-toimintasankariksi-thelma-komediassa-1\/1546964\" rel=\"nofollow noopener\" target=\"_blank\"><\/p>\n<p class=\"section-date\">\n        <strong class=\"article-section\" data-section=\"katso\"><br \/>\n            katso<br \/>\n        <\/strong><br \/>\n        25.12.2024 16:15\n    <\/p>\n<p>Elokuva-arvostelu: Herttainen mummo muuttuu toimintasankariksi Thelma-komediassa\n    <\/p>\n<p itemprop=\"description\" class=\"subtitle \">\n    Yksi n\u00e4yttelij\u00f6ist\u00e4 menehtyi ennen elokuvan ensi-iltaa.\n<\/p>\n<p>        <\/a><\/p>\n","protected":false},"excerpt":{"rendered":"Eleanor the Great. Kuva: Anne Joyce Anne Joyce Eleanor the Great saa ensi-iltansa elokuvateattereissa perjantaina 28. marraskuuta. Eleanor&hellip;\n","protected":false},"author":2,"featured_media":102180,"comment_status":"","ping_status":"","sticky":false,"template":"","format":"standard","meta":{"footnotes":""},"categories":[131],"tags":[7869,19512,155,1419,137,19511,33,173,31,30,17434,2874,172,2875,32,19513,109],"class_list":{"0":"post-102179","1":"post","2":"type-post","3":"status-publish","4":"format-standard","5":"has-post-thumbnail","7":"category-elokuvat","8":"tag-draamaelokuva","9":"tag-eleanor-the-great","10":"tag-elokuvat","11":"tag-ensi-ilta","12":"tag-entertainment","13":"tag-esikoisohjaus","14":"tag-fi","15":"tag-film","16":"tag-finland","17":"tag-finnish","18":"tag-holokausti","19":"tag-june-squibb","20":"tag-movies","21":"tag-scarlett-johansson","22":"tag-suomi","23":"tag-valhe","24":"tag-viihde"},"share_on_mastodon":{"url":"https:\/\/pubeurope.com\/@fi\/115626415592350971","error":""},"_links":{"self":[{"href":"https:\/\/www.europesays.com\/fi\/wp-json\/wp\/v2\/posts\/102179","targetHints":{"allow":["GET"]}}],"collection":[{"href":"https:\/\/www.europesays.com\/fi\/wp-json\/wp\/v2\/posts"}],"about":[{"href":"https:\/\/www.europesays.com\/fi\/wp-json\/wp\/v2\/types\/post"}],"author":[{"embeddable":true,"href":"https:\/\/www.europesays.com\/fi\/wp-json\/wp\/v2\/users\/2"}],"replies":[{"embeddable":true,"href":"https:\/\/www.europesays.com\/fi\/wp-json\/wp\/v2\/comments?post=102179"}],"version-history":[{"count":0,"href":"https:\/\/www.europesays.com\/fi\/wp-json\/wp\/v2\/posts\/102179\/revisions"}],"wp:featuredmedia":[{"embeddable":true,"href":"https:\/\/www.europesays.com\/fi\/wp-json\/wp\/v2\/media\/102180"}],"wp:attachment":[{"href":"https:\/\/www.europesays.com\/fi\/wp-json\/wp\/v2\/media?parent=102179"}],"wp:term":[{"taxonomy":"category","embeddable":true,"href":"https:\/\/www.europesays.com\/fi\/wp-json\/wp\/v2\/categories?post=102179"},{"taxonomy":"post_tag","embeddable":true,"href":"https:\/\/www.europesays.com\/fi\/wp-json\/wp\/v2\/tags?post=102179"}],"curies":[{"name":"wp","href":"https:\/\/api.w.org\/{rel}","templated":true}]}}