{"id":102195,"date":"2025-11-28T09:04:13","date_gmt":"2025-11-28T09:04:13","guid":{"rendered":"https:\/\/www.europesays.com\/fi\/102195\/"},"modified":"2025-11-28T09:04:13","modified_gmt":"2025-11-28T09:04:13","slug":"teksti-tv-koitui-pommiin-nukkuneen-kimmo-porttilan-pelastukseksi-urheilu","status":"publish","type":"post","link":"https:\/\/www.europesays.com\/fi\/102195\/","title":{"rendered":"Teksti-TV koitui pommiin nukkuneen Kimmo Porttilan pelastukseksi | Urheilu"},"content":{"rendered":"<p class=\"aw-1gybjub aw-1p7kakr kEtdKx cEmitX yle__article__paragraph\">El\u00e4m\u00e4ni moka -juttusarjassa julkisuudesta tuttu ihminen kertoo nolosta virheest\u00e4\u00e4n. T\u00e4ll\u00e4 kertaa mokansa paljastaa urheiluselostaja Kimmo Porttila.<\/p>\n<p class=\"aw-1gybjub aw-1p7kakr kEtdKx cEmitX yle__article__paragraph\">\u201dMokani on kaksiosainen. Elettiin 2000-lukua ja olin ollut alalla vasta muutaman vuoden. Koulussa oli opetettu alan ensimm\u00e4inen s\u00e4\u00e4nt\u00f6: \u00e4l\u00e4 my\u00f6h\u00e4sty suorasta l\u00e4hetyksest\u00e4.<\/p>\n<p class=\"aw-1gybjub aw-1p7kakr kEtdKx cEmitX yle__article__paragraph\">Juonsin Ylell\u00e4 Urheiluradiota, ja l\u00e4hetyksi\u00e4 oli tietyin v\u00e4liajoin. V\u00e4lill\u00e4 tuli my\u00f6s ylim\u00e4\u00e4r\u00e4inen Urheiluradio esimerkiksi jonkin rallin takia, ett\u00e4 tilanne p\u00e4ivitet\u00e4\u00e4n.<\/p>\n<p class=\"aw-1gybjub aw-1p7kakr kEtdKx cEmitX yle__article__paragraph\">Tuli hetki, ett\u00e4 olin vet\u00e4nyt yhden l\u00e4hetyksen ja haahuilin jossain k\u00e4yt\u00e4vill\u00e4. Taustalla soi Radio Suomi ja yht\u00e4kki\u00e4 kuulen juonnon, ett\u00e4 seuraavaksi Urheiluradio.<\/p>\n<p class=\"aw-1gybjub aw-1p7kakr kEtdKx cEmitX yle__article__paragraph\">Se oli painajainen. L\u00e4hdin juoksemaan k\u00e4yt\u00e4v\u00e4\u00e4 pitkin, ja kun p\u00e4\u00e4sin studioon, juontajat olivat jatkaneet omaa l\u00e4hetyst\u00e4, kun havaitsivat, ett\u00e4 studiossa ei ollut ket\u00e4\u00e4n. Olin missannut oman l\u00e4hetyksen. En ollut katsonut aikataulusta, ett\u00e4 on ylim\u00e4\u00e4r\u00e4inen l\u00e4hetys ja jouduin siit\u00e4 tietenkin nuhteluun. Mik\u00e4 oli ihan oikein.<\/p>\n<p class=\"aw-1gybjub aw-1p7kakr kEtdKx cEmitX yle__article__paragraph\">Ei l\u00e4hetyst\u00e4 saa unohtaa, eik\u00e4 sellaista saisi tapahtua uudestaan.<\/p>\n<p class=\"aw-1gybjub aw-1p7kakr kEtdKx cEmitX yle__article__paragraph\">Seuraavalla viikolla minulla oli aamuvuoro ja her\u00e4sin himasta. Tajusin, ett\u00e4 oli vain 45 minuuttia siihen, kun aamun ensimm\u00e4inen l\u00e4hetykseni alkaisi.<\/p>\n<p class=\"aw-1gybjub aw-1p7kakr kEtdKx cEmitX yle__article__paragraph\">Asuin silloin Sipoossa ja ty\u00f6paikka oli Pasilassa.<\/p>\n<p class=\"aw-1gybjub aw-1p7kakr kEtdKx cEmitX yle__article__paragraph\">Ajattelin, ett\u00e4 jos missaan toisen l\u00e4hetyksen parin p\u00e4iv\u00e4n sis\u00e4\u00e4n, minulla ei ole t\u00f6it\u00e4 t\u00e4ll\u00e4 alalla.<\/p>\n<p class=\"aw-1gybjub aw-1p7kakr kEtdKx cEmitX yle__article__paragraph\">Hypp\u00e4sin autoon ja laitoin k\u00e4det ristiin, ett\u00e4 liikenne vet\u00e4isi. Se vetikin ihan ok, Koskelantielle asti. Kolme kilometri\u00e4 ennen Pasilaa pamahti ruuhka.<\/p>\n<p class=\"aw-1gybjub aw-1p7kakr kEtdKx cEmitX yle__article__paragraph\">Hiki alkoi virrata, l\u00e4hetyksen alkuun oli 15 minuuttia. P\u00e4\u00e4ss\u00e4 py\u00f6ri, ett\u00e4 jos olisi kolmen tonnin Cooperin kunnossa, voisin j\u00e4tt\u00e4\u00e4 auton keskelle t\u00e4h\u00e4n risteyst\u00e4 ja juosta.<\/p>\n<p class=\"aw-1gybjub aw-1p7kakr kEtdKx cEmitX yle__article__paragraph\">Se oli ihan p\u00f6lj\u00e4\u00e4, yritin etsi\u00e4 ratkaisua ep\u00e4toivoiseen tilanteeseen. Enh\u00e4n voisi j\u00e4tt\u00e4\u00e4 autoa keskelle tiet\u00e4 ja l\u00e4hte\u00e4 juoksemaan.<\/p>\n<p class=\"aw-1gybjub aw-1p7kakr kEtdKx cEmitX yle__article__paragraph\">Liikenne alkoi vet\u00e4\u00e4 ja p\u00e4\u00e4sin ajamaan auton l\u00e4helle studiota ja juoksin. Tulkoon parkkisakko jos tulee. Ehdin studioon noin kolme minuuttia ennen l\u00e4hetyksen alkua aivan heng\u00e4styneen\u00e4.<\/p>\n<p class=\"aw-1gybjub aw-1p7kakr kEtdKx cEmitX yle__article__paragraph\">Ehdin k\u00e4ynnist\u00e4\u00e4 \u00e4\u00e4nip\u00f6yd\u00e4n, ett\u00e4 l\u00e4hetys olisi teknisesti mahdollista hoitaa. Tietokonetta en ehtinyt k\u00e4ynnist\u00e4\u00e4.<\/p>\n<p class=\"aw-1gybjub aw-1p7kakr kEtdKx cEmitX yle__article__paragraph\">Ja l\u00e4hetys alkoi. En muista, oliko kyseess\u00e4 kolmen vai viiden minuutin l\u00e4hetys, mutta se tuntui puoleltatoista tunnilta.<\/p>\n<p class=\"aw-1gybjub aw-1p7kakr kEtdKx cEmitX yle__article__paragraph\">Kaikessa paniikissa olin miettinyt, pystynk\u00f6 juoksemaan Cooperin, mutta en tajunnut ett\u00e4 l\u00e4hetys pit\u00e4isi valmistella. Minulla pit\u00e4isi olla jotain uutisia, kun se on urheilu-uutisl\u00e4hetys.<\/p>\n<p class=\"aw-1gybjub aw-1p7kakr kEtdKx cEmitX yle__article__paragraph\">Muistaakseni toivotin hyv\u00e4t huomenet. T\u00e4ytin sanoilla jotain l\u00e4mpimikseni ja avasin samalla studion televisioita ja sain Teksti-TV:n p\u00e4\u00e4lle.<\/p>\n<p class=\"aw-1gybjub aw-1p7kakr kEtdKx cEmitX yle__article__paragraph\">Mahtavaa, sielt\u00e4 saisin uutisia.<\/p>\n<p class=\"aw-1gybjub aw-1p7kakr kEtdKx cEmitX yle__article__paragraph\">Valitsin NHL-sivun ja rupesin lukemaan tuloksia. Teksti-TV vain vaihtaa alasivuja automaattisesti 30 sekunnin v\u00e4lein. Eli kun olin aloittanut lukemisen, sivu vaihtui johonkin ihan muuhun, miss\u00e4 ei n\u00e4kynyt tuloksia. Piti taas odottaa 30 sekuntia, venytt\u00e4\u00e4 puhetta ja odottaa ett\u00e4 sivu vaihtuu tulossivuun.<\/p>\n<p class=\"aw-1gybjub aw-1p7kakr kEtdKx cEmitX yle__article__paragraph\">Jotenkin t\u00e4ll\u00e4 tavalla kitkutin l\u00e4hetyksen l\u00e4pi. Saavuin ty\u00f6paikalle kolme minuuttia ennen l\u00e4hetyksen alkua, kun yleens\u00e4 vaaditaan v\u00e4hint\u00e4\u00e4n tunnin valmistelu.<\/p>\n<p class=\"aw-1gybjub aw-1p7kakr kEtdKx cEmitX yle__article__paragraph\">Helpotuksen tunne oli aika suuri siin\u00e4 vaiheessa, kun tajusin selvinneeni. Kukaan pomo ei huomannut tai tiennyt t\u00e4st\u00e4. Onneksi rikos on jo vanhentunut, niin voin paljastaa sen.<\/p>\n<p class=\"aw-1gybjub aw-1p7kakr kEtdKx cEmitX yle__article__paragraph\">Tilanne j\u00e4i kummittelemaan. Olin rikkonut alan s\u00e4\u00e4nt\u00f6\u00e4 numero yksi kerran ja meinasin tehd\u00e4 samalla lailla toisen kerran. Triplatarkistin kaikki l\u00e4hetykset, ett\u00e4 olenhan muistanut kaiken. Her\u00e4tyskellojen asettaminen ja varmistelu meni jossain vaiheessa jopa v\u00e4h\u00e4n neuroottisuuden puolelle.<\/p>\n<p class=\"aw-1gybjub aw-1p7kakr kEtdKx cEmitX yle__article__paragraph\">Edelleen n\u00e4en painajaisia, etten ehdi l\u00e4hetykseen tai kuulen k\u00e4yt\u00e4v\u00e4ll\u00e4, ett\u00e4 nyt on Urheiluradion vuoro ja juoksen loputtomia k\u00e4yt\u00e4vi\u00e4 pitkin l\u00f6yt\u00e4m\u00e4tt\u00e4 ikin\u00e4 studiota.<\/p>\n<p class=\"aw-1gybjub aw-1p7kakr kEtdKx cEmitX yle__article__paragraph\">Nuorempana sit\u00e4 luuli, ett\u00e4 jos mokaa, niin se vaikuttaa ratkaisevasti el\u00e4m\u00e4n suuntaan. Varsinkin siin\u00e4 hetkess\u00e4 ajatteli ett\u00e4 koko ura ja el\u00e4m\u00e4 on siit\u00e4 kiinni. Ett\u00e4 jos my\u00f6h\u00e4styn, niin se on goodbye.<\/p>\n<p class=\"aw-1gybjub aw-1p7kakr kEtdKx cEmitX yle__article__paragraph\">Todellisuudessa ihmiset loppujen lopuksi saavat uusia mahdollisuuksia ja pomot ja kaikki ovat paljon armollisempia, mit\u00e4 siin\u00e4 hetkess\u00e4 luuleekaan.<\/p>\n<p class=\"aw-1gybjub aw-1p7kakr kEtdKx cEmitX yle__article__paragraph\">Mutta edelleen 20 vuotta mokan j\u00e4lkeen mukana on aina kaksi her\u00e4tyskelloa, jos pit\u00e4\u00e4 her\u00e4t\u00e4 varmasti ajoissa.\u201d<\/p>\n<p>Kimmo Porttila<\/p>\n<p class=\"aw-1gybjub aw-1p7kakr kEtdKx cEmitX yle__article__paragraph\">Ylen urheilutoimittaja ja selostaja<\/p>\n<p class=\"aw-1gybjub aw-1p7kakr kEtdKx cEmitX yle__article__paragraph\">Syntynyt vuonna 1982<\/p>\n<p class=\"aw-1gybjub aw-1p7kakr kEtdKx cEmitX yle__article__paragraph\">Selostaa 28.11.\u201330.11. hiihdon maailmancupia Rukalla. Suorat l\u00e4hetykset l\u00f6yd\u00e4t <a class=\"aw-iao6s4 iHOxEa yle__article__link\" href=\"https:\/\/areena.yle.fi\/1-4329207?t=tulevat-jaksot\" role=\"link\" rel=\"nofollow noopener\" target=\"_blank\">Yle Areenasta<\/a><\/p>\n","protected":false},"excerpt":{"rendered":"El\u00e4m\u00e4ni moka -juttusarjassa julkisuudesta tuttu ihminen kertoo nolosta virheest\u00e4\u00e4n. T\u00e4ll\u00e4 kertaa mokansa paljastaa urheiluselostaja Kimmo Porttila. \u201dMokani on&hellip;\n","protected":false},"author":2,"featured_media":102196,"comment_status":"","ping_status":"","sticky":false,"template":"","format":"standard","meta":{"footnotes":""},"categories":[158],"tags":[33,31,30,19516,19517,159,32,8143,160],"class_list":{"0":"post-102195","1":"post","2":"type-post","3":"status-publish","4":"format-standard","5":"has-post-thumbnail","7":"category-urheilu","8":"tag-fi","9":"tag-finland","10":"tag-finnish","11":"tag-kimmo-porttila","12":"tag-nolot-tilanteet","13":"tag-sports","14":"tag-suomi","15":"tag-televisio-ohjelmien-juontajat","16":"tag-urheilu"},"share_on_mastodon":{"url":"https:\/\/pubeurope.com\/@fi\/115626525621541746","error":""},"_links":{"self":[{"href":"https:\/\/www.europesays.com\/fi\/wp-json\/wp\/v2\/posts\/102195","targetHints":{"allow":["GET"]}}],"collection":[{"href":"https:\/\/www.europesays.com\/fi\/wp-json\/wp\/v2\/posts"}],"about":[{"href":"https:\/\/www.europesays.com\/fi\/wp-json\/wp\/v2\/types\/post"}],"author":[{"embeddable":true,"href":"https:\/\/www.europesays.com\/fi\/wp-json\/wp\/v2\/users\/2"}],"replies":[{"embeddable":true,"href":"https:\/\/www.europesays.com\/fi\/wp-json\/wp\/v2\/comments?post=102195"}],"version-history":[{"count":0,"href":"https:\/\/www.europesays.com\/fi\/wp-json\/wp\/v2\/posts\/102195\/revisions"}],"wp:featuredmedia":[{"embeddable":true,"href":"https:\/\/www.europesays.com\/fi\/wp-json\/wp\/v2\/media\/102196"}],"wp:attachment":[{"href":"https:\/\/www.europesays.com\/fi\/wp-json\/wp\/v2\/media?parent=102195"}],"wp:term":[{"taxonomy":"category","embeddable":true,"href":"https:\/\/www.europesays.com\/fi\/wp-json\/wp\/v2\/categories?post=102195"},{"taxonomy":"post_tag","embeddable":true,"href":"https:\/\/www.europesays.com\/fi\/wp-json\/wp\/v2\/tags?post=102195"}],"curies":[{"name":"wp","href":"https:\/\/api.w.org\/{rel}","templated":true}]}}