{"id":102197,"date":"2025-11-28T09:05:11","date_gmt":"2025-11-28T09:05:11","guid":{"rendered":"https:\/\/www.europesays.com\/fi\/102197\/"},"modified":"2025-11-28T09:05:11","modified_gmt":"2025-11-28T09:05:11","slug":"kirjailija-tomi-kontio-haluaa-antaa-aanen-aanettomille-naata-on-puliukko-jolla-on-lukijoille-tarkea-viesti-koti","status":"publish","type":"post","link":"https:\/\/www.europesays.com\/fi\/102197\/","title":{"rendered":"Kirjailija Tomi Kontio haluaa antaa \u00e4\u00e4nen \u00e4\u00e4nett\u00f6mille \u2013 N\u00e4\u00e4t\u00e4 on puliukko, jolla on lukijoille t\u00e4rke\u00e4 viesti &#8211; Koti"},"content":{"rendered":"<p>Kontion &#8221;Koira nimelt\u00e4\u00e4n Kissa hyv\u00e4stelee yst\u00e4v\u00e4n&#8221; on voittanut lasten- ja nuortenkirjallisuuden Finlandia-palkinnon. Kirjan on kustantanut Teos.<\/p>\n<p><a class=\"ArticleImage_imageContainer__e0EST\" href=\"https:\/\/www.europesays.com\/fi\/wp-content\/uploads\/2025\/11\/XumhOQUjjOQjlnOyv8RLuW9ZqLo.jpg\"><img decoding=\"async\" src=\"https:\/\/www.europesays.com\/fi\/wp-content\/uploads\/2025\/11\/XumhOQUjjOQjlnOyv8RLuW9ZqLo.jpg\" alt=\"Kirjallisuudessa ja erityisesti lastenkirjallisuudessa v\u00e4ltell\u00e4\u00e4n tiettyj\u00e4 aiheita, katsoo lasten- ja nuortenkirjallisuuden Finlandia-voittaja Tomi Kontio. LEHTIKUVA \/ MIKKO STIG . \" loading=\"lazy\"\/><\/a><\/p>\n<p>Kirjallisuudessa ja erityisesti lastenkirjallisuudessa v\u00e4ltell\u00e4\u00e4n tiettyj\u00e4 aiheita, katsoo lasten- ja nuortenkirjallisuuden Finlandia-voittaja Tomi Kontio. LEHTIKUVA \/ MIKKO STIG . \u00a0<\/p>\n<p class=\"RichTextParagraph_richTextParagraph__Wxs3t undefined\">\u201dH\u00e4n on syrj\u00e4ytynyt, koditon, mutta hyv\u00e4syd\u00e4minen ihminen. Mink\u00e4 takia sellaista ei hyv\u00e4ksyt\u00e4, vaikka h\u00e4n nyt k\u00e4ytt\u00e4\u00e4 alkoholia?\u201d<\/p>\n<p class=\"RichTextParagraph_richTextParagraph__Wxs3t undefined\">N\u00e4in pohtii kirjailija ja runoilija <strong id=\"strong-b7821b4a3033182b12e1b8d0fd4bc0f7\">Tomi Kontio<\/strong>, jonka Koira nimelt\u00e4\u00e4n Kissa -sarjan ensimm\u00e4inen osa ilmestyi vuonna 2015. Tuolloin osa lukijoista kyseenalaisti yhden p\u00e4\u00e4hahmoista, Kissan yst\u00e4v\u00e4n N\u00e4\u00e4d\u00e4n. N\u00e4\u00e4t\u00e4 kuvailee itse\u00e4\u00e4n &#8221;puliukoksi vaan ei puliveivariksi&#8221;, ja v\u00e4lill\u00e4 h\u00e4n ottaa naukun povitaskunsa litte\u00e4st\u00e4 pullosta.<\/p>\n<p class=\"RichTextParagraph_richTextParagraph__Wxs3t undefined\">P\u00e4\u00e4osin kirja sai hyv\u00e4n vastaanoton, mutta Kontion mukaan osa lasten vanhemmista oli sit\u00e4 mielt\u00e4, ettei lastenkirjassa saisi n\u00e4ytt\u00e4\u00e4 puliukkoa eik\u00e4 juomista saisi kuvata kuvituksessa.<\/p>\n<p class=\"RichTextParagraph_richTextParagraph__Wxs3t undefined\">Jo tuolloin Kontio alkoi suunnitella sarjan viimeist\u00e4 kirjaa, joka huipentaa tarinan Kissasta ja N\u00e4\u00e4d\u00e4st\u00e4, syrj\u00e4ytyneest\u00e4 hahmosta t\u00e4ynn\u00e4 rakkautta. Nyt &#8221;Koira nimelt\u00e4\u00e4n Kissa hyv\u00e4stelee yst\u00e4v\u00e4n&#8221; on voittanut lasten- ja nuortenkirjallisuuden Finlandia-palkinnon. Kirjan on kustantanut Teos.<\/p>\n<p class=\"RichTextParagraph_richTextParagraph__Wxs3t undefined\">Kirjassa N\u00e4\u00e4t\u00e4 kuolee. Kontio kertoo, ett\u00e4 halusi kirjoittaa surusta ja luopumisesta \u2013 mutta my\u00f6s yst\u00e4vien tuesta surun hetkell\u00e4.<\/p>\n<p class=\"RichTextParagraph_richTextParagraph__Wxs3t undefined\">\u201dNe asiat ovat yhteisi\u00e4 niin lapsille kuin aikuisillekin, jokainen on kokenut jonkinlaisia menetyksi\u00e4 el\u00e4m\u00e4ss\u00e4.\u201d<\/p>\n<p class=\"RichTextParagraph_richTextParagraph__Wxs3t undefined\">Miksi Kontio halusi kirjansa yhdeksi p\u00e4\u00e4henkil\u00f6ksi puliukon?<\/p>\n<p class=\"RichTextParagraph_richTextParagraph__Wxs3t undefined\">Kontio ajattelee, ett\u00e4 kirjallisuudessa ja erityisesti lastenkirjallisuudessa v\u00e4ltell\u00e4\u00e4n tiettyj\u00e4 aiheita. Ett\u00e4 on olemassa suuri syrj\u00e4ytyneiden ihmisjoukko, jolle ei oikeastaan ole \u00e4\u00e4nt\u00e4 kirjallisuudessa.<\/p>\n<p class=\"RichTextParagraph_richTextParagraph__Wxs3t undefined\">H\u00e4n halusi n\u00e4ytt\u00e4\u00e4, ett\u00e4 my\u00f6s yhteiskunnan marginaalissa, syrj\u00e4ytyneiden ihmisten parissa koetaan samoja tunteita kuin muuallakin: rakkautta, kaipuuta, yst\u00e4v\u00e4nkaipuuta.<\/p>\n<p class=\"RichTextParagraph_richTextParagraph__Wxs3t undefined\">\u201d(Halusin) sit\u00e4 kautta ik\u00e4\u00e4n kuin poistaa lukijalta sellaista luontaista halua sulkea silm\u00e4ns\u00e4 t\u00e4llaisilta asioilta, jotka ovat kuitenkin todellisia t\u00e4ss\u00e4 meid\u00e4nkin yhteiskunnassamme.\u201d<\/p>\n<p class=\"RichTextParagraph_richTextParagraph__Wxs3t undefined\">N\u00e4\u00e4d\u00e4n viesti on: rakasta l\u00e4himm\u00e4ist\u00e4si.<\/p>\n<p class=\"RichTextParagraph_richTextParagraph__Wxs3t undefined\">Koiralle nimelt\u00e4 Kissa N\u00e4\u00e4t\u00e4 on yst\u00e4v\u00e4, tuki ja turva, pyyteett\u00f6m\u00e4n rakkauden antaja.<\/p>\n<p class=\"RichTextParagraph_richTextParagraph__Wxs3t undefined\">\u201dH\u00e4n silitt\u00e4\u00e4 minua niin hell\u00e4sti, ett\u00e4 tuntuu kuin liukenisin h\u00e4nen suureen k\u00e4teens\u00e4, karva karvalta asettuisin h\u00e4nen k\u00e4mmenens\u00e4 poimuihin, sulaisin osaksi h\u00e4nen suurta, suurta syd\u00e4nt\u00e4\u00e4n\u201d, kuvailee teoksen min\u00e4kertoja Kissa.<\/p>\n<p class=\"RichTextParagraph_richTextParagraph__Wxs3t undefined\">&#8221;Koira nimelt\u00e4\u00e4n Kissa hyv\u00e4stelee yst\u00e4v\u00e4n&#8221; sijoittuu It\u00e4-Helsinkiin, kuten p\u00e4\u00e4osa kirjasarjan kirjoista. It\u00e4helsinkil\u00e4inen Kontio kertoo halunneensa pit\u00e4\u00e4 kirjassa yll\u00e4 tietty\u00e4 kotiseutuhenke\u00e4. P\u00e4\u00e4hahmojen koti on Vuosaaressa hyl\u00e4tyss\u00e4 kontissa, ja p\u00e4\u00e4kaupungin it\u00e4osa on muutenkin l\u00e4sn\u00e4.<\/p>\n<p class=\"RichTextParagraph_richTextParagraph__Wxs3t undefined\">Kirjan on kuvittanut kuvittaja ja graafinen suunnittelija <strong id=\"strong-ce965aa49236f36b660ebe2994f437ed\">Elina Warsta<\/strong>, joka on kuvittanut my\u00f6s aiemmat sarjan kirjat. T\u00e4m\u00e4n kirjan kohdalla formaatti muuttui kuvakirjasta pienoisromaaniksi, jossa on kuvia.<\/p>\n<p class=\"RichTextParagraph_richTextParagraph__Wxs3t undefined\">Kontio korostaa kuvituksen merkityst\u00e4 kirjasarjassa. H\u00e4nen mukaansa Warstan kuvissa n\u00e4kyy paljon sellaista, joka ei n\u00e4y tekstiss\u00e4.<\/p>\n<p class=\"RichTextParagraph_richTextParagraph__Wxs3t undefined\">\u201dOlin jotenkin todella ilahtunut siit\u00e4 tavasta, miten Elina toi siihen mun tarinaan oman kuvallisen luovuutensa.\u201d<\/p>\n<p class=\"RichTextParagraph_richTextParagraph__Wxs3t undefined\">Kontio on voittanut lasten- ja nuortenkirjallisuuden Finlandia-palkinnon my\u00f6s vuonna 2000. Tuolloin palkinto kulki nimell\u00e4 Finlandia Junior. Voittajateos &#8221;Kev\u00e4\u00e4ll\u00e4 is\u00e4 sai siivet&#8221; oli Kontion ensimm\u00e4inen nuorten romaani.<\/p>\n<p class=\"RichTextParagraph_richTextParagraph__Wxs3t undefined\">\u201dKun en tiennyt, miten ylip\u00e4\u00e4t\u00e4\u00e4n onnistun t\u00e4ss\u00e4 uudessa aluevaltauksessa, niin kyll\u00e4 se Finlandia-palkinto oli onnellinen asia.\u201d<\/p>\n<p class=\"RichTextParagraph_richTextParagraph__Wxs3t undefined\">T\u00e4m\u00e4n j\u00e4lkeen Kontio on kirjoittanut lukuisia lasten- ja nuortenkirjoja. Lastenkirjallisuuden asemassa ei ole h\u00e4nen mielest\u00e4\u00e4n tapahtunut radikaalia muutosta.<\/p>\n<p class=\"RichTextParagraph_richTextParagraph__Wxs3t undefined\">\u201dEdelleen tuntuu, ett\u00e4 lastenkirjallisuus saa mediassa n\u00e4kyvyytt\u00e4 selv\u00e4sti v\u00e4hemm\u00e4n kuin aikuisille suunnattu kirjallisuus.\u201d<\/p>\n<p class=\"RichTextParagraph_richTextParagraph__Wxs3t undefined\">Samaan aikaan ollaan hyvin huolissaan lasten ja nuorten lukutaidosta.<\/p>\n<p class=\"RichTextParagraph_richTextParagraph__Wxs3t undefined\">\u201dT\u00e4ll\u00e4 hetkell\u00e4 lastenkirjallisuutta pit\u00e4isi eritoten tuoda esille.\u201d<\/p>\n","protected":false},"excerpt":{"rendered":"Kontion &#8221;Koira nimelt\u00e4\u00e4n Kissa hyv\u00e4stelee yst\u00e4v\u00e4n&#8221; on voittanut lasten- ja nuortenkirjallisuuden Finlandia-palkinnon. Kirjan on kustantanut Teos. Kirjallisuudessa ja&hellip;\n","protected":false},"author":2,"featured_media":102198,"comment_status":"","ping_status":"","sticky":false,"template":"","format":"standard","meta":{"footnotes":""},"categories":[130],"tags":[137,33,31,30,32,109],"class_list":{"0":"post-102197","1":"post","2":"type-post","3":"status-publish","4":"format-standard","5":"has-post-thumbnail","7":"category-viihde","8":"tag-entertainment","9":"tag-fi","10":"tag-finland","11":"tag-finnish","12":"tag-suomi","13":"tag-viihde"},"share_on_mastodon":{"url":"https:\/\/pubeurope.com\/@fi\/115626529608243584","error":""},"_links":{"self":[{"href":"https:\/\/www.europesays.com\/fi\/wp-json\/wp\/v2\/posts\/102197","targetHints":{"allow":["GET"]}}],"collection":[{"href":"https:\/\/www.europesays.com\/fi\/wp-json\/wp\/v2\/posts"}],"about":[{"href":"https:\/\/www.europesays.com\/fi\/wp-json\/wp\/v2\/types\/post"}],"author":[{"embeddable":true,"href":"https:\/\/www.europesays.com\/fi\/wp-json\/wp\/v2\/users\/2"}],"replies":[{"embeddable":true,"href":"https:\/\/www.europesays.com\/fi\/wp-json\/wp\/v2\/comments?post=102197"}],"version-history":[{"count":0,"href":"https:\/\/www.europesays.com\/fi\/wp-json\/wp\/v2\/posts\/102197\/revisions"}],"wp:featuredmedia":[{"embeddable":true,"href":"https:\/\/www.europesays.com\/fi\/wp-json\/wp\/v2\/media\/102198"}],"wp:attachment":[{"href":"https:\/\/www.europesays.com\/fi\/wp-json\/wp\/v2\/media?parent=102197"}],"wp:term":[{"taxonomy":"category","embeddable":true,"href":"https:\/\/www.europesays.com\/fi\/wp-json\/wp\/v2\/categories?post=102197"},{"taxonomy":"post_tag","embeddable":true,"href":"https:\/\/www.europesays.com\/fi\/wp-json\/wp\/v2\/tags?post=102197"}],"curies":[{"name":"wp","href":"https:\/\/api.w.org\/{rel}","templated":true}]}}