{"id":102203,"date":"2025-11-28T09:10:09","date_gmt":"2025-11-28T09:10:09","guid":{"rendered":"https:\/\/www.europesays.com\/fi\/102203\/"},"modified":"2025-11-28T09:10:09","modified_gmt":"2025-11-28T09:10:09","slug":"nyt-on-kaynnissa-iso-romahdus-etka-huomannut-mitaan-valtavat-vaikutukset","status":"publish","type":"post","link":"https:\/\/www.europesays.com\/fi\/102203\/","title":{"rendered":"Nyt on k\u00e4ynniss\u00e4 iso romahdus, etk\u00e4 huomannut mit\u00e4\u00e4n \u2013 Valtavat vaikutukset"},"content":{"rendered":"<p>Foreca kuvailee ilmi\u00f6n seurauksia \u201ds\u00e4\u00e4ruletiksi\u201d. Talvesta pit\u00e4v\u00e4t suomalaiset vaikuttavat olevan h\u00e4vi\u00e4jien puolella.<\/p>\n<p><img decoding=\"async\" class=\"image image-show image-preview\" src=\"https:\/\/www.europesays.com\/fi\/wp-content\/uploads\/2025\/11\/2524268d6331d668138d14894216d93908829a20a025d78c663060a20815fea7.jpg\" alt=\"\"\/><img decoding=\"async\" class=\"image image-show\" src=\"https:\/\/www.europesays.com\/fi\/wp-content\/uploads\/2025\/11\/1764321008_359_2524268d6331d668138d14894216d93908829a20a025d78c663060a20815fea7.jpg\" alt=\"\"\/><\/p>\n<p>Pohjoisnavalta vy\u00f6ryy kylm\u00e4\u00e4 ilmaa etel\u00e4\u00e4n, mutta Suomeen kylmimm\u00e4t ilmamassat eiv\u00e4t osu. Kuvituskuva. PASI LIESIMAA<\/p>\n<p class=\"paragraph\">Ilmakeh\u00e4ss\u00e4 on k\u00e4ynniss\u00e4 ilmi\u00f6, jonka seurauksena hyyt\u00e4v\u00e4\u00e4 ilmaa valuu pohjoisnavalta Suomenkin leveysasteille. Asiasta kerrotaan muun muassa Forecan <a href=\"https:\/\/www.foreca.fi\/meteorologilta\/yzqfrmry\" rel=\"noopener nofollow\" target=\"_blank\">blogissa<\/a>.<\/p>\n<p class=\"paragraph\">Ilmi\u00f6ss\u00e4 on kyse ilmakeh\u00e4n stratosf\u00e4\u00e4rin \u00e4killisest\u00e4 l\u00e4mpenemisest\u00e4. Se h\u00e4iritsee pohjoisnapaa kiert\u00e4v\u00e4\u00e4 polaaripy\u00f6rrett\u00e4, joka yleens\u00e4 pit\u00e4\u00e4 arktisen ilman napa-alueen sis\u00e4ll\u00e4.<\/p>\n<p class=\"paragraph\">Kun stratosf\u00e4\u00e4rin l\u00e4mpeneminen h\u00e4iritsee polaaripy\u00f6rrett\u00e4, arktista ilmaa p\u00e4\u00e4see vuotamaan tavallista etel\u00e4mm\u00e4ksi. Se aiheuttaa s\u00e4\u00e4n rajun kylmenemisen ainakin jossain p\u00e4in pohjoista pallonpuoliskoa.<\/p>\n<p class=\"paragraph\">Stratosf\u00e4\u00e4rin l\u00e4mpeneminen k\u00e4ynnistyi marraskuun puoliv\u00e4lin j\u00e4lkeen. Forecan mukaan polaaripy\u00f6rre n\u00e4ytt\u00e4isi j\u00e4lleen vahvistuvan joulukuun edetess\u00e4, mutta sen h\u00e4iriintyminen vaikuttaa silti voimakkaasti joulukuun s\u00e4\u00e4h\u00e4n pohjoisella pallonpuoliskolla.<\/p>\n<p class=\"paragraph\">Forecan blogissa napa-alueelta vy\u00f6ryv\u00e4n ilman liikkeit\u00e4 kuvataan \u201ds\u00e4\u00e4ruletiksi\u201d. Poikkeuksellisen kylm\u00e4\u00e4 joulukuun alkua odotetaan Pohjois-Amerikkaan, Siperiaan ja Keski-Aasian pohjoisosiin.<\/p>\n<p class=\"paragraph\">Talvis\u00e4\u00e4st\u00e4 pit\u00e4v\u00e4t suomalaiset taas vaikuttavat j\u00e4\u00e4v\u00e4n s\u00e4\u00e4ruletin h\u00e4vi\u00e4jiksi, sill\u00e4 Euroopassa joulukuun odotetaan olevan lauha.<\/p>\n<p class=\"paragraph\">\u2013 Kun jossain kylmenee, jossain t\u00e4ytyy l\u00e4mmet\u00e4 \u2013 n\u00e4in ne fysiikan lait menev\u00e4t, jotta tasapaino ilmakeh\u00e4ss\u00e4 s\u00e4ilyy, Forecan blogissa selitet\u00e4\u00e4n.<\/p>\n<p><a href=\"https:\/\/www.iltalehti.fi\/parassaa?storeCampaign=ArticleBottomBanner\" rel=\"nofollow noopener\" target=\"_blank\"><img decoding=\"async\" src=\"https:\/\/www.europesays.com\/fi\/wp-content\/uploads\/2025\/08\/d0fd7860228df4fdd5fd0367e49d769aa09b08189080ddc5ccdd8c31ad63aca9.png\" alt=\"IL Paras S\u00e4\u00e4 - S\u00e4\u00e4tiedot ja s\u00e4\u00e4ennusteet\"\/><\/a><\/p>\n","protected":false},"excerpt":{"rendered":"Foreca kuvailee ilmi\u00f6n seurauksia \u201ds\u00e4\u00e4ruletiksi\u201d. Talvesta pit\u00e4v\u00e4t suomalaiset vaikuttavat olevan h\u00e4vi\u00e4jien puolella. Pohjoisnavalta vy\u00f6ryy kylm\u00e4\u00e4 ilmaa etel\u00e4\u00e4n, mutta&hellip;\n","protected":false},"author":2,"featured_media":102204,"comment_status":"","ping_status":"","sticky":false,"template":"","format":"standard","meta":{"footnotes":""},"categories":[12],"tags":[35,22,23,26,27,33,31,30,17,713,24,25,28,29,715,15,18,21,710,32,719,538,19,20,16],"class_list":{"0":"post-102203","1":"post","2":"type-post","3":"status-publish","4":"format-standard","5":"has-post-thumbnail","7":"category-suomi","8":"tag-24h","9":"tag-breaking-news","10":"tag-breakingnews","11":"tag-featured-news","12":"tag-featurednews","13":"tag-fi","14":"tag-finland","15":"tag-finnish","16":"tag-headlines","17":"tag-lampotila-saa","18":"tag-latest-news","19":"tag-latestnews","20":"tag-main-news","21":"tag-mainnews","22":"tag-meteorologia","23":"tag-news","24":"tag-otsikot","25":"tag-paauutiset","26":"tag-saa","27":"tag-suomi","28":"tag-tiede-yleista","29":"tag-tiede-ja-tekniikka","30":"tag-top-stories","31":"tag-topstories","32":"tag-uutiset"},"share_on_mastodon":{"url":"https:\/\/pubeurope.com\/@fi\/115626549383529709","error":""},"_links":{"self":[{"href":"https:\/\/www.europesays.com\/fi\/wp-json\/wp\/v2\/posts\/102203","targetHints":{"allow":["GET"]}}],"collection":[{"href":"https:\/\/www.europesays.com\/fi\/wp-json\/wp\/v2\/posts"}],"about":[{"href":"https:\/\/www.europesays.com\/fi\/wp-json\/wp\/v2\/types\/post"}],"author":[{"embeddable":true,"href":"https:\/\/www.europesays.com\/fi\/wp-json\/wp\/v2\/users\/2"}],"replies":[{"embeddable":true,"href":"https:\/\/www.europesays.com\/fi\/wp-json\/wp\/v2\/comments?post=102203"}],"version-history":[{"count":0,"href":"https:\/\/www.europesays.com\/fi\/wp-json\/wp\/v2\/posts\/102203\/revisions"}],"wp:featuredmedia":[{"embeddable":true,"href":"https:\/\/www.europesays.com\/fi\/wp-json\/wp\/v2\/media\/102204"}],"wp:attachment":[{"href":"https:\/\/www.europesays.com\/fi\/wp-json\/wp\/v2\/media?parent=102203"}],"wp:term":[{"taxonomy":"category","embeddable":true,"href":"https:\/\/www.europesays.com\/fi\/wp-json\/wp\/v2\/categories?post=102203"},{"taxonomy":"post_tag","embeddable":true,"href":"https:\/\/www.europesays.com\/fi\/wp-json\/wp\/v2\/tags?post=102203"}],"curies":[{"name":"wp","href":"https:\/\/api.w.org\/{rel}","templated":true}]}}