{"id":102219,"date":"2025-11-28T09:37:08","date_gmt":"2025-11-28T09:37:08","guid":{"rendered":"https:\/\/www.europesays.com\/fi\/102219\/"},"modified":"2025-11-28T09:37:08","modified_gmt":"2025-11-28T09:37:08","slug":"nain-itsenaisyyspaivan-juhlallisuudet-vaikuttavat-liikenteeseen-helsingissa","status":"publish","type":"post","link":"https:\/\/www.europesays.com\/fi\/102219\/","title":{"rendered":"N\u00e4in itsen\u00e4isyysp\u00e4iv\u00e4n juhlallisuudet vaikuttavat liikenteeseen Helsingiss\u00e4"},"content":{"rendered":"<p>Perinteiset menot ja kuusi mielenosoitusta aiheuttavat merkitt\u00e4vi\u00e4 liikennehaittoja Helsingiss\u00e4.<\/p>\n<p class=\"article-body mb-nof-24 px-nof-16\">Itsen\u00e4isyysp\u00e4iv\u00e4n tapahtumat aiheuttavat muutoksia liikennej\u00e4rjestelyihin Helsingiss\u00e4, tiedottaa poliisi.<\/p>\n<p class=\"article-body mb-nof-24 px-nof-16\">Poliisi suosittelee v\u00e4ltt\u00e4m\u00e4\u00e4n turhaa yksityisautoilua itsen\u00e4isyysp\u00e4iv\u00e4n\u00e4 kello 15 ja 21 v\u00e4lill\u00e4 etenkin Senaatintorin, Kruununhaan, Katajanokan ja T\u00f6\u00f6l\u00f6n ymp\u00e4rist\u00f6ss\u00e4.<\/p>\n<p class=\"article-body mb-nof-24 px-nof-16\">Pohjoisesplanadin ja Mariankadun liikennett\u00e4 rajoitetaan p\u00e4iv\u00e4n aikana. Ajoittain se suljetaan kokonaan.<\/p>\n<p class=\"article-body mb-nof-24 px-nof-16\">\u2013 Poliisi ohjaa liikennett\u00e4 tarpeen mukaan kaikkialla kantakaupungissa. Liikennej\u00e4rjestelyjen tavoitteena on mahdollisimman v\u00e4h\u00e4inen liikennehaitta, mutta itsen\u00e4isyysp\u00e4iv\u00e4n iltana on hyv\u00e4 varata aikaa keskustassa liikkumiseen, muistuttaa h\u00e4lytys- ja valvontayksik\u00f6n johtaja, ylikomisario <a class=\"article-personlink\" href=\"https:\/\/www.is.fi\/haku\/?query=Jere%20Roimu\" rel=\"nofollow noopener\" target=\"_blank\">Jere Roimu<\/a> tiedotteessa.<\/p>\n<p class=\"article-body mb-nof-24 px-nof-16\">Julkisen liikenteen poikkeusreitit l\u00f6ytyv\u00e4t HSL:n verkkosivuilta. Poikkeusj\u00e4rjestelyt vaikuttavat my\u00f6s Etel\u00e4sataman laivaliikenteen matkustajiin.<\/p>\n<p class=\"article-body mb-nof-24 px-nof-16\">Itsen\u00e4isyysp\u00e4iv\u00e4n perinteiset juhlallisuudet alkavat Puolustusvoimien seppeleenlaskutilaisuudella Hietaniemen hautausmaalla kello 10.30\u201311.30. Helsingin tuomiokirkossa vietet\u00e4\u00e4n ekumeeninen juhlajumalanpalvelus kello 12.00\u201313.00.<\/p>\n<p class=\"article-body mb-nof-24 px-nof-16\">Ylioppilaiden soihtukulkue l\u00e4htee liikkeelle kello 16.00 Hietaniemen hautausmaalta Senaatintorille. Tasavallan presidentin itsen\u00e4isyysp\u00e4iv\u00e4n vastaanotto alkaa kello 18.30.<\/p>\n<p>Poliisille ilmoitetut mielenosoitukset<\/p>\n<ul class=\"mb-nof-16 px-nof-16 article-unordered-list unordered-list\">\n<li class=\"unordered-list-item\">\n<p class=\"article-body\">Katolinen kulkue kello 11.00, Pyh\u00e4n Marian kirkolta Pyh\u00e4n Henrikin katedraalille.<\/p>\n<\/li>\n<li class=\"unordered-list-item\">\n<p class=\"article-body\">Marssi Suomelle kello 11.00, Eduskuntatalolta Hietaniemen hautausmaalle.<\/p>\n<\/li>\n<li class=\"unordered-list-item\">\n<p class=\"article-body\">Fixit-kansanliikkeen mielenosoituskulkue kello 14.00, Senaatintorilta Eduskuntatalolle.<\/p>\n<\/li>\n<li class=\"unordered-list-item\">\n<p class=\"article-body\">Suomi her\u00e4\u00e4 -mielenosoitus kello 15.00, Rautatientorilta Eduskuntatalolle.<\/p>\n<\/li>\n<li class=\"unordered-list-item\">\n<p class=\"article-body\">Mielenosoitus hallituksen leikkauspolitiikkaa vastaan kello 17.00, reitti\u00e4 ei ole viel\u00e4 sovittu.<\/p>\n<\/li>\n<li class=\"unordered-list-item\">\n<p class=\"article-body\">612-soihtukulkue kello 17.00, T\u00f6\u00f6l\u00f6ntorilta Hietaniemen hautausmaalle.<\/p>\n<\/li>\n<\/ul>\n<p class=\"article-body mb-nof-24 px-nof-16\">Poliisi valvoo tehostetusti aikaisempaa laajempaa lentokieltoaluetta Helsingin keskustan alueella. Ilmailua rajoitetaan itsen\u00e4isyysp\u00e4iv\u00e4viikonloppuna lauantaina aamukahdeksasta kahteen y\u00f6ll\u00e4. Rajoitus koskee miehitetty\u00e4 ja miehitt\u00e4m\u00e4t\u00f6nt\u00e4 ilmailua.<\/p>\n<p class=\"article-body mb-nof-24 px-nof-16\">\u2013 Drooneja ei saa lenn\u00e4tt\u00e4\u00e4 Helsingin keskustan alueella itsen\u00e4isyysp\u00e4iv\u00e4n aikana. Poliisi valvoo tehostetusti aikaisempaa laajempaa lentokieltoaluetta ja kiellon rikkomisesta seuraa sakkorangaistus. Lis\u00e4ksi laitteet voidaan tuomita rikoksentekov\u00e4linein\u00e4 valtiolle menetetyiksi, Roimu kertoo.<\/p>\n<p class=\"article-body mb-nof-24 px-nof-16\">Ajantasaiset lentokieltoalueet l\u00f6ytyv\u00e4t osoitteista Droneinfo.fi ja Flyk.com.<\/p>\n","protected":false},"excerpt":{"rendered":"Perinteiset menot ja kuusi mielenosoitusta aiheuttavat merkitt\u00e4vi\u00e4 liikennehaittoja Helsingiss\u00e4. Itsen\u00e4isyysp\u00e4iv\u00e4n tapahtumat aiheuttavat muutoksia liikennej\u00e4rjestelyihin Helsingiss\u00e4, tiedottaa poliisi. Poliisi&hellip;\n","protected":false},"author":2,"featured_media":102220,"comment_status":"","ping_status":"","sticky":false,"template":"","format":"standard","meta":{"footnotes":""},"categories":[12],"tags":[22,23,26,27,33,31,30,17,34,24,25,28,29,15,18,21,32,19,20,16],"class_list":{"0":"post-102219","1":"post","2":"type-post","3":"status-publish","4":"format-standard","5":"has-post-thumbnail","7":"category-suomi","8":"tag-breaking-news","9":"tag-breakingnews","10":"tag-featured-news","11":"tag-featurednews","12":"tag-fi","13":"tag-finland","14":"tag-finnish","15":"tag-headlines","16":"tag-ilta-sanomat","17":"tag-latest-news","18":"tag-latestnews","19":"tag-main-news","20":"tag-mainnews","21":"tag-news","22":"tag-otsikot","23":"tag-paauutiset","24":"tag-suomi","25":"tag-top-stories","26":"tag-topstories","27":"tag-uutiset"},"share_on_mastodon":{"url":"https:\/\/pubeurope.com\/@fi\/115626655438308892","error":""},"_links":{"self":[{"href":"https:\/\/www.europesays.com\/fi\/wp-json\/wp\/v2\/posts\/102219","targetHints":{"allow":["GET"]}}],"collection":[{"href":"https:\/\/www.europesays.com\/fi\/wp-json\/wp\/v2\/posts"}],"about":[{"href":"https:\/\/www.europesays.com\/fi\/wp-json\/wp\/v2\/types\/post"}],"author":[{"embeddable":true,"href":"https:\/\/www.europesays.com\/fi\/wp-json\/wp\/v2\/users\/2"}],"replies":[{"embeddable":true,"href":"https:\/\/www.europesays.com\/fi\/wp-json\/wp\/v2\/comments?post=102219"}],"version-history":[{"count":0,"href":"https:\/\/www.europesays.com\/fi\/wp-json\/wp\/v2\/posts\/102219\/revisions"}],"wp:featuredmedia":[{"embeddable":true,"href":"https:\/\/www.europesays.com\/fi\/wp-json\/wp\/v2\/media\/102220"}],"wp:attachment":[{"href":"https:\/\/www.europesays.com\/fi\/wp-json\/wp\/v2\/media?parent=102219"}],"wp:term":[{"taxonomy":"category","embeddable":true,"href":"https:\/\/www.europesays.com\/fi\/wp-json\/wp\/v2\/categories?post=102219"},{"taxonomy":"post_tag","embeddable":true,"href":"https:\/\/www.europesays.com\/fi\/wp-json\/wp\/v2\/tags?post=102219"}],"curies":[{"name":"wp","href":"https:\/\/api.w.org\/{rel}","templated":true}]}}