{"id":102221,"date":"2025-11-28T09:38:08","date_gmt":"2025-11-28T09:38:08","guid":{"rendered":"https:\/\/www.europesays.com\/fi\/102221\/"},"modified":"2025-11-28T09:38:08","modified_gmt":"2025-11-28T09:38:08","slug":"nain-toimitusjohtaja-kommentoi-ruskon-jatelaitoksen-peruttua-ymparistolupaa","status":"publish","type":"post","link":"https:\/\/www.europesays.com\/fi\/102221\/","title":{"rendered":"N\u00e4in toimitusjohtaja kommentoi Ruskon j\u00e4te\u00adlaitoksen peruttua ymp\u00e4rist\u00f6\u00adlupaa"},"content":{"rendered":"<p>Avi velvoittaa Remeon esitt\u00e4m\u00e4\u00e4n toiminnan lopettamista koskeva suunnitelma lupaviranomaiselle kolmen kuukauden kuluessa.<\/p>\n<p class=\"article-body mb-nof-24 px-nof-16\">Aamulehti<\/p>\n<p class=\"article-body mb-nof-24 px-nof-16\">Aluehallintovirasto on peruuttanut Remeo Refining oy:n Tampereen Ruskon j\u00e4tteenk\u00e4sittelylaitoksen ymp\u00e4rist\u00f6luvan.<\/p>\n<p class=\"article-body mb-nof-24 px-nof-16\">Remeon toimitusjohtaja <a class=\"article-personlink\" href=\"https:\/\/www.aamulehti.fi\/haku\/?query=Panu%20Routasalo\" rel=\"nofollow noopener\" target=\"_blank\">Panu Routasalo<\/a> kertoo Aamulehdelle perjantaina aamup\u00e4iv\u00e4ll\u00e4, ett\u00e4 p\u00e4\u00e4t\u00f6s on vasta saatu, eik\u00e4 sis\u00e4lt\u00f6\u00f6n ole viel\u00e4 kunnolla ehditty perehty\u00e4. Routasalon mukaan seuraavat askeleet tehd\u00e4\u00e4n p\u00e4\u00e4t\u00f6ksen sis\u00e4ll\u00f6n perusteella, kun siihen on ehditty tutustua tarkemmin.<\/p>\n<p class=\"article-body mb-nof-24 px-nof-16\">Tuliko p\u00e4\u00e4t\u00f6s yll\u00e4tyksen\u00e4?<\/p>\n<p class=\"article-body mb-nof-24 px-nof-16\">\u201dEi se t\u00e4ysin yll\u00e4tyksen\u00e4 tullut, asiahan on ollut k\u00e4sittelyss\u00e4 jo jonkin aikaa\u201d, Routasalo sanoo. H\u00e4n ei osaa viel\u00e4 sanoa, aiotaanko p\u00e4\u00e4t\u00f6ksest\u00e4 valittaa.<\/p>\n<p class=\"article-body mb-nof-24 px-nof-16\">Lue lis\u00e4\u00e4: <a class=\"article-genericlink\" href=\"https:\/\/www.aamulehti.fi\/tampere\/art-2000010874577.html\" rel=\"nofollow noopener\" target=\"_blank\">Ruskon j\u00e4tteenk\u00e4sittelylaitoksen ymp\u00e4rist\u00f6lupa halutaan perua<\/a><\/p>\n<p class=\"article-body mb-nof-24 px-nof-16\">Avi velvoittaa Remeon esitt\u00e4m\u00e4\u00e4n toiminnan lopettamista koskeva suunnitelma lupaviranomaiselle kolmen kuukauden kuluessa. Yrityksen vastuulla on my\u00f6s toimittaa j\u00e4tteet pois laitoksesta.<\/p>\n<p class=\"article-body mb-nof-24 px-nof-16\">Routasalo ei viel\u00e4 ota kantaa aikatauluun, mutta sanoo kolmen kuukauden olevan aika lyhyt aika.<\/p>\n<p class=\"article-body mb-nof-24 px-nof-16\">\u201dOlemme kehitt\u00e4neet Ruskon laitoksen toimintaa paljon viimevuotisen tulipalon j\u00e4lkeen ja n\u00e4emme, ett\u00e4 meill\u00e4 olisi ollut edellytykset jatkaa toimintaa luvan mukaisesti, mutta totta kai sopeudutaan nyt t\u00e4h\u00e4n tilanteeseen\u201d, Routasalo sanoo.<\/p>\n<p class=\"article-body mb-nof-24 px-nof-16\">Routasalon mukaan Ruskon j\u00e4tteenk\u00e4sittelylaitoksella on perjantaina aamup\u00e4iv\u00e4ll\u00e4 toimintaa normaalisti.<\/p>\n<p class=\"fact-box__label fact-box__label--container\">Uutiskertaus<\/p>\n<p>Ruskon j\u00e4tteenk\u00e4sittely\u00adlaitoksen palo ja sen seuraukset<\/p>\n<p class=\"article-body mb-nof-24 px-nof-16\">Remeon j\u00e4tteenk\u00e4sittelylaitoksessa Tampereen Ruskossa syttyi 5. marraskuuta 2024 suuri tulipalo, joka kesti 10 p\u00e4iv\u00e4\u00e4. Palo levitti sankkaa savua ymp\u00e4rist\u00f6\u00f6n ja alueelle annettiin vaaratiedote.<\/p>\n<p class=\"article-body mb-nof-24 px-nof-16\">Palon j\u00e4lkeen laitokselta on poistettu yli 20\u202f000 tonnia j\u00e4tett\u00e4. Ymp\u00e4rist\u00f6luvan mukainen sallittu varastointim\u00e4\u00e4r\u00e4 (24\u202f300 tonnia) on todenn\u00e4k\u00f6isesti ylittynyt.<\/p>\n<p class=\"article-body mb-nof-24 px-nof-16\">Palosta tehtiin rikosilmoituksia ja Pirkanmaan ely-keskus haki laitoksen ymp\u00e4rist\u00f6luvan peruuttamista. Toiminta sai kuitenkin jatkua tammikuussa 2025, koska avi ei ollut viel\u00e4 k\u00e4sitellyt lupahakemusta.<\/p>\n<p class=\"article-body mb-nof-24 px-nof-16\">Tutkimuksissa ei havaittu palon levitt\u00e4neen terveyshaittaa aiheuttavia haitta-ainej\u00e4\u00e4mi\u00e4 ymp\u00e4rist\u00f6\u00f6n. L\u00e4hialueen Lintuhytin asuinalueelta otetuissa n\u00e4ytteiss\u00e4 haitta-ainepitoisuudet olivat pieni\u00e4.<\/p>\n<p class=\"article-body mb-nof-24 px-nof-16\">Yli tuhat tamperelaista on allekirjoittanut kuntalaisaloitteen, jossa vaaditaan j\u00e4tteenk\u00e4sittelylaitoksen siirt\u00e4mist\u00e4 pois Ruskosta. Kaupunki on ilmoittanut tavoitteekseen, ettei toiminta jatkuisi ainakaan nykymuotoisena.<\/p>\n","protected":false},"excerpt":{"rendered":"Avi velvoittaa Remeon esitt\u00e4m\u00e4\u00e4n toiminnan lopettamista koskeva suunnitelma lupaviranomaiselle kolmen kuukauden kuluessa. Aamulehti Aluehallintovirasto on peruuttanut Remeo Refining&hellip;\n","protected":false},"author":2,"featured_media":102222,"comment_status":"","ping_status":"","sticky":false,"template":"","format":"standard","meta":{"footnotes":""},"categories":[5],"tags":[157,22,23,26,27,33,31,30,17,24,25,28,29,15,18,21,32,19,20,16],"class_list":{"0":"post-102221","1":"post","2":"type-post","3":"status-publish","4":"format-standard","5":"has-post-thumbnail","7":"category-otsikot","8":"tag-aamulehti","9":"tag-breaking-news","10":"tag-breakingnews","11":"tag-featured-news","12":"tag-featurednews","13":"tag-fi","14":"tag-finland","15":"tag-finnish","16":"tag-headlines","17":"tag-latest-news","18":"tag-latestnews","19":"tag-main-news","20":"tag-mainnews","21":"tag-news","22":"tag-otsikot","23":"tag-paauutiset","24":"tag-suomi","25":"tag-top-stories","26":"tag-topstories","27":"tag-uutiset"},"share_on_mastodon":{"url":"https:\/\/pubeurope.com\/@fi\/115626659219662410","error":""},"_links":{"self":[{"href":"https:\/\/www.europesays.com\/fi\/wp-json\/wp\/v2\/posts\/102221","targetHints":{"allow":["GET"]}}],"collection":[{"href":"https:\/\/www.europesays.com\/fi\/wp-json\/wp\/v2\/posts"}],"about":[{"href":"https:\/\/www.europesays.com\/fi\/wp-json\/wp\/v2\/types\/post"}],"author":[{"embeddable":true,"href":"https:\/\/www.europesays.com\/fi\/wp-json\/wp\/v2\/users\/2"}],"replies":[{"embeddable":true,"href":"https:\/\/www.europesays.com\/fi\/wp-json\/wp\/v2\/comments?post=102221"}],"version-history":[{"count":0,"href":"https:\/\/www.europesays.com\/fi\/wp-json\/wp\/v2\/posts\/102221\/revisions"}],"wp:featuredmedia":[{"embeddable":true,"href":"https:\/\/www.europesays.com\/fi\/wp-json\/wp\/v2\/media\/102222"}],"wp:attachment":[{"href":"https:\/\/www.europesays.com\/fi\/wp-json\/wp\/v2\/media?parent=102221"}],"wp:term":[{"taxonomy":"category","embeddable":true,"href":"https:\/\/www.europesays.com\/fi\/wp-json\/wp\/v2\/categories?post=102221"},{"taxonomy":"post_tag","embeddable":true,"href":"https:\/\/www.europesays.com\/fi\/wp-json\/wp\/v2\/tags?post=102221"}],"curies":[{"name":"wp","href":"https:\/\/api.w.org\/{rel}","templated":true}]}}