{"id":102223,"date":"2025-11-28T09:51:08","date_gmt":"2025-11-28T09:51:08","guid":{"rendered":"https:\/\/www.europesays.com\/fi\/102223\/"},"modified":"2025-11-28T09:51:08","modified_gmt":"2025-11-28T09:51:08","slug":"il-ensitreffit-elisalta-karua-tekstia-ohjelmasta","status":"publish","type":"post","link":"https:\/\/www.europesays.com\/fi\/102223\/","title":{"rendered":"IL: Ensitreffit-Elisalta karua teksti\u00e4 ohjelmasta"},"content":{"rendered":"<p>Ensitreffit alttarilla -sarjassa n\u00e4hty Elisa katuu ohjelmaan osallistumista.<\/p>\n<p class=\"article-body mb-nof-24 px-nof-16\">Ensitreffit alttarilla -sarjassa n\u00e4hty <a class=\"article-personlink\" href=\"https:\/\/www.is.fi\/haku\/?query=Elisa\" rel=\"nofollow noopener\" target=\"_blank\">Elisa<\/a>, 41, kertoo <a class=\"article-genericlink\" href=\"https:\/\/www.iltalehti.fi\/viihdeuutiset\/a\/697e2c32-9fe9-4032-a3be-543d9e9cad98\" rel=\"nofollow noopener\" target=\"_blank\">Iltalehden<\/a> haastattelussa katuvansa sit\u00e4, ett\u00e4 osallistui ohjelmaan ja lataa samalla karua teksti\u00e4 kokemuksestaan kuvauksissa.<\/p>\n<p class=\"article-body mb-nof-24 px-nof-16\">Ohjelmassa Elisan kumppaniksi oli valittu niin ik\u00e4\u00e4n 41-vuotias <a class=\"article-personlink\" href=\"https:\/\/www.is.fi\/haku\/?query=Matti\" rel=\"nofollow noopener\" target=\"_blank\">Matti<\/a>. Elisa tilitt\u00e4\u00e4 Iltalehdelle, ett\u00e4 h\u00e4nell\u00e4 ja Matilla ei ollut mit\u00e4\u00e4n yhteist\u00e4, eik\u00e4 nainen ymm\u00e4rr\u00e4, miksi kaksikkoa yritettiin saattaa yhteen. H\u00e4nest\u00e4 tuntui, ettei tuotantotiimi ymm\u00e4rt\u00e4nyt, millainen kumppani h\u00e4nelle sopisi.<\/p>\n<p class=\"article-body mb-nof-24 px-nof-16\">\u2013 Kyll\u00e4 siit\u00e4 j\u00e4i suoraan sanottuna hyv\u00e4ksik\u00e4ytetty olo, Elisa kuvailee kokemustaan lehdelle.<\/p>\n<p class=\"article-body mb-nof-24 px-nof-16\">H\u00e4n kertoo samassa haastattelussa olevansa iloinen, ettei osallistunut nuorempana kyseiseen ohjelmaan, koska kokemus vaikutti h\u00e4nen persoonaansa vahvasti.<\/p>\n<p class=\"article-body mb-nof-24 px-nof-16\">\u2013 Tuntuu kylm\u00e4\u00e4v\u00e4lt\u00e4, kun kuulen mainokset, ett\u00e4 ohjelmaan haetaan uusia osallistujia. En halua, ett\u00e4 sinne p\u00e4\u00e4tyy joku, joka lopulta tuntee olevansa niin yksin kuin min\u00e4 olin, h\u00e4n sanoo Iltalehdelle.<\/p>\n<p><img decoding=\"async\" src=\"https:\/\/www.europesays.com\/fi\/wp-content\/uploads\/2025\/11\/1764323468_746_468.jpg\" alt=\"Elisan ja Matin h\u00e4it\u00e4 vietettiin Ensitreffit alttarilla -sarjassa.\" class=\"_Img_1rerz_1\" style=\"aspect-ratio:0.6666666666666666\" loading=\"eager\"\/><\/p>\n<p class=\"article-picture-caption\">Elisan ja Matin h\u00e4it\u00e4 vietettiin Ensitreffit alttarilla -sarjassa. Kuva:\u00a0MTV Oy<\/p>\n<p class=\"article-body mb-nof-24 px-nof-16\">Matin ja Elisan kohtaaminen Ensitreffit alttarilla -ohjelmassa on puhuttanut katsojia paljon.<\/p>\n<p class=\"article-body mb-nof-24 px-nof-16\">Parin avioliitto sai heti ik\u00e4v\u00e4n alun, kun Elisa kertoi j\u00e4rkyttyneens\u00e4 n\u00e4hty\u00e4\u00e4n Matin ensimm\u00e4ist\u00e4 kertaa alttarilla. Syyn\u00e4 oli Matin k\u00e4ytt\u00e4m\u00e4 hiusv\u00e4ri.<\/p>\n<p class=\"article-body mb-nof-24 px-nof-16\">Lue lis\u00e4\u00e4: <a class=\"article-genericlink\" href=\"https:\/\/www.is.fi\/viihde\/art-2000011650550.html\" rel=\"nofollow noopener\" target=\"_blank\">Ensitreffit-Elisa j\u00e4rkyttyi puolisonsa ulkon\u00e4\u00f6st\u00e4 ja laukoi tylyt sanat ohjelman p\u00e4\u00e4tteeksi \u2013 nyt puhuu Matti<\/a><\/p>\n<p class=\"article-body mb-nof-24 px-nof-16\">\u2013 Olin ehk\u00e4 v\u00e4h\u00e4n j\u00e4rkyttynyt Matin sinisest\u00e4 tukasta. En ole ollut miehill\u00e4 mik\u00e4\u00e4n v\u00e4rikk\u00e4iden hiuksien yst\u00e4v\u00e4, Elisa sanoi ohjelmassa.<\/p>\n<p class=\"article-body mb-nof-24 px-nof-16\">My\u00f6hemmin Elisa sanoi kameralle, ettei koe kumppaniaan kohtaan suurta vetovoimaa.<\/p>\n<p class=\"article-body mb-nof-24 px-nof-16\">Matti kommentoi Ilta-Sanomille hiuskohua.<\/p>\n<p class=\"article-body mb-nof-24 px-nof-16\">\u2013 Se on ihan ymm\u00e4rrett\u00e4v\u00e4\u00e4, jos joku sanoo, ettei odottanut vaikka sinisi\u00e4 hiuksia miehell\u00e4, koska se ei ole kaikista yleisin hiustenv\u00e4ri. Eih\u00e4n kukaan ole sinitukkaisena miehen\u00e4 ylip\u00e4\u00e4t\u00e4\u00e4n syntynyt, h\u00e4n pohti.<\/p>\n<p class=\"article-body mb-nof-24 px-nof-16\">\u2013 En ottaisi siit\u00e4 mitenk\u00e4\u00e4n nokkiini, Matti lis\u00e4si.<\/p>\n<p class=\"article-body mb-nof-24 px-nof-16\">Lue lis\u00e4\u00e4: <a class=\"article-genericlink\" href=\"https:\/\/www.is.fi\/tv-ja-elokuvat\/art-2000011622378.html\" rel=\"nofollow noopener\" target=\"_blank\">Ensitreffit alttarilla -osallistujan ulkon\u00e4k\u00f6 joutui puolison hampaisiin \u2013 t\u00e4lt\u00e4 h\u00e4n n\u00e4ytt\u00e4\u00e4 nyt<\/a><\/p>\n<p class=\"article-body mb-nof-24 px-nof-16\">Ohjelman aikana k\u00e4vi selv\u00e4ksi, ett\u00e4 parilla oli muitakin ongelmia kuin Elisan mielipide Matin hiuksista.<\/p>\n<p class=\"article-body mb-nof-24 px-nof-16\">Elisaa harmitti, kun parilla ei ollut h\u00e4nen mielest\u00e4\u00e4n riitt\u00e4v\u00e4sti fyysisyytt\u00e4 ja l\u00e4heisyytt\u00e4.<\/p>\n<p class=\"article-body mb-nof-24 px-nof-16\">Matti kertoi hiljattain Ilta-Sanomille, ettei h\u00e4n ole en\u00e4\u00e4 tekemisiss\u00e4 Elisan kanssa. H\u00e4nell\u00e4 ei kuitenkaan ole \u201dmit\u00e4\u00e4n pahaa sanottavaa Elisasta\u201d.<\/p>\n<p class=\"article-body mb-nof-24 px-nof-16\">\u2013 Saimme t\u00e4llaisen yhteisen kokemuksen, sellaisen mielett\u00f6m\u00e4n kes\u00e4reissun. Se her\u00e4tti itsess\u00e4ni tavallaan aika paljon kaikenlaisia fiiliksi\u00e4, h\u00e4n kommentoi.<\/p>\n<p class=\"article-body mb-nof-24 px-nof-16\">Matin ja Elisan suhde p\u00e4\u00e4ttyi eroon.<\/p>\n","protected":false},"excerpt":{"rendered":"Ensitreffit alttarilla -sarjassa n\u00e4hty Elisa katuu ohjelmaan osallistumista. Ensitreffit alttarilla -sarjassa n\u00e4hty Elisa, 41, kertoo Iltalehden haastattelussa katuvansa&hellip;\n","protected":false},"author":2,"featured_media":102224,"comment_status":"","ping_status":"","sticky":false,"template":"","format":"standard","meta":{"footnotes":""},"categories":[136],"tags":[407,137,33,31,30,34,408,32,109],"class_list":{"0":"post-102223","1":"post","2":"type-post","3":"status-publish","4":"format-standard","5":"has-post-thumbnail","7":"category-julkkikset","8":"tag-celebrities","9":"tag-entertainment","10":"tag-fi","11":"tag-finland","12":"tag-finnish","13":"tag-ilta-sanomat","14":"tag-julkkikset","15":"tag-suomi","16":"tag-viihde"},"share_on_mastodon":{"url":"https:\/\/pubeurope.com\/@fi\/115626710552751943","error":""},"_links":{"self":[{"href":"https:\/\/www.europesays.com\/fi\/wp-json\/wp\/v2\/posts\/102223","targetHints":{"allow":["GET"]}}],"collection":[{"href":"https:\/\/www.europesays.com\/fi\/wp-json\/wp\/v2\/posts"}],"about":[{"href":"https:\/\/www.europesays.com\/fi\/wp-json\/wp\/v2\/types\/post"}],"author":[{"embeddable":true,"href":"https:\/\/www.europesays.com\/fi\/wp-json\/wp\/v2\/users\/2"}],"replies":[{"embeddable":true,"href":"https:\/\/www.europesays.com\/fi\/wp-json\/wp\/v2\/comments?post=102223"}],"version-history":[{"count":0,"href":"https:\/\/www.europesays.com\/fi\/wp-json\/wp\/v2\/posts\/102223\/revisions"}],"wp:featuredmedia":[{"embeddable":true,"href":"https:\/\/www.europesays.com\/fi\/wp-json\/wp\/v2\/media\/102224"}],"wp:attachment":[{"href":"https:\/\/www.europesays.com\/fi\/wp-json\/wp\/v2\/media?parent=102223"}],"wp:term":[{"taxonomy":"category","embeddable":true,"href":"https:\/\/www.europesays.com\/fi\/wp-json\/wp\/v2\/categories?post=102223"},{"taxonomy":"post_tag","embeddable":true,"href":"https:\/\/www.europesays.com\/fi\/wp-json\/wp\/v2\/tags?post=102223"}],"curies":[{"name":"wp","href":"https:\/\/api.w.org\/{rel}","templated":true}]}}