{"id":102231,"date":"2025-11-28T10:00:12","date_gmt":"2025-11-28T10:00:12","guid":{"rendered":"https:\/\/www.europesays.com\/fi\/102231\/"},"modified":"2025-11-28T10:00:12","modified_gmt":"2025-11-28T10:00:12","slug":"onnettomuus-venajan-avaruuskeskuksessa","status":"publish","type":"post","link":"https:\/\/www.europesays.com\/fi\/102231\/","title":{"rendered":"Onnettomuus Ven\u00e4j\u00e4n avaruuskeskuksessa"},"content":{"rendered":"<p>Baikonurin avaruuskeskuksen onnettomuus voi lopettaa Ven\u00e4j\u00e4n avaruuslennot jopa kahdeksi vuodeksi. Roskosmoksen mukaan laukaisualusta saadaan korjattua nopeasti.<\/p>\n<p><img decoding=\"async\" class=\"image image-show image-preview\" src=\"https:\/\/www.europesays.com\/fi\/wp-content\/uploads\/2025\/11\/f2cac28d03d61c26e2efa274b4f175b87d1a472272423de87f54d9680744f837.jpg\" alt=\"\"\/><img decoding=\"async\" class=\"image image-show\" src=\"https:\/\/www.europesays.com\/fi\/wp-content\/uploads\/2025\/11\/1764324012_719_f2cac28d03d61c26e2efa274b4f175b87d1a472272423de87f54d9680744f837.jpg\" alt=\"\"\/><\/p>\n<p>Sojuz MS-28 -avaruusalus laukaistiin Kansainv\u00e4liselle avaruusasemalle Baikonurin avaruuskeskuksesta 27. marraskuuta. EPA \/ AOP<\/p>\n<p class=\"paragraph\">Baikonurin avaruuskeskuksessa Kazakstanissa tapahtui torstaina onnettomuus, joka saattaa vied\u00e4 Ven\u00e4j\u00e4lt\u00e4 mahdollisuuden l\u00e4hett\u00e4\u00e4 ihmisi\u00e4 avaruuteen jopa kahdeksi vuodeksi.<\/p>\n<p class=\"paragraph\">Syyn\u00e4 on Sojuz MS-28 -avaruusaluksen laukaisun yhteydess\u00e4 miehitettyjen lentojen k\u00e4ytt\u00f6\u00f6n tarkoitetun huoltokopin romahdus. Asiasta <a href=\"https:\/\/www.moscowtimes.ru\/2025\/11\/27\/iz-za-avarii-nabaikonure-rossiya-vpervie-za60-let-lishilas-vozmozhnosti-otpravlyat-lyudei-vkosmos-a181243\" target=\"_blank\" rel=\"noopener nofollow\">uutisoi<\/a> itsen\u00e4inen ven\u00e4l\u00e4ismedia The Moscow Times.<\/p>\n<p class=\"paragraph\">Kyseess\u00e4 on ainoa toiminnassa oleva laukaisualusta, jolta Ven\u00e4j\u00e4 pystyy l\u00e4hett\u00e4m\u00e4\u00e4n miehitettyj\u00e4 lentoja Kansainv\u00e4liselle avaruusasemalle (ISS).<\/p>\n<p class=\"paragraph\">Kukaan ei loukkaantunut onnettomuudessa, mutta alustaan kohdistuneet vauriot ovat asiantuntijoiden mukaan vakavat.<\/p>\n<p class=\"paragraph\">Raketin laukaisun yhteydess\u00e4 sen ensimm\u00e4isen vaiheen moottorien pakokaasut repiv\u00e4t irti osan laukaisurakenteista, ja alustalla tarvitaan nyt mittavia korjauksia. Ty\u00f6 voi kest\u00e4\u00e4 pahimmillaan jopa kaksi vuotta.<\/p>\n<p class=\"paragraph\">\u2013 K\u00e4yt\u00e4nn\u00f6ss\u00e4 t\u00e4st\u00e4 p\u00e4iv\u00e4st\u00e4 l\u00e4htien Ven\u00e4j\u00e4 on menett\u00e4nyt mahdollisuuden l\u00e4hett\u00e4\u00e4 ihmisi\u00e4 avaruuteen \u2013 ensimm\u00e4ist\u00e4 kertaa sitten vuoden 1961, ven\u00e4l\u00e4inen asiantuntija <strong>Vitali Jegorov<\/strong> sanoi.<\/p>\n<p class=\"paragraph\">Jegorovin mukaan 64 vuoden aikana kyseiselt\u00e4 laukaisualustalta on tehty noin 500 lentoa, ja vuodesta 2018 l\u00e4htien se on ollut Ven\u00e4j\u00e4n ainoa ISS-ohjelmaa palveleva alusta.<\/p>\n<p class=\"paragraph\">Ven\u00e4j\u00e4n Kaukoid\u00e4ss\u00e4 sijaitsevan Vostot\u0161nyin avaruuskeskuksen Sojuz-rakettien laukaisualusta ei sovellu miehitettyjen avaruuslentojen l\u00e4hett\u00e4miseen.<\/p>\n<p class=\"paragraph\">Roskosmos sanoi Sojuz MS-28 -aluksen miehist\u00f6n saavuttaneen ISS:n onnistuneesti.<\/p>\n<p class=\"paragraph\">Avaruusj\u00e4rjest\u00f6 my\u00f6nsi laukaisualustalla tapahtuneen onnettomuuden, mutta v\u00e4itti, ett\u00e4   tuhot saadaan nopeasti korjattua.<\/p>\n","protected":false},"excerpt":{"rendered":"Baikonurin avaruuskeskuksen onnettomuus voi lopettaa Ven\u00e4j\u00e4n avaruuslennot jopa kahdeksi vuodeksi. Roskosmoksen mukaan laukaisualusta saadaan korjattua nopeasti. Sojuz MS-28&hellip;\n","protected":false},"author":2,"featured_media":102232,"comment_status":"","ping_status":"","sticky":false,"template":"","format":"standard","meta":{"footnotes":""},"categories":[112],"tags":[35,1205,33,31,30,118,32,779,4842,487,119,538],"class_list":{"0":"post-102231","1":"post","2":"type-post","3":"status-publish","4":"format-standard","5":"has-post-thumbnail","7":"category-tiede","8":"tag-24h","9":"tag-avaruusohjelmat","10":"tag-fi","11":"tag-finland","12":"tag-finnish","13":"tag-science","14":"tag-suomi","15":"tag-tahtitiede","16":"tag-taivaankappaleet","17":"tag-teknologia-yleista","18":"tag-tiede","19":"tag-tiede-ja-tekniikka"},"share_on_mastodon":{"url":"https:\/\/pubeurope.com\/@fi\/115626746023722171","error":""},"_links":{"self":[{"href":"https:\/\/www.europesays.com\/fi\/wp-json\/wp\/v2\/posts\/102231","targetHints":{"allow":["GET"]}}],"collection":[{"href":"https:\/\/www.europesays.com\/fi\/wp-json\/wp\/v2\/posts"}],"about":[{"href":"https:\/\/www.europesays.com\/fi\/wp-json\/wp\/v2\/types\/post"}],"author":[{"embeddable":true,"href":"https:\/\/www.europesays.com\/fi\/wp-json\/wp\/v2\/users\/2"}],"replies":[{"embeddable":true,"href":"https:\/\/www.europesays.com\/fi\/wp-json\/wp\/v2\/comments?post=102231"}],"version-history":[{"count":0,"href":"https:\/\/www.europesays.com\/fi\/wp-json\/wp\/v2\/posts\/102231\/revisions"}],"wp:featuredmedia":[{"embeddable":true,"href":"https:\/\/www.europesays.com\/fi\/wp-json\/wp\/v2\/media\/102232"}],"wp:attachment":[{"href":"https:\/\/www.europesays.com\/fi\/wp-json\/wp\/v2\/media?parent=102231"}],"wp:term":[{"taxonomy":"category","embeddable":true,"href":"https:\/\/www.europesays.com\/fi\/wp-json\/wp\/v2\/categories?post=102231"},{"taxonomy":"post_tag","embeddable":true,"href":"https:\/\/www.europesays.com\/fi\/wp-json\/wp\/v2\/tags?post=102231"}],"curies":[{"name":"wp","href":"https:\/\/api.w.org\/{rel}","templated":true}]}}