{"id":102263,"date":"2025-11-28T10:44:09","date_gmt":"2025-11-28T10:44:09","guid":{"rendered":"https:\/\/www.europesays.com\/fi\/102263\/"},"modified":"2025-11-28T10:44:09","modified_gmt":"2025-11-28T10:44:09","slug":"mikko-holmstrom-on-kuollut-ilta-sanomat","status":"publish","type":"post","link":"https:\/\/www.europesays.com\/fi\/102263\/","title":{"rendered":"Mikko Holmstr\u00f6m on kuollut &#8211; Ilta-Sanomat"},"content":{"rendered":"<p>Vaikea sairaus vei Yp\u00f6-Viidess\u00e4 ja Pojissa kitaroineen Mikko Holmstr\u00f6min 65-vuotiaana.<\/p>\n<p class=\"article-body mb-nof-24 px-nof-16\">Suomalaisen punkmusiikin uranuurtajiin kuulunut kitaristi <a class=\"article-personlink\" href=\"https:\/\/www.is.fi\/haku\/?query=Mikko%20Holmstr%C3%B6m\" rel=\"nofollow noopener\" target=\"_blank\">Mikko Holmstr\u00f6m<\/a> on kuollut. Asiasta kertoo Holmstr\u00f6min lapsuudenyst\u00e4v\u00e4 ja pitk\u00e4aikainen b\u00e4ndikaveri <a class=\"article-personlink\" href=\"https:\/\/www.is.fi\/haku\/?query=Miika%20S%C3%B6derholm\" rel=\"nofollow noopener\" target=\"_blank\">Miika S\u00f6derholm<\/a> Facebook-p\u00e4ivityksess\u00e4\u00e4n.<\/p>\n<p class=\"article-body mb-nof-24 px-nof-16\">Asia selvi\u00e4\u00e4 my\u00f6s Digi- ja v\u00e4est\u00f6virastosta.<\/p>\n<p class=\"article-body mb-nof-24 px-nof-16\">Kotkassa toiminut, vuonna 1977 perustettu Yp\u00f6-Viis oli Suomen ensimm\u00e4inen omakustannelevyn julkaissut punkb\u00e4ndi. My\u00f6hemmin yhtye levytti Poko Rekordsille.<\/p>\n<p class=\"article-body mb-nof-24 px-nof-16\">Yhtyeen tunnetuimpia biisej\u00e4 olivat muun muassa Energia on A ja O, Mari pogoaa ja Pelk\u00e4\u00e4n pime\u00e4\u00e4.<\/p>\n<p class=\"article-body mb-nof-24 px-nof-16\">1980-luvulla Holmstr\u00f6m muutti Tampereelle. Holmstr\u00f6m opiskeli matematiikkaa ja valmistui diplomi-insin\u00f6\u00f6riksi teknillisest\u00e4 korkeakoulusta.<\/p>\n<p class=\"article-body mb-nof-24 px-nof-16\">1990-luvun taitteessa perustettu Pojat-yhtye jatkoi punkmusiikin parissa. Aktiivisimpina vuosinaan 1990\u201396 Pojat teki viisi studioalbumia.<\/p>\n<p class=\"article-body mb-nof-24 px-nof-16\">Menestyksekk\u00e4in levytys oli Pasi Virtanen -single. K\u00e4\u00e4nn\u00f6s alunperin englantilaisen Boys-yhtyeen levytt\u00e4m\u00e4st\u00e4 kappaleesta Jimmy Brown nousi tammikuussa 1992 Suomen virallisen singlelistan ykk\u00f6seksi.<\/p>\n<p class=\"article-body mb-nof-24 px-nof-16\">Holmstr\u00f6m syntyi Urjalassa vuonna 1960. Perhe muutti nykyisin Kotkaan kuuluvaan Karhulan kauppalaan, kun Holmstr\u00f6m oli kymmenen.<\/p>\n<p class=\"article-body mb-nof-24 px-nof-16\">1970-luvulla Holmstr\u00f6m opetteli soittamaan kitaraa <a class=\"article-personlink\" href=\"https:\/\/www.is.fi\/haku\/?query=Juha%20Bj%C3%B6rnisen\" rel=\"nofollow noopener\" target=\"_blank\">Juha Bj\u00f6rnisen<\/a> vet\u00e4m\u00e4ll\u00e4 kurssilla.<\/p>\n<p class=\"article-body mb-nof-24 px-nof-16\">Pian h\u00e4n tutustui basisti-laulaja Miika S\u00f6derholmiin. Kun mukaan liittyi rumpali <a class=\"article-personlink\" href=\"https:\/\/www.is.fi\/haku\/?query=Rabbe%20Johansson\" rel=\"nofollow noopener\" target=\"_blank\">Rabbe Johansson<\/a>, Yp\u00f6-Viis oli syntynyt.<\/p>\n<p class=\"article-body mb-nof-24 px-nof-16\">Holmstr\u00f6m ja S\u00f6derholm soittivat yhdess\u00e4 my\u00f6s Pojissa. Molemmat yhtyeet ovat keikkailleet edelleen aina t\u00e4h\u00e4n syksyyn saakka.<\/p>\n<p class=\"article-body mb-nof-24 px-nof-16\">S\u00f6derholm kertoo yst\u00e4v\u00e4ns\u00e4 kuolleen vaikeaan sairauteen 22. marraskuuta.<\/p>\n<p class=\"article-body mb-nof-24 px-nof-16\">\u2013 Tapasimme 12-vuotiaina lennokkikerhossa. 53 vuotta yst\u00e4vyytt\u00e4, se on paljon. Maailmassani on nyt valtavan kokoinen aukko. Hyv\u00e4\u00e4 matkaa rakas veli ja kiitos, S\u00f6derholm kirjoittaa Facebook-p\u00e4ivityksess\u00e4\u00e4n.<\/p>\n<p class=\"article-body mb-nof-24 px-nof-16\">L\u00e4hteen\u00e4 muun muassa <a class=\"article-genericlink\" href=\"http:\/\/punkmuseo.fi\/\" rel=\"nofollow noopener\" target=\"_blank\">punkmuseo.fi<\/a>.<\/p>\n","protected":false},"excerpt":{"rendered":"Vaikea sairaus vei Yp\u00f6-Viidess\u00e4 ja Pojissa kitaroineen Mikko Holmstr\u00f6min 65-vuotiaana. Suomalaisen punkmusiikin uranuurtajiin kuulunut kitaristi Mikko Holmstr\u00f6m on&hellip;\n","protected":false},"author":2,"featured_media":102264,"comment_status":"","ping_status":"","sticky":false,"template":"","format":"standard","meta":{"footnotes":""},"categories":[136],"tags":[407,137,33,31,30,34,408,32,109],"class_list":{"0":"post-102263","1":"post","2":"type-post","3":"status-publish","4":"format-standard","5":"has-post-thumbnail","7":"category-julkkikset","8":"tag-celebrities","9":"tag-entertainment","10":"tag-fi","11":"tag-finland","12":"tag-finnish","13":"tag-ilta-sanomat","14":"tag-julkkikset","15":"tag-suomi","16":"tag-viihde"},"share_on_mastodon":{"url":"https:\/\/pubeurope.com\/@fi\/115626918750695891","error":""},"_links":{"self":[{"href":"https:\/\/www.europesays.com\/fi\/wp-json\/wp\/v2\/posts\/102263","targetHints":{"allow":["GET"]}}],"collection":[{"href":"https:\/\/www.europesays.com\/fi\/wp-json\/wp\/v2\/posts"}],"about":[{"href":"https:\/\/www.europesays.com\/fi\/wp-json\/wp\/v2\/types\/post"}],"author":[{"embeddable":true,"href":"https:\/\/www.europesays.com\/fi\/wp-json\/wp\/v2\/users\/2"}],"replies":[{"embeddable":true,"href":"https:\/\/www.europesays.com\/fi\/wp-json\/wp\/v2\/comments?post=102263"}],"version-history":[{"count":0,"href":"https:\/\/www.europesays.com\/fi\/wp-json\/wp\/v2\/posts\/102263\/revisions"}],"wp:featuredmedia":[{"embeddable":true,"href":"https:\/\/www.europesays.com\/fi\/wp-json\/wp\/v2\/media\/102264"}],"wp:attachment":[{"href":"https:\/\/www.europesays.com\/fi\/wp-json\/wp\/v2\/media?parent=102263"}],"wp:term":[{"taxonomy":"category","embeddable":true,"href":"https:\/\/www.europesays.com\/fi\/wp-json\/wp\/v2\/categories?post=102263"},{"taxonomy":"post_tag","embeddable":true,"href":"https:\/\/www.europesays.com\/fi\/wp-json\/wp\/v2\/tags?post=102263"}],"curies":[{"name":"wp","href":"https:\/\/api.w.org\/{rel}","templated":true}]}}