{"id":102265,"date":"2025-11-28T10:47:10","date_gmt":"2025-11-28T10:47:10","guid":{"rendered":"https:\/\/www.europesays.com\/fi\/102265\/"},"modified":"2025-11-28T10:47:10","modified_gmt":"2025-11-28T10:47:10","slug":"sami-pajari-lataa-kovaa-tekstia-aika-raikkaasti","status":"publish","type":"post","link":"https:\/\/www.europesays.com\/fi\/102265\/","title":{"rendered":"Sami Pajari lataa kovaa teksti\u00e4 \u2013 \u201dAika raikkaasti\u201d"},"content":{"rendered":"<p>Sami Pajari virittelee sensaatiota Saudi-Arabian ankarassa ja arvoituksellisessa MM-rallissa.<\/p>\n<p class=\"article-body mb-nof-24 px-nof-16\">Jedda<\/p>\n<p class=\"article-body mb-nof-24 px-nof-16\">Suomalaiskuljettaja <a class=\"article-personlink\" href=\"https:\/\/www.is.fi\/haku\/?query=Sami%20Pajari\" rel=\"nofollow noopener\" target=\"_blank\">Sami Pajari<\/a>, 23, taistelee palkintopallisijoituksesta ja jopa voitosta Saudi-Arabian MM-rallissa.<\/p>\n<p class=\"article-body mb-nof-24 px-nof-16\">\u2013 Hyv\u00e4lt\u00e4 tuntuu. Aika raikkaasti pystyy vet\u00e4m\u00e4\u00e4n. Toki olisi kiva, jos pystyisi muutaman sekunnin olemaan viel\u00e4 nopeampi ja olemaan \u201dpiikiss\u00e4\u201d. Mutta olen selke\u00e4sti voittotaistelussa mukana, niin se on ihan hyv\u00e4, Toyota-mies Pajari sanoi perjantain aamup\u00e4iv\u00e4n huoltotauolla.<\/p>\n<p class=\"article-body mb-nof-24 px-nof-16\">Pajari oli perjantain aamup\u00e4iv\u00e4n huoltotauolla kilpailussa kolmantena, 4,5 sekunnin p\u00e4\u00e4ss\u00e4 rallia johtavasta ranskalaisesta Hyundai-kuljettaja <a class=\"article-personlink\" href=\"https:\/\/www.is.fi\/haku\/?query=Adrien%20Fourmaux%E2%80%99sta.\" rel=\"nofollow noopener\" target=\"_blank\">Adrien Fourmaux\u2019sta.<\/a><\/p>\n<p class=\"article-body mb-nof-24 px-nof-16\">\u2013 Taistelu on tosi tiukkaa, kilpailun k\u00e4rki on tiiviiss\u00e4 paketissa. En ole ihan t\u00e4ysin tyytyv\u00e4inen omaan ajamiseeni. Ihan kivasti on mennyt, mutta yksitt\u00e4isi\u00e4 paikkoja on, mist\u00e4 saisi nipistetty\u00e4 kymmenyksi\u00e4 sielt\u00e4 t\u00e4\u00e4lt\u00e4, Pajari sanoi.<\/p>\n<p class=\"article-body mb-nof-24 px-nof-16\">\u2013 Olisin toivonut, ett\u00e4 olisi l\u00f6ytynyt viel\u00e4 v\u00e4h\u00e4n lis\u00e4\u00e4 omaan ajamiseen, Pajari pohdiskeli.<\/p>\n<p><img decoding=\"async\" src=\"https:\/\/www.europesays.com\/fi\/wp-content\/uploads\/2025\/11\/1764276970_163_468.jpg\" alt=\"\" class=\"_Img_1rerz_1\" style=\"aspect-ratio:1.5011727912431587\" loading=\"eager\"\/><\/p>\n<p class=\"article-picture-caption\">Kuva:\u00a0Luca Barsali \/ ZUMA<\/p>\n<p class=\"article-body mb-nof-24 px-nof-16\">Pajari kokee hy\u00f6tyv\u00e4ns\u00e4 siit\u00e4, ett\u00e4 Saudi-Arabian MM-ralli ajetaan nyt ensimm\u00e4ist\u00e4 kertaa. H\u00e4n p\u00e4\u00e4si niin sanotusti samalta viivalta kilpailuun kokeneempien kuljettajien kanssa.<\/p>\n<p class=\"article-body mb-nof-24 px-nof-16\">Saudi-Arabian ralli on kuitenkin kaikessa arvoituksellisuudessaan todella raju autoille, renkaille ja kuljettajille.<\/p>\n<p class=\"article-body mb-nof-24 px-nof-16\">\u2013 Auton sis\u00e4ll\u00e4 paukkuu aika paljon, isoja osumia kivist\u00e4 tulee ja n\u00e4in. Vaatii sopivasti onneakin, ett\u00e4 s\u00e4\u00e4styy esimerkiksi rengasrikoilta, Pajari selvitti.<\/p>\n<p class=\"article-body mb-nof-24 px-nof-16\">Pajari on ylt\u00e4nyt kerran palkintopallille MM-sarjan p\u00e4\u00e4luokassa. H\u00e4n oli kolmas hiljattain ajetussa Japanin MM-osakilpailussa.<\/p>\n<p class=\"article-body mb-nof-24 px-nof-16\">Kilvoittelu Saudi-Arabiassa jatkuu my\u00f6hemmin perjantaina. Ralli p\u00e4\u00e4ttyy lauantaina.<\/p>\n","protected":false},"excerpt":{"rendered":"Sami Pajari virittelee sensaatiota Saudi-Arabian ankarassa ja arvoituksellisessa MM-rallissa. Jedda Suomalaiskuljettaja Sami Pajari, 23, taistelee palkintopallisijoituksesta ja jopa&hellip;\n","protected":false},"author":2,"featured_media":102266,"comment_status":"","ping_status":"","sticky":false,"template":"","format":"standard","meta":{"footnotes":""},"categories":[133],"tags":[137,33,31,30,34,32,206,156,109],"class_list":{"0":"post-102265","1":"post","2":"type-post","3":"status-publish","4":"format-standard","5":"has-post-thumbnail","7":"category-televisiot","8":"tag-entertainment","9":"tag-fi","10":"tag-finland","11":"tag-finnish","12":"tag-ilta-sanomat","13":"tag-suomi","14":"tag-televisiot","15":"tag-tv","16":"tag-viihde"},"share_on_mastodon":{"url":"https:\/\/pubeurope.com\/@fi\/115626930765977996","error":""},"_links":{"self":[{"href":"https:\/\/www.europesays.com\/fi\/wp-json\/wp\/v2\/posts\/102265","targetHints":{"allow":["GET"]}}],"collection":[{"href":"https:\/\/www.europesays.com\/fi\/wp-json\/wp\/v2\/posts"}],"about":[{"href":"https:\/\/www.europesays.com\/fi\/wp-json\/wp\/v2\/types\/post"}],"author":[{"embeddable":true,"href":"https:\/\/www.europesays.com\/fi\/wp-json\/wp\/v2\/users\/2"}],"replies":[{"embeddable":true,"href":"https:\/\/www.europesays.com\/fi\/wp-json\/wp\/v2\/comments?post=102265"}],"version-history":[{"count":0,"href":"https:\/\/www.europesays.com\/fi\/wp-json\/wp\/v2\/posts\/102265\/revisions"}],"wp:featuredmedia":[{"embeddable":true,"href":"https:\/\/www.europesays.com\/fi\/wp-json\/wp\/v2\/media\/102266"}],"wp:attachment":[{"href":"https:\/\/www.europesays.com\/fi\/wp-json\/wp\/v2\/media?parent=102265"}],"wp:term":[{"taxonomy":"category","embeddable":true,"href":"https:\/\/www.europesays.com\/fi\/wp-json\/wp\/v2\/categories?post=102265"},{"taxonomy":"post_tag","embeddable":true,"href":"https:\/\/www.europesays.com\/fi\/wp-json\/wp\/v2\/tags?post=102265"}],"curies":[{"name":"wp","href":"https:\/\/api.w.org\/{rel}","templated":true}]}}