{"id":102269,"date":"2025-11-28T10:51:10","date_gmt":"2025-11-28T10:51:10","guid":{"rendered":"https:\/\/www.europesays.com\/fi\/102269\/"},"modified":"2025-11-28T10:51:10","modified_gmt":"2025-11-28T10:51:10","slug":"sami-pajari-katsoi-tuloksia-ja-yllattyi-olisi-todellinen-ihme","status":"publish","type":"post","link":"https:\/\/www.europesays.com\/fi\/102269\/","title":{"rendered":"Sami Pajari katsoi tuloksia ja yll\u00e4ttyi: \u201dOlisi todellinen ihme\u201d"},"content":{"rendered":"<p>Sami Pajari taistelee MM-rallin voitosta.<\/p>\n<p><img decoding=\"async\" class=\"image image-show image-preview\" src=\"https:\/\/www.europesays.com\/fi\/wp-content\/uploads\/2025\/11\/35c320f9c23226f6d9acd55155870b5275ba96cda91bda55a3a55da959a82ce7.jpg\" alt=\"\"\/><img decoding=\"async\" class=\"image image-show\" src=\"https:\/\/www.europesays.com\/fi\/wp-content\/uploads\/2025\/11\/1764327070_4_35c320f9c23226f6d9acd55155870b5275ba96cda91bda55a3a55da959a82ce7.jpg\" alt=\"\"\/><\/p>\n<p>Sami Pajari on mukana voittotaistelussa.  AOP<\/p>\n<p class=\"paragraph\"><strong>Sami Pajari<\/strong> on mukana sekuntitaistelussa Saudi-Arabian rallin voitosta.<\/p>\n<p class=\"paragraph\">H\u00e4n tippui aamulenkin toisella erikoiskokeella latvialaisen <strong>M\u0101rti\u0146\u0161 Sesksin<\/strong> taakse kisan kolmanneksi.<\/p>\n<p class=\"paragraph\">Erot ovat kuitenkin h\u00e4vi\u00e4v\u00e4n pieni\u00e4. Sesks on 1,6 sekuntia edell\u00e4, ja kisaa johtava <strong>Adrien Fourmaux<\/strong> on 4,5 sekunnin p\u00e4\u00e4ss\u00e4.<\/p>\n<p class=\"paragraph\">\u2013\u2009On todella tiukkaa. Oletin jo, ett\u00e4 erot olisivat isommat, Pajari my\u00f6nsi huoltotauolla.<\/p>\n<p class=\"paragraph\">\u2013\u2009En ole ihan tyytyv\u00e4inen. P\u00e4tk\u00e4t ovat menneet ihan kivasti, vaikka varmasti oli jotain yksitt\u00e4isi\u00e4 paikkojen, joissa kymmenyksi\u00e4 olisi saanut pois.<\/p>\n<p class=\"paragraph\">Poikkeuksellisesti voittotaistelussa on nyt kolme eri autovalmistajan kuskit. Pajarin vastuulla on merkkimestaruuden jo varmistaneen Toyotan kunnia.<\/p>\n<p class=\"paragraph\">\u2013\u2009Yrit\u00e4n vain ajaa jokaisen p\u00e4tk\u00e4n niin hyvin kuin osaan. Tulos on sitten se, mik\u00e4 se on.<\/p>\n<p class=\"paragraph\">Perjantain iltap\u00e4iv\u00e4ss\u00e4 ajetaan samat kolme p\u00e4tk\u00e4\u00e4 uudestaan. J\u00e4rjestys ehtii vaihtua viel\u00e4 monta kertaa.<\/p>\n<p class=\"paragraph\">\u2013\u2009Olisi todellinen ihme, jos kenellek\u00e4\u00e4n ei sattuisi mit\u00e4\u00e4n iltap\u00e4iv\u00e4ll\u00e4.<\/p>\n<p class=\"paragraph\">Pajari nousi uransa ensimm\u00e4isen kerran palkintopallille Japanissa pari viikkoa sitten. Nyt h\u00e4n on tiiviisti mukana jopa rallin voittokamppailussa.<\/p>\n<p class=\"paragraph\">\u2013\u2009Tuntuu hyv\u00e4lt\u00e4. Kyll\u00e4 siell\u00e4 aika raikkaasti pystyy vet\u00e4m\u00e4\u00e4n, Pajari hymyili.<\/p>\n","protected":false},"excerpt":{"rendered":"Sami Pajari taistelee MM-rallin voitosta. Sami Pajari on mukana voittotaistelussa. AOP Sami Pajari on mukana sekuntitaistelussa Saudi-Arabian rallin&hellip;\n","protected":false},"author":2,"featured_media":102270,"comment_status":"","ping_status":"","sticky":false,"template":"","format":"standard","meta":{"footnotes":""},"categories":[158],"tags":[35,648,33,31,30,2763,121,41,159,32,128,160],"class_list":{"0":"post-102269","1":"post","2":"type-post","3":"status-publish","4":"format-standard","5":"has-post-thumbnail","7":"category-urheilu","8":"tag-24h","9":"tag-autot","10":"tag-fi","11":"tag-finland","12":"tag-finnish","13":"tag-kulkuneuvojen-valmistus","14":"tag-liikenne-ja-kuljetus","15":"tag-liikunta-ja-urheilu","16":"tag-sports","17":"tag-suomi","18":"tag-tieliikenne","19":"tag-urheilu"},"share_on_mastodon":{"url":"https:\/\/pubeurope.com\/@fi\/115626946556035200","error":""},"_links":{"self":[{"href":"https:\/\/www.europesays.com\/fi\/wp-json\/wp\/v2\/posts\/102269","targetHints":{"allow":["GET"]}}],"collection":[{"href":"https:\/\/www.europesays.com\/fi\/wp-json\/wp\/v2\/posts"}],"about":[{"href":"https:\/\/www.europesays.com\/fi\/wp-json\/wp\/v2\/types\/post"}],"author":[{"embeddable":true,"href":"https:\/\/www.europesays.com\/fi\/wp-json\/wp\/v2\/users\/2"}],"replies":[{"embeddable":true,"href":"https:\/\/www.europesays.com\/fi\/wp-json\/wp\/v2\/comments?post=102269"}],"version-history":[{"count":0,"href":"https:\/\/www.europesays.com\/fi\/wp-json\/wp\/v2\/posts\/102269\/revisions"}],"wp:featuredmedia":[{"embeddable":true,"href":"https:\/\/www.europesays.com\/fi\/wp-json\/wp\/v2\/media\/102270"}],"wp:attachment":[{"href":"https:\/\/www.europesays.com\/fi\/wp-json\/wp\/v2\/media?parent=102269"}],"wp:term":[{"taxonomy":"category","embeddable":true,"href":"https:\/\/www.europesays.com\/fi\/wp-json\/wp\/v2\/categories?post=102269"},{"taxonomy":"post_tag","embeddable":true,"href":"https:\/\/www.europesays.com\/fi\/wp-json\/wp\/v2\/tags?post=102269"}],"curies":[{"name":"wp","href":"https:\/\/api.w.org\/{rel}","templated":true}]}}