{"id":102271,"date":"2025-11-28T10:52:09","date_gmt":"2025-11-28T10:52:09","guid":{"rendered":"https:\/\/www.europesays.com\/fi\/102271\/"},"modified":"2025-11-28T10:52:09","modified_gmt":"2025-11-28T10:52:09","slug":"pojat-yhtyeen-kitaristi-mikko-holmstrom-on-kuollut","status":"publish","type":"post","link":"https:\/\/www.europesays.com\/fi\/102271\/","title":{"rendered":"Pojat-yhtyeen kitaristi Mikko Holmstr\u00f6m on kuollut"},"content":{"rendered":"<p>Mikko Holmstr\u00f6m menehtyi vaikeaan sairauteen.<\/p>\n<p class=\"article-body mb-nof-24 px-nof-16\">Aamulehti<\/p>\n<p class=\"article-body mb-nof-24 px-nof-16\">Pojat-yhtyeen kitaristi <a class=\"article-personlink\" href=\"https:\/\/www.aamulehti.fi\/haku\/?query=Mikko%20Holmstr%C3%B6m\" rel=\"nofollow noopener\" target=\"_blank\">Mikko Holmstr\u00f6m<\/a> on kuollut lauantaina 22. marraskuuta.<\/p>\n<p class=\"article-body mb-nof-24 px-nof-16\">Asian vahvisti Aamulehdelle Poikien laulaja-kitaristi <a class=\"article-personlink\" href=\"https:\/\/www.aamulehti.fi\/haku\/?query=Miika%20S%C3%B6derholm\" rel=\"nofollow noopener\" target=\"_blank\">Miika S\u00f6derholm<\/a>.<\/p>\n<p class=\"article-body mb-nof-24 px-nof-16\">Tamperelainen punkyhtye kertoo asiasta Instagram- ja Facebook-sivuillaan julkaisussa, jossa S\u00f6derholm kertoo tavanneensa Holmstr\u00f6min 12-vuotiaana lennokkikerhossa.<\/p>\n<p class=\"article-body mb-nof-24 px-nof-16\">\u201d53 vuotta yst\u00e4vyytt\u00e4, se on paljon. Maailmassani on nyt valtavan kokoinen aukko. Hyv\u00e4\u00e4 matkaa rakas veli ja kiitos\u201d, S\u00f6derholm kirjoittaa julkaisussa. Julkaisussa kerrotaan, ett\u00e4 Holmstr\u00f6m menehtyi vaikeaan sairauteen.<\/p>\n<p class=\"article-body mb-nof-24 px-nof-16\">Pojat-yhtye perustettiin vuonna 1989.<\/p>\n<p class=\"article-body mb-nof-24 px-nof-16\">Holmstr\u00f6m ja S\u00f6derholm soittivat ennen Pojat-yhtyett\u00e4 17-vuotiaina perustamassaan Yp\u00f6-Viis-yhtyeess\u00e4 (1977\u20131981), joka oli ensimm\u00e4isen omakustannelevyn julkaissut suomalainen punkyhtye.<\/p>\n<p class=\"article-body mb-nof-24 px-nof-16\">Lue lis\u00e4\u00e4: <a class=\"article-genericlink\" href=\"https:\/\/www.aamulehti.fi\/kulttuuri\/art-2000007351547.html\" rel=\"nofollow noopener\" target=\"_blank\">Tamperelainen punklegenda tekee yhden keikan mittaisen comebackin \u2013 mutta Porissa!<\/a><\/p>\n","protected":false},"excerpt":{"rendered":"Mikko Holmstr\u00f6m menehtyi vaikeaan sairauteen. Aamulehti Pojat-yhtyeen kitaristi Mikko Holmstr\u00f6m on kuollut lauantaina 22. marraskuuta. Asian vahvisti Aamulehdelle&hellip;\n","protected":false},"author":2,"featured_media":1431,"comment_status":"","ping_status":"","sticky":false,"template":"","format":"standard","meta":{"footnotes":""},"categories":[130],"tags":[157,137,33,31,30,32,109],"class_list":{"0":"post-102271","1":"post","2":"type-post","3":"status-publish","4":"format-standard","5":"has-post-thumbnail","7":"category-viihde","8":"tag-aamulehti","9":"tag-entertainment","10":"tag-fi","11":"tag-finland","12":"tag-finnish","13":"tag-suomi","14":"tag-viihde"},"share_on_mastodon":{"url":"https:\/\/pubeurope.com\/@fi\/115626950192371446","error":""},"_links":{"self":[{"href":"https:\/\/www.europesays.com\/fi\/wp-json\/wp\/v2\/posts\/102271","targetHints":{"allow":["GET"]}}],"collection":[{"href":"https:\/\/www.europesays.com\/fi\/wp-json\/wp\/v2\/posts"}],"about":[{"href":"https:\/\/www.europesays.com\/fi\/wp-json\/wp\/v2\/types\/post"}],"author":[{"embeddable":true,"href":"https:\/\/www.europesays.com\/fi\/wp-json\/wp\/v2\/users\/2"}],"replies":[{"embeddable":true,"href":"https:\/\/www.europesays.com\/fi\/wp-json\/wp\/v2\/comments?post=102271"}],"version-history":[{"count":0,"href":"https:\/\/www.europesays.com\/fi\/wp-json\/wp\/v2\/posts\/102271\/revisions"}],"wp:featuredmedia":[{"embeddable":true,"href":"https:\/\/www.europesays.com\/fi\/wp-json\/wp\/v2\/media\/1431"}],"wp:attachment":[{"href":"https:\/\/www.europesays.com\/fi\/wp-json\/wp\/v2\/media?parent=102271"}],"wp:term":[{"taxonomy":"category","embeddable":true,"href":"https:\/\/www.europesays.com\/fi\/wp-json\/wp\/v2\/categories?post=102271"},{"taxonomy":"post_tag","embeddable":true,"href":"https:\/\/www.europesays.com\/fi\/wp-json\/wp\/v2\/tags?post=102271"}],"curies":[{"name":"wp","href":"https:\/\/api.w.org\/{rel}","templated":true}]}}