{"id":102272,"date":"2025-11-28T10:55:09","date_gmt":"2025-11-28T10:55:09","guid":{"rendered":"https:\/\/www.europesays.com\/fi\/102272\/"},"modified":"2025-11-28T10:55:09","modified_gmt":"2025-11-28T10:55:09","slug":"yhteishanke-edistaa-kiinteistoakkujen-kayttoonottoa-suomen-energiajarjestelman-joustavuuden-lisaamiseksi","status":"publish","type":"post","link":"https:\/\/www.europesays.com\/fi\/102272\/","title":{"rendered":"Yhteishanke edist\u00e4\u00e4 kiinteist\u00f6akkujen k\u00e4ytt\u00f6\u00f6nottoa Suomen energiaj\u00e4rjestelm\u00e4n joustavuuden lis\u00e4\u00e4miseksi"},"content":{"rendered":"<p>Kiinteist\u00f6akut ovat avainasemassa energiaj\u00e4rjestelm\u00e4n joustavuuden lis\u00e4\u00e4misess\u00e4. Ne mahdollistavat esimerkiksi aurinko- ja tuulivoiman varastoinnin ja k\u00e4yt\u00f6n silloin, kun s\u00e4hk\u00f6n kysynt\u00e4 on suurimmillaan. Sein\u00e4joen ammattikorkeakoulun (SEAMK) koordinoima Kiinteist\u00f6akku2030-hanke k\u00e4ynnistyi syksyll\u00e4 tavoitteenaan edist\u00e4\u00e4 kiinteist\u00f6akkujen k\u00e4ytt\u00f6\u00f6nottoa suomalaisissa kotitalouksissa ja kiinteist\u00f6iss\u00e4. Kiinteist\u00f6akkujen n\u00e4hd\u00e4\u00e4n mahdollistavan uusiutuvan energian tehokkaamman hy\u00f6dynt\u00e4misen, energiaomavaraisuutta parantamisen sek\u00e4 tukevan Suomen siirtym\u00e4\u00e4 kohti hiilineutraalia yhteiskuntaa.<\/p>\n<p>Nelj\u00e4n ammattikorkeakoulun yhteishankkeessa kehitet\u00e4\u00e4n ja pilotoidaan uusia teknisi\u00e4 ratkaisuja, vertaillaan kansainv\u00e4lisi\u00e4 markkinoita ja lains\u00e4\u00e4d\u00e4nt\u00f6\u00e4 sek\u00e4 luodaan ty\u00f6kaluja ja liiketoimintamalleja kotitalouksille ja yrityksille.\u00a0SEAMKin kanssa hanketta toteuttavat\u00a0Vaasan ammattikorkeakoulu (VAMK), Kaakkois-Suomen ammattikorkeakoulu (Xamk), Turun ammattikorkeakoulu (TurkuAMK) ja Centria-ammattikorkeakoulu. Jokaisella ammattikorkeakoululla on omat vastuualueensa kuten tekninen kehitys, akkukemioiden tutkimus, asennus- ja turvallisuusohjeistus sek\u00e4 elinkaarianalyysit.<\/p>\n<p>\u201dKiinteist\u00f6akku2030-hanke on merkitt\u00e4v\u00e4 askel kohti kotitalouksien energiaomavaraisuutta ja kest\u00e4v\u00e4\u00e4 energiaj\u00e4rjestelm\u00e4\u00e4. Yhdist\u00e4m\u00e4ll\u00e4 teknologian kehityksen, kansainv\u00e4lisen vertailun ja k\u00e4yt\u00e4nn\u00f6n pilotoinnin luomme ratkaisuja, jotka hy\u00f6dytt\u00e4v\u00e4t sek\u00e4 kuluttajia ett\u00e4 yrityksi\u00e4. Tavoitteemme on, ett\u00e4 kiinteist\u00f6akut tulevat osaksi arkea ja tukevat Suomen siirtym\u00e4\u00e4 kohti hiilineutraalia tulevaisuutta\u201d, hankkeen projektip\u00e4\u00e4llikk\u00f6, erityisasiantuntija\u00a0<strong>Suvi Karirinne<\/strong>\u00a0Sein\u00e4joen ammattikorkeakoulusta kertoo.<\/p>\n<p>Karirinteen mukaan suomalaisissa kotitalouksissa on merkitt\u00e4v\u00e4 hy\u00f6dynt\u00e4m\u00e4t\u00f6n potentiaali energian varastoinnissa. Kiinteist\u00f6akut mahdollistavat ylij\u00e4\u00e4m\u00e4aurinkos\u00e4hk\u00f6n varastoinnin ja auttavat kotitalouksia hallitsemaan s\u00e4hk\u00f6n hinnan vaihteluita. Hanke tukee vihre\u00e4\u00e4 siirtym\u00e4\u00e4, v\u00e4hent\u00e4\u00e4 riippuvuutta fossiilisista polttoaineista ja luo uusia liiketoimintamahdollisuuksia suomalaisille yrityksille.<\/p>\n<p>Yksi hankkeen n\u00e4kyvimmist\u00e4 toimenpiteist\u00e4 on valtakunnallinen Road Show, jonka hankekumppanit toteuttavat yhdess\u00e4. Road Show\u2019n aikana hankkeen tuloksia ja pilottiratkaisuja esitell\u00e4\u00e4n viidell\u00e4 paikkakunnalla Suomessa. Ohjelmassa on demonstraatioita, ty\u00f6pajoja ja verkostoitumistilaisuuksia alan toimijoille, yrityksille ja suurelle yleis\u00f6lle. Kiertue edist\u00e4\u00e4 parhaiden k\u00e4yt\u00e4nt\u00f6jen levi\u00e4mist\u00e4, yhteisty\u00f6t\u00e4 ja kiinteist\u00f6akkujen k\u00e4ytt\u00f6\u00f6nottoa koko maassa.<\/p>\n<p>Hankkeen kesto on 1.8.2025\u201331.7.2027 ja kokonaisbudjetti 891 645 \u20ac. Hanketta rahoittavat Pohjois-Pohjanmaan ELY-keskus (EAKR) sek\u00e4 hankkeeseen osallistuvat ammattikorkeakoulut.<\/p>\n<p><strong>Lis\u00e4tiedot:<\/strong><\/p>\n<p><strong>Suvi Karirinne<\/strong><br \/>erityisasiantuntija, projektip\u00e4\u00e4llikk\u00f6<br \/>SEAMK \u2013 Sein\u00e4joen ammattikorkeakoulu<br \/>+358 40 830 2024<br \/>suvi.karirinne@seamk.fi<\/p>\n<p>\u00a0<\/p>\n","protected":false},"excerpt":{"rendered":"Kiinteist\u00f6akut ovat avainasemassa energiaj\u00e4rjestelm\u00e4n joustavuuden lis\u00e4\u00e4misess\u00e4. Ne mahdollistavat esimerkiksi aurinko- ja tuulivoiman varastoinnin ja k\u00e4yt\u00f6n silloin, kun s\u00e4hk\u00f6n&hellip;\n","protected":false},"author":2,"featured_media":102273,"comment_status":"","ping_status":"","sticky":false,"template":"","format":"standard","meta":{"footnotes":""},"categories":[76],"tags":[79,77,33,31,30,32,78],"class_list":{"0":"post-102272","1":"post","2":"type-post","3":"status-publish","4":"format-standard","5":"has-post-thumbnail","7":"category-talous","8":"tag-business","9":"tag-economy","10":"tag-fi","11":"tag-finland","12":"tag-finnish","13":"tag-suomi","14":"tag-talous"},"share_on_mastodon":{"url":"https:\/\/pubeurope.com\/@fi\/115626962171084134","error":""},"_links":{"self":[{"href":"https:\/\/www.europesays.com\/fi\/wp-json\/wp\/v2\/posts\/102272","targetHints":{"allow":["GET"]}}],"collection":[{"href":"https:\/\/www.europesays.com\/fi\/wp-json\/wp\/v2\/posts"}],"about":[{"href":"https:\/\/www.europesays.com\/fi\/wp-json\/wp\/v2\/types\/post"}],"author":[{"embeddable":true,"href":"https:\/\/www.europesays.com\/fi\/wp-json\/wp\/v2\/users\/2"}],"replies":[{"embeddable":true,"href":"https:\/\/www.europesays.com\/fi\/wp-json\/wp\/v2\/comments?post=102272"}],"version-history":[{"count":0,"href":"https:\/\/www.europesays.com\/fi\/wp-json\/wp\/v2\/posts\/102272\/revisions"}],"wp:featuredmedia":[{"embeddable":true,"href":"https:\/\/www.europesays.com\/fi\/wp-json\/wp\/v2\/media\/102273"}],"wp:attachment":[{"href":"https:\/\/www.europesays.com\/fi\/wp-json\/wp\/v2\/media?parent=102272"}],"wp:term":[{"taxonomy":"category","embeddable":true,"href":"https:\/\/www.europesays.com\/fi\/wp-json\/wp\/v2\/categories?post=102272"},{"taxonomy":"post_tag","embeddable":true,"href":"https:\/\/www.europesays.com\/fi\/wp-json\/wp\/v2\/tags?post=102272"}],"curies":[{"name":"wp","href":"https:\/\/api.w.org\/{rel}","templated":true}]}}