{"id":102278,"date":"2025-11-28T10:58:10","date_gmt":"2025-11-28T10:58:10","guid":{"rendered":"https:\/\/www.europesays.com\/fi\/102278\/"},"modified":"2025-11-28T10:58:10","modified_gmt":"2025-11-28T10:58:10","slug":"juha-junno-karpat-olisi-halunnut-12-joukkueen-paasarjan-seka-karsinnat","status":"publish","type":"post","link":"https:\/\/www.europesays.com\/fi\/102278\/","title":{"rendered":"Juha Junno: K\u00e4rp\u00e4t olisi halunnut 12 joukkueen p\u00e4\u00e4sarjan sek\u00e4 karsinnat"},"content":{"rendered":"<p> <img decoding=\"async\" class=\"responsive-image article__image-image lozad\"   src=\"https:\/\/www.europesays.com\/fi\/wp-content\/uploads\/2025\/11\/uRPpiWAPdaEAGXG0GNPIbJvxyOdmHE31JapGGfDPEslDiEhvsKtSQpJJRtL5ytj-0QqOE1tT_PnpLgCKFTVdCJatfoxgi5mqzk_v.jpeg\" alt=\"Toimitusjohtaja Tommi Virkkunen (vas.) ja hallituksen puheenjohtaja Juha Junno ohjaavat oululaisseuraa suomalaisen kiekon uudistusten aallokossa.\"\/><\/p>\n<p>\n Toimitusjohtaja Tommi Virkkunen (vas.) ja hallituksen puheenjohtaja Juha Junno ohjaavat oululaisseuraa suomalaisen kiekon uudistusten aallokossa.\n <\/p>\n<p>\n Kuva: Maiju Pohjanheimo\n <\/p>\n<p class=\"article__paragraph\">\n Kaleva tavoitti K\u00e4rppien hallituksen puheenjohtajan Juha Junnon helsinkil\u00e4isest\u00e4 hotellista perjantaiaamuna ja pyysi kommentteja Liigan yhti\u00f6kokouksessa my\u00f6h\u00e4\u00e4n torstai-iltana tehtyihin p\u00e4\u00e4t\u00f6ksiin.\n <\/p>\n<p>\n Onko Oulun K\u00e4rp\u00e4t varauksetta tyytyv\u00e4inen kaikkiin p\u00e4\u00e4t\u00f6ksiin, jotka yhti\u00f6kokouksessa tehtiin, puheenjohtaja Juha Junno?\n <\/p>\n<p class=\"article__paragraph\">\n \u2013\u202fSanotaan, ett\u00e4 olemme kohtuullisen tyytyv\u00e4isi\u00e4.<\/p>\n","protected":false},"excerpt":{"rendered":"Toimitusjohtaja Tommi Virkkunen (vas.) ja hallituksen puheenjohtaja Juha Junno ohjaavat oululaisseuraa suomalaisen kiekon uudistusten aallokossa. Kuva: Maiju Pohjanheimo&hellip;\n","protected":false},"author":2,"featured_media":102279,"comment_status":"","ping_status":"","sticky":false,"template":"","format":"standard","meta":{"footnotes":""},"categories":[5],"tags":[22,23,26,27,33,31,30,17,24,25,28,29,15,18,21,32,19,20,16],"class_list":{"0":"post-102278","1":"post","2":"type-post","3":"status-publish","4":"format-standard","5":"has-post-thumbnail","7":"category-otsikot","8":"tag-breaking-news","9":"tag-breakingnews","10":"tag-featured-news","11":"tag-featurednews","12":"tag-fi","13":"tag-finland","14":"tag-finnish","15":"tag-headlines","16":"tag-latest-news","17":"tag-latestnews","18":"tag-main-news","19":"tag-mainnews","20":"tag-news","21":"tag-otsikot","22":"tag-paauutiset","23":"tag-suomi","24":"tag-top-stories","25":"tag-topstories","26":"tag-uutiset"},"share_on_mastodon":{"url":"https:\/\/pubeurope.com\/@fi\/115626974054518015","error":""},"_links":{"self":[{"href":"https:\/\/www.europesays.com\/fi\/wp-json\/wp\/v2\/posts\/102278","targetHints":{"allow":["GET"]}}],"collection":[{"href":"https:\/\/www.europesays.com\/fi\/wp-json\/wp\/v2\/posts"}],"about":[{"href":"https:\/\/www.europesays.com\/fi\/wp-json\/wp\/v2\/types\/post"}],"author":[{"embeddable":true,"href":"https:\/\/www.europesays.com\/fi\/wp-json\/wp\/v2\/users\/2"}],"replies":[{"embeddable":true,"href":"https:\/\/www.europesays.com\/fi\/wp-json\/wp\/v2\/comments?post=102278"}],"version-history":[{"count":0,"href":"https:\/\/www.europesays.com\/fi\/wp-json\/wp\/v2\/posts\/102278\/revisions"}],"wp:featuredmedia":[{"embeddable":true,"href":"https:\/\/www.europesays.com\/fi\/wp-json\/wp\/v2\/media\/102279"}],"wp:attachment":[{"href":"https:\/\/www.europesays.com\/fi\/wp-json\/wp\/v2\/media?parent=102278"}],"wp:term":[{"taxonomy":"category","embeddable":true,"href":"https:\/\/www.europesays.com\/fi\/wp-json\/wp\/v2\/categories?post=102278"},{"taxonomy":"post_tag","embeddable":true,"href":"https:\/\/www.europesays.com\/fi\/wp-json\/wp\/v2\/tags?post=102278"}],"curies":[{"name":"wp","href":"https:\/\/api.w.org\/{rel}","templated":true}]}}