{"id":102288,"date":"2025-11-28T11:18:09","date_gmt":"2025-11-28T11:18:09","guid":{"rendered":"https:\/\/www.europesays.com\/fi\/102288\/"},"modified":"2025-11-28T11:18:09","modified_gmt":"2025-11-28T11:18:09","slug":"jeffrey-lawman-rikossyyte-karajaoikeudessa-seiska-seuraa","status":"publish","type":"post","link":"https:\/\/www.europesays.com\/fi\/102288\/","title":{"rendered":"Jeffrey Lawman: rikossyyte k\u00e4r\u00e4j\u00e4oikeudessa &#8211; Seiska seuraa"},"content":{"rendered":"<p>            Timo Korhonen\n        <\/p>\n<p class=\"subtitle \">Tv-t\u00e4hden syytteit\u00e4 k\u00e4sitell\u00e4\u00e4n perjantaina oikeudessa.<\/p>\n<p class=\"article-content article-content-width !bg-background\">Realityohjelmista tutun , 30, rikossyytett\u00e4 k\u00e4sitell\u00e4\u00e4n perjantaina (28.11.) It\u00e4-Uudenmaan k\u00e4r\u00e4j\u00e4oikeudessa.\u00a0<\/p>\n<p class=\"font-weight-bold m-font-weight-bold article-content article-content-width !bg-background\">Arkistovideo: Jeffrey Lawman ja Janne Nevalainen Seiskan sanaleikiss\u00e4:<\/p>\n<p class=\"article-content article-content-width !bg-background\">Seiska uutisoi toukokuussa Lawmania vastaan nostetusta syytteest\u00e4. <a href=\"https:\/\/www.seiska.fi\/rikos\/jeffrey-lawman-rikossyyte-1\/1699014\" target=\"_blank\" rel=\"nofollow noopener\">Lawmania syytet\u00e4\u00e4n petoksesta<\/a>. Asia tuli vireille 17.4.2025.\u00a0<\/p>\n<p>        <a itemprop=\"url\" href=\"https:\/\/www.seiska.fi\/katso\/jeffrey-lawman-koki-elamansa-noloimmat-hetket-avautuu-suoliepisodista\/1977818\" rel=\"nofollow noopener\" target=\"_blank\"><\/p>\n<p>\nJeffrey Lawman\n<\/p>\n<p class=\"section-date\">\n        <strong class=\"article-section\" data-section=\"katso\"><br \/>\n            katso<br \/>\n        <\/strong><br \/>\n        30.10. 12:15\n    <\/p>\n<p>Jeffrey Lawman koki el\u00e4m\u00e4ns\u00e4 noloimmat hetket \u2013 avautuu suoliepisodista\n    <\/p>\n<p itemprop=\"description\" class=\"subtitle \">\n    Jeffrey Lawmanille sattui ik\u00e4v\u00e4 tapahtumasarja Selviytyj\u00e4t Suomen kuvauksissa.\n<\/p>\n<p>        <\/a><\/p>\n<p class=\"article-content article-content-width !bg-background\">Jutun asianomistajana on HOK-Elanto Liiketoiminta Oy. Lawman on jutun ainoa vastaaja.\u00a0<\/p>\n<p>                <img decoding=\"async\" src=\"https:\/\/www.europesays.com\/fi\/wp-content\/uploads\/2025\/11\/2006266.webp\" width=\"576\" height=\"720\" alt=\"Jeffrey Lawman j\u00e4tti saapumatta rikossyytteens\u00e4 k\u00e4sittelyyn.\" loading=\"lazy\" \/>            <\/p>\n<p>\n            Jeffrey Lawman j\u00e4tti saapumatta rikossyytteens\u00e4 k\u00e4sittelyyn.<br \/>\n            TIMO KORHONEN\n        <\/p>\n<p class=\"article-content article-content-width !bg-background\">Petoksesta voidaan m\u00e4\u00e4r\u00e4t\u00e4 sakkoja tai vankeutta.<\/p>\n<p class=\"article-content article-content-width !bg-background\">Seiska seuraa oikeudenk\u00e4ynti\u00e4 paikan p\u00e4\u00e4ll\u00e4 Vantaalla.\u00a0<\/p>\n<p>Yll\u00e4tysk\u00e4\u00e4nne<\/p>\n<p class=\"article-content article-content-width !bg-background\">Istunnon oli m\u00e4\u00e4r\u00e4 alkaa kello 9. Aloittamaan p\u00e4\u00e4stiin kuitenkin vasta paria tuntia my\u00f6hemmin.<\/p>\n<p>        <a itemprop=\"url\" href=\"https:\/\/www.seiska.fi\/katso\/jeffrey-lawman-muistelee-kauhujen-yota-syva-masennus\/1901435\" rel=\"nofollow noopener\" target=\"_blank\"><\/p>\n<p>\nJeffrey Lawman\n<\/p>\n<p class=\"section-date\">\n        <strong class=\"article-section\" data-section=\"katso\"><br \/>\n            katso<br \/>\n        <\/strong><br \/>\n        17.8. 11:15\n    <\/p>\n<p>Jeffrey Lawman muistelee kauhujen y\u00f6t\u00e4: \u201dSyv\u00e4 masennus\u201d\n    <\/p>\n<p itemprop=\"description\" class=\"subtitle \">\n    J\u00e4\u00e4kiekkouraakin luonut Jeffrey Lawman tunnustaa olleensa jaksamisen rajoilla.\n<\/p>\n<p>        <\/a><\/p>\n<p class=\"article-content article-content-width !bg-background\">Aikataulujen venymisest\u00e4 huolimatta vastaaja Lawmania ei paikalla n\u00e4kynyt. H\u00e4n siis j\u00e4tti saapumatta k\u00e4r\u00e4j\u00e4oikeuteen.<\/p>\n<p>T\u00e4st\u00e4 on kyse<\/p>\n<p class=\"article-content article-content-width !bg-background\">Syytt\u00e4j\u00e4n mukaan Lawman on toistuvasti punninnut Vantaalla sijaitsevassa S-marketissa salaattibaarista ottamaansa salaattia, punninnut annoksen ja tulostanut hintalapun. T\u00e4m\u00e4n j\u00e4lkeen h\u00e4n on ottanut rasiaan lis\u00e4\u00e4 salaattia, mutta ei ole punninnut rasiaa uudelleen.\u00a0<\/p>\n<p>        <a itemprop=\"url\" href=\"https:\/\/www.seiska.fi\/rikos\/seiska-loysi-auerin-lasten-sijaiskodin-hatkahdyttava-naky\/2004068\" rel=\"nofollow noopener\" target=\"_blank\"><\/p>\n<p>\nSeiska l\u00f6ysi lasten sijaiskodin\n<\/p>\n<p class=\"section-date\">\n        <strong class=\"article-section\" data-section=\"rikos\"><br \/>\n            rikos<br \/>\n        <\/strong><br \/>\n        05:00\n    <\/p>\n<p>Seiska l\u00f6ysi Auerin lasten sijaiskodin \u2013 h\u00e4tk\u00e4hdytt\u00e4v\u00e4 n\u00e4ky!\n    <\/p>\n<p itemprop=\"description\" class=\"subtitle \">\n    Anneli Auerin lapset ovat kertoneet oikeudessa sijaiskodistaan, jossa he joutuivat alistumaan erikummallisille s\u00e4\u00e4nn\u00f6ille. Seiska l\u00f6ysi kohutalon.\n<\/p>\n<p>        <\/a><\/p>\n<p class=\"article-content article-content-width !bg-background\">Vastaaja on maksanut tuotteen itsepalvelukassalla virheellisen hintalapun mukaan.<\/p>\n<p class=\"article-content article-content-width !bg-background\">Syytt\u00e4j\u00e4n mukaan Lawman on osassa tapauksia tulostanut hintalapun my\u00f6s annoksen uudelleen punnittuaan. Vastaaja on kuitenkin itsepalvelukassalla skannannut virheellisen hintalapun.<\/p>\n<p class=\"article-content article-content-width !bg-background\">Lawmanin kerrotaan toimineen edell\u00e4 kuvatulla tavalla kaikkiaan kolmekymment\u00e4kolme (33) kertaa. Tapahtumat sijoittuvat aikav\u00e4lille 11.4.\u201317.12.2024.<\/p>\n<p>                <img decoding=\"async\" src=\"https:\/\/www.europesays.com\/fi\/wp-content\/uploads\/2025\/11\/2006455.webp\" width=\"576\" height=\"720\" alt=\"Jeffrey Lawman j\u00e4tti salaattinsa maksamatta.\" loading=\"lazy\" \/>            <\/p>\n<p>\n            Jeffrey Lawman j\u00e4tti salaattinsa maksamatta.<br \/>\n            ATTE KAJOVA\n        <\/p>\n<p class=\"article-content article-content-width !bg-background\">Asianomistaja vaatii vastaajaa korvaamaan asian selvittelyst\u00e4 seuranneet kulut, jotka ovat asianomistajan mukaan 80 euroa kerralta.<\/p>\n<p class=\"article-content article-content-width !bg-background\">Syytt\u00e4j\u00e4 vaatii asiassa sakkorangaistusta.\u00a0<\/p>\n<p>Kuitit todisteena<\/p>\n<p class=\"article-content article-content-width !bg-background\">Syytt\u00e4j\u00e4 esittelee todisteina asianomistajan toimittamia ostoskuitteja. Ne ovat kaikki per\u00e4isin samasta S-marketista.\u00a0<\/p>\n<p class=\"article-content article-content-width !bg-background\">Lawmanin maksamien salaattiannosten hinnat liikkuvat muutamissa euroissa.<\/p>\n<p>My\u00f6nt\u00e4\u00e4 teot<\/p>\n<p class=\"article-content article-content-width !bg-background\">Lawman on my\u00f6nt\u00e4nyt teot esitutkinnassa.\u00a0<\/p>\n<p class=\"article-content article-content-width !bg-background\">H\u00e4n on todennut toimineensa piittaamattomasti. Varsinaisesta tahallisuudesta ei kuitenkaan h\u00e4nen mukaansa ole ollut kyse.\u00a0<\/p>\n<p>        <a itemprop=\"url\" href=\"https:\/\/www.seiska.fi\/katso\/selviytyjat-podcastissa-paljastus-kuvauksista-siellahan-oli-kortsuja\/1994949\" rel=\"nofollow noopener\" target=\"_blank\"><\/p>\n<p>\nSelviytyj\u00e4t-podcast\n<\/p>\n<p class=\"section-date\">\n        <strong class=\"article-section\" data-section=\"katso\"><br \/>\n            katso<br \/>\n        <\/strong><br \/>\n        17.11. 13:15\n    <\/p>\n<p>Selviytyj\u00e4t-podcastissa paljastus kuvauksista: \u201cSiell\u00e4h\u00e4n oli kortsuja\u201d\n    <\/p>\n<p itemprop=\"description\" class=\"subtitle \">\n    Selviytyj\u00e4t-podcastissa k\u00e4sitell\u00e4\u00e4n muun muassa per\u00e4pukamia ja kondomeja.\n<\/p>\n<p>        <\/a><\/p>\n<p class=\"article-content article-content-width !bg-background\">Istunnossa l\u00e4pik\u00e4ydyn tutkintamateriaalin mukaan Lawman on kertonut aloittaneensa vilpillisen toiminnan samoihin aikoihin, kun on muuttanut. Poliisin asiakirjaan tekem\u00e4n lis\u00e4yksen mukaan Lawman viittaa puheillaan helmikuuhun 2024. Lis\u00e4ksi Lawman on tutkinnassa todennut, ett\u00e4 kertoja saattaa olla todellisuudessa jopa enemm\u00e4n, kuin mit\u00e4 syytteess\u00e4 mainitaan.<\/p>\n<p>N\u00e4in oikeus p\u00e4\u00e4tti<\/p>\n<p class=\"article-content article-content-width !bg-background\">K\u00e4r\u00e4j\u00e4oikeus toteaa Lawmanin syylliseksi syytteess\u00e4 esitettyihin tekoihin. H\u00e4net tuomitaan sakkorangaistukseen petoksesta.\u00a0<\/p>\n<p class=\"article-content article-content-width !bg-background\">Oikeus tuomitsee Lawmanin 60 p\u00e4iv\u00e4sakkoon. Maksettavaa vastaajalle kertyy 360 euroa.\u00a0<\/p>\n<p>        <a itemprop=\"url\" href=\"https:\/\/www.seiska.fi\/kotimaa\/sara-chafak-taytti-35-vuotta-nain-han-vietti-juhlapaivaa\/1973857\" rel=\"nofollow noopener\" target=\"_blank\"><\/p>\n<p>\nSara Chafak 35 vuotta\n<\/p>\n<p class=\"section-date\">\n        <strong class=\"article-section\" data-section=\"kotimaa\"><br \/>\n            kotimaa<br \/>\n        <\/strong><br \/>\n        26.10. 15:30\n    <\/p>\n<p>Sara Chafak t\u00e4ytti 35 vuotta &#8211; n\u00e4in h\u00e4n vietti juhlap\u00e4iv\u00e4\u00e4!\n    <\/p>\n<p itemprop=\"description\" class=\"subtitle \">\n    Vuoden 2012 Miss Suomi julkaisi liudan hellyytt\u00e4vi\u00e4 lapsuuskuvia.\n<\/p>\n<p>        <\/a><\/p>\n<p class=\"article-content article-content-width !bg-background\">Lis\u00e4ksi Lawman joutuu maksamaan 80 euron rikosuhrimaksun.\u00a0<\/p>\n<p class=\"article-content article-content-width !bg-background\">Koska Lawman ei saapunut paikalle istuntoon eik\u00e4 h\u00e4n ole ilmaissut poikkeavaa mielipidett\u00e4\u00e4n, katsoo oikeus, ett\u00e4 vastaaja on velvoitettava korvaamaan asianomistajan vaativat selvittelykorvaukset. Lawmanin tulee maksaa HOK-Elanto Liiketoiminta Oy:lle 2640 euroa.<\/p>\n<p class=\"article-content article-content-width !bg-background\">Tuomio ei ole lainvoimainen<\/p>\n","protected":false},"excerpt":{"rendered":"Timo Korhonen Tv-t\u00e4hden syytteit\u00e4 k\u00e4sitell\u00e4\u00e4n perjantaina oikeudessa. Realityohjelmista tutun , 30, rikossyytett\u00e4 k\u00e4sitell\u00e4\u00e4n perjantaina (28.11.) It\u00e4-Uudenmaan k\u00e4r\u00e4j\u00e4oikeudessa.\u00a0 Arkistovideo:&hellip;\n","protected":false},"author":2,"featured_media":102289,"comment_status":"","ping_status":"","sticky":false,"template":"","format":"standard","meta":{"footnotes":""},"categories":[130],"tags":[137,33,31,30,2960,1305,19528,38,8072,32,109],"class_list":{"0":"post-102288","1":"post","2":"type-post","3":"status-publish","4":"format-standard","5":"has-post-thumbnail","7":"category-viihde","8":"tag-entertainment","9":"tag-fi","10":"tag-finland","11":"tag-finnish","12":"tag-jeffrey-lawman","13":"tag-oikeudenkaynti","14":"tag-petossyyte","15":"tag-rikos","16":"tag-rikossyyte","17":"tag-suomi","18":"tag-viihde"},"share_on_mastodon":{"url":"https:\/\/pubeurope.com\/@fi\/115627052732917191","error":""},"_links":{"self":[{"href":"https:\/\/www.europesays.com\/fi\/wp-json\/wp\/v2\/posts\/102288","targetHints":{"allow":["GET"]}}],"collection":[{"href":"https:\/\/www.europesays.com\/fi\/wp-json\/wp\/v2\/posts"}],"about":[{"href":"https:\/\/www.europesays.com\/fi\/wp-json\/wp\/v2\/types\/post"}],"author":[{"embeddable":true,"href":"https:\/\/www.europesays.com\/fi\/wp-json\/wp\/v2\/users\/2"}],"replies":[{"embeddable":true,"href":"https:\/\/www.europesays.com\/fi\/wp-json\/wp\/v2\/comments?post=102288"}],"version-history":[{"count":0,"href":"https:\/\/www.europesays.com\/fi\/wp-json\/wp\/v2\/posts\/102288\/revisions"}],"wp:featuredmedia":[{"embeddable":true,"href":"https:\/\/www.europesays.com\/fi\/wp-json\/wp\/v2\/media\/102289"}],"wp:attachment":[{"href":"https:\/\/www.europesays.com\/fi\/wp-json\/wp\/v2\/media?parent=102288"}],"wp:term":[{"taxonomy":"category","embeddable":true,"href":"https:\/\/www.europesays.com\/fi\/wp-json\/wp\/v2\/categories?post=102288"},{"taxonomy":"post_tag","embeddable":true,"href":"https:\/\/www.europesays.com\/fi\/wp-json\/wp\/v2\/tags?post=102288"}],"curies":[{"name":"wp","href":"https:\/\/api.w.org\/{rel}","templated":true}]}}