{"id":102294,"date":"2025-11-28T11:22:11","date_gmt":"2025-11-28T11:22:11","guid":{"rendered":"https:\/\/www.europesays.com\/fi\/102294\/"},"modified":"2025-11-28T11:22:11","modified_gmt":"2025-11-28T11:22:11","slug":"belgian-paaministeri-jaadytettyjen-varojen-kaytto-vaarantaisi-rauhansopimuksen","status":"publish","type":"post","link":"https:\/\/www.europesays.com\/fi\/102294\/","title":{"rendered":"Belgian p\u00e4\u00e4ministeri: J\u00e4\u00e4dytettyjen varojen k\u00e4ytt\u00f6 vaarantaisi rauhansopimuksen"},"content":{"rendered":"<p class=\"ai-optimize-6 ai-optimize-introduction\">Belgian p\u00e4\u00e4ministeri <strong>Bart de Wever<\/strong> varoittaa, ett\u00e4 Ven\u00e4j\u00e4n j\u00e4\u00e4dytettyjen varojen k\u00e4ytt\u00e4minen Ukrainan tukemiseen voisi romuttaa mahdollisuudet rauhansopimukseen.<\/p>\n<p class=\"ai-optimize-7\">Asiasta kertoo <a href=\"https:\/\/www.ft.com\/content\/320b66d1-0ff9-4cb7-bffd-47fbefcf3608\" target=\"_blank\" rel=\"noopener nofollow\">Financial Times<\/a>, joka on n\u00e4hnyt Belgian l\u00e4hett\u00e4m\u00e4n kirjeen Euroopan komissiolle.<\/p>\n<p class=\"ai-optimize-8\">\u2013 Kiireellinen eteneminen ehdotetussa korvauslainaj\u00e4rjestelm\u00e4ss\u00e4 aiheuttaisi sivuvaikutuksena sen, ett\u00e4 EU k\u00e4yt\u00e4nn\u00f6ss\u00e4 est\u00e4isi mahdollisuuden tulevaan rauhansopimukseen, kirjeess\u00e4 todetaan FT:n mukaan.<\/p>\n<p class=\"ai-optimize-9\">Euroopan komissio on ehdottanut, ett\u00e4 j\u00e4\u00e4dytetyt varat annettaisiin lainamuotoisena rahoituksena Ukrainan j\u00e4lleenrakentamiseen. Summa olisi noin 140 miljardia euroa.<\/p>\n<p class=\"ai-optimize-10\">Kaikkiaan EU on j\u00e4\u00e4dytt\u00e4nyt Ven\u00e4j\u00e4n varoja noin 210 miljardin euron arvosta. N\u00e4ist\u00e4 185 miljardia euroa on Brysseliss\u00e4 sijaitsevan arvopaperikeskus Euroclearin hallussa.<\/p>\n<p class=\"ai-optimize-11\">Useimmat EU-maat kannattavat varojen k\u00e4ytt\u00f6\u00f6nottoa, mutta asiaa vastustava Belgia pelk\u00e4\u00e4 Ven\u00e4j\u00e4n vastatoimia ja oikeudellisia seuraamuksia.<\/p>\n<p class=\"ai-optimize-12\">Belgian p\u00e4\u00e4ministeri vaatii kirjeess\u00e4\u00e4n, ett\u00e4 muut j\u00e4senmaat antaisivat Euroclearille sitovat takaukset j\u00e4\u00e4dytettyihin varoihin, jos laina ep\u00e4onnistuisi tai Ven\u00e4j\u00e4n varoihin kohdistetut pakotteet kumotaan.<\/p>\n<p class=\"ai-optimize-13\">H\u00e4n my\u00f6s pyyt\u00e4\u00e4 muita EU-maita jakamaan kaikki mahdolliset oikeudenk\u00e4yntikulut. Lis\u00e4ksi h\u00e4n vaatii, ett\u00e4 my\u00f6s muita EU-maissa sijaitsevia j\u00e4\u00e4dytettyj\u00e4 varoja k\u00e4ytet\u00e4\u00e4n Ukrainalle annettavan j\u00e4lleenrakennuslainan rahoittamiseen.<\/p>\n","protected":false},"excerpt":{"rendered":"Belgian p\u00e4\u00e4ministeri Bart de Wever varoittaa, ett\u00e4 Ven\u00e4j\u00e4n j\u00e4\u00e4dytettyjen varojen k\u00e4ytt\u00e4minen Ukrainan tukemiseen voisi romuttaa mahdollisuudet rauhansopimukseen. Asiasta&hellip;\n","protected":false},"author":2,"featured_media":102295,"comment_status":"","ping_status":"","sticky":false,"template":"","format":"standard","meta":{"footnotes":""},"categories":[14],"tags":[22,23,26,27,33,31,30,17,24,25,28,29,15,18,21,32,19,20,986,56,16,987,59,60,61],"class_list":{"0":"post-102294","1":"post","2":"type-post","3":"status-publish","4":"format-standard","5":"has-post-thumbnail","7":"category-ulkomaat","8":"tag-breaking-news","9":"tag-breakingnews","10":"tag-featured-news","11":"tag-featurednews","12":"tag-fi","13":"tag-finland","14":"tag-finnish","15":"tag-headlines","16":"tag-latest-news","17":"tag-latestnews","18":"tag-main-news","19":"tag-mainnews","20":"tag-news","21":"tag-otsikot","22":"tag-paauutiset","23":"tag-suomi","24":"tag-top-stories","25":"tag-topstories","26":"tag-ukrainan-neuvottelut","27":"tag-ulkomaat","28":"tag-uutiset","29":"tag-venajan-hyokkays","30":"tag-world","31":"tag-world-news","32":"tag-worldnews"},"share_on_mastodon":{"url":"https:\/\/pubeurope.com\/@fi\/115627068299325862","error":""},"_links":{"self":[{"href":"https:\/\/www.europesays.com\/fi\/wp-json\/wp\/v2\/posts\/102294","targetHints":{"allow":["GET"]}}],"collection":[{"href":"https:\/\/www.europesays.com\/fi\/wp-json\/wp\/v2\/posts"}],"about":[{"href":"https:\/\/www.europesays.com\/fi\/wp-json\/wp\/v2\/types\/post"}],"author":[{"embeddable":true,"href":"https:\/\/www.europesays.com\/fi\/wp-json\/wp\/v2\/users\/2"}],"replies":[{"embeddable":true,"href":"https:\/\/www.europesays.com\/fi\/wp-json\/wp\/v2\/comments?post=102294"}],"version-history":[{"count":0,"href":"https:\/\/www.europesays.com\/fi\/wp-json\/wp\/v2\/posts\/102294\/revisions"}],"wp:featuredmedia":[{"embeddable":true,"href":"https:\/\/www.europesays.com\/fi\/wp-json\/wp\/v2\/media\/102295"}],"wp:attachment":[{"href":"https:\/\/www.europesays.com\/fi\/wp-json\/wp\/v2\/media?parent=102294"}],"wp:term":[{"taxonomy":"category","embeddable":true,"href":"https:\/\/www.europesays.com\/fi\/wp-json\/wp\/v2\/categories?post=102294"},{"taxonomy":"post_tag","embeddable":true,"href":"https:\/\/www.europesays.com\/fi\/wp-json\/wp\/v2\/tags?post=102294"}],"curies":[{"name":"wp","href":"https:\/\/api.w.org\/{rel}","templated":true}]}}