{"id":102316,"date":"2025-11-28T11:49:12","date_gmt":"2025-11-28T11:49:12","guid":{"rendered":"https:\/\/www.europesays.com\/fi\/102316\/"},"modified":"2025-11-28T11:49:12","modified_gmt":"2025-11-28T11:49:12","slug":"kadonneen-karfin-perheen-minibussi-loytyi-pedersoresta-sitten-jaljet-kylmenivat-tama-on-tilanne-nyt","status":"publish","type":"post","link":"https:\/\/www.europesays.com\/fi\/102316\/","title":{"rendered":"Kadonneen Karfin perheen minibussi l\u00f6ytyi Peders\u00f6rest\u00e4, sitten j\u00e4ljet kylmeniv\u00e4t \u2013 T\u00e4m\u00e4 on tilanne nyt"},"content":{"rendered":"<p>Tutkinnanjohtaja sanoo suoraan, ettei mit\u00e4\u00e4n vaihtoehtoja ole viel\u00e4k\u00e4\u00e4n poissuljettu.<\/p>\n<p><img decoding=\"async\" class=\"image image-show image-preview\" src=\"https:\/\/www.europesays.com\/fi\/wp-content\/uploads\/2025\/11\/0bf405728888dc1075b08e41a45cbe8843b30efc71f4b6efb7a7564a42066145.jpg\" alt=\"\"\/><img decoding=\"async\" class=\"image image-show\" src=\"https:\/\/www.europesays.com\/fi\/wp-content\/uploads\/2025\/11\/1764330552_147_0bf405728888dc1075b08e41a45cbe8843b30efc71f4b6efb7a7564a42066145.jpg\" alt=\"\"\/><\/p>\n<p>Tommy ja Karoliina Karfia ep\u00e4ill\u00e4\u00e4n lastensa omavaltaisesta huostaanotosta. Poliisi<\/p>\n<ul>\n<li>Kadonneen Karfin perheen tutkinta on jumissa, eik\u00e4 poliisilla ole tietoa suurperheen olinpaikasta.<\/li>\n<li>Vanhempien Tommy ja Karoliina Karfin kuvien julkaisu kes\u00e4kuussa toi satoja vihjeit\u00e4, mutta ne eiv\u00e4t ole johtaneet ratkaiseviin l\u00f6yt\u00f6ihin.<\/li>\n<li>Perheen k\u00e4ytt\u00e4m\u00e4 minibussi l\u00f6ydettiin Peders\u00f6rest\u00e4, mutta sen j\u00e4lkeen j\u00e4ljet kylmeniv\u00e4t.<\/li>\n<\/ul>\n<p class=\"paragraph\">Kadonneen Karfin perheen tapauksen tutkinta on j\u00e4m\u00e4ht\u00e4nyt umpikujaan. Tutkinnanjohtaja, rikoskomisario <strong>Tony Rauma<\/strong> kertoo, ett\u00e4 koko perhe on edelleen kateissa eik\u00e4 esitutkinta t\u00e4ll\u00e4 hetkell\u00e4 etene.<\/p>\n<p class=\"paragraph\">Rauman mukaan poliisilla ei ole t\u00e4ll\u00e4 hetkell\u00e4 mit\u00e4\u00e4n tietoa suurperheen olinpaikasta.<\/p>\n<p class=\"paragraph\">Poliisi ei ole saanut perheeseen mit\u00e4\u00e4n yhteytt\u00e4. Poliisi ei t\u00e4ll\u00e4 hetkell\u00e4 esimerkiksi tied\u00e4, piilotteleeko suurperhe Suomessa vai ulkomailla.<\/p>\n<p class=\"paragraph\">\u2013 En ota kantaa, miten kymmenhenkinen perhe piilottelee. En osaa my\u00f6sk\u00e4\u00e4n sanoa, ovatko he Suomessa vai ulkomailla. Mit\u00e4\u00e4n vaihtoehtoja ei ole poissuljettu.<\/p>\n<p>Satunnaisia vihjeit\u00e4<\/p>\n<p>Karfin perhe asui t\u00e4ss\u00e4 Peders\u00f6ress\u00e4 sijaitsevassa talossa ennen katoamistaan. Timo Nurila<\/p>\n<p class=\"paragraph\">Poliisi julkaisi 4. kes\u00e4kuuta perheen vanhempien <strong>Tommy<\/strong> ja <strong>Karoliina Karfin<\/strong> nimen ja kuvan. Rauman mukaan kuvien julkaisu ei ole kuitenkaan tuonut mit\u00e4\u00e4n uutta ratkaisevaa tietoa.<\/p>\n<p class=\"paragraph\">\u2013 Nyt alkutalven aikana vihjeit\u00e4 on tullut ihan satunnaisia, joitain kuukausittain. Silloin kun kuva julkaistiin niin vihjeit\u00e4 tuli useampi sata.<\/p>\n<p class=\"paragraph\">Poliisi on aiemmin kertonut, ett\u00e4 nimet ja kuva julkaistiin, kun tutkinta j\u00e4m\u00e4hti umpikujaan. Ennen t\u00e4t\u00e4 poliisi pyrki paikantamaan perhett\u00e4 \u201dperinteisin keinoin\u201d jututtamalla ihmisi\u00e4, joilla voisi olla perheen olinpaikasta tietoa.<\/p>\n<p class=\"paragraph\">\u2013 Olisi spekulointia sanoa, ett\u00e4 olisimme paremmassa tai huonommassa tilanteessa, jos emme olisi julkaisseet tietoja. En kuitenkaan n\u00e4e, ett\u00e4 siit\u00e4 mit\u00e4\u00e4n haittaakaan olisi ollut, sanoo Rauma.<\/p>\n<p class=\"paragraph\">Suurperhe on ollut nyt jo puolitoista vuotta kateissa.<\/p>\n<p>Ep\u00e4ill\u00e4\u00e4n rikoksista<\/p>\n<p class=\"paragraph\">Vihjeist\u00e4 on Rauman mukaan ollut apua, ja niist\u00e4 osa on vienyt etsint\u00f6j\u00e4 eteenp\u00e4in. Niiden avulla poliisi pystyi esimerkiksi paikantamaan Karfin perheen paossaan k\u00e4ytt\u00e4m\u00e4n auton. Poliisi tiedotti kes\u00e4kuun alussa, ett\u00e4 minibussi l\u00f6ytyi Forsbyn kyl\u00e4st\u00e4 Peders\u00f6rest\u00e4. <a href=\"https:\/\/yle.fi\/a\/74-20168341\" rel=\"noopener nofollow\" target=\"_blank\">Svenska Ylen<\/a> mukaan auto l\u00f6ytyi hyl\u00e4tyst\u00e4 navetasta.<\/p>\n<p class=\"paragraph\">Sittemmin tulleista vihjeist\u00e4 ei ole Rauman mukaan ollut ratkaisevaa apua. Auton l\u00f6ytymisen j\u00e4lkeen j\u00e4ljet taas kylmeniv\u00e4t.<\/p>\n<p class=\"paragraph\">\u2013 Olisi pelkk\u00e4\u00e4 spekulointia, jos l\u00e4htisin arvailemaan, mihin he olisivat voineet menn\u00e4.<\/p>\n<p class=\"paragraph\">Rauman mukaan Karfien katoaminen jarruttaa kovasti rikosasian tutkintaa. Tommy ja Karoliina Karfia ep\u00e4ill\u00e4\u00e4n lastensa t\u00f6rkeist\u00e4 vapaudenriistoista ja t\u00f6rkeist\u00e4 pahoinpitelyist\u00e4 sek\u00e4 omavaltaisesta huostaanotosta.<\/p>\n<p class=\"paragraph\">\u2013 Joitain yksitt\u00e4isi\u00e4 todistajakuulusteluita on suoritettu, Rauma sanoo.<\/p>\n<p class=\"paragraph\"><a href=\"https:\/\/www.ksml.fi\/uutissuomalainen\/8871580\" rel=\"noopener nofollow\" target=\"_blank\">Uutissuomalainen<\/a> uutisoi syyskuussa, ett\u00e4 ulkomaalaiset viranomaiset ovat olleet Suomen poliisiin yhteydess\u00e4 kadonneesta perheest\u00e4.<\/p>\n<p class=\"paragraph\">\u2013 Sit\u00e4 en voi kyll\u00e4 vahvistaa, mutta vihjeit\u00e4 on tullut, ett\u00e4 he voisivat olla ulkomailla.<\/p>\n<p class=\"paragraph\"><strong>Ne vihjeet eiv\u00e4t ole johtaneet mihink\u00e4\u00e4n?<\/strong><\/p>\n<p class=\"paragraph\">\u2013 Eiv\u00e4t.<\/p>\n<p>LUE MY\u00d6ST\u00e4st\u00e4 on kyse<\/p>\n<p class=\"paragraph\">Karoliina ja Tommy Karf perheineen ovat olleet yli vuoden kadoksissa.<\/p>\n<p class=\"paragraph\">Perheen seitsem\u00e4n lasta oli huostaanotettu ja sijoitettu kodin ulkopuolelle Uusikaarlepyyhyn, kun vanhemmat hakivat heid\u00e4t pakettiautolla mukaansa 15.5.2024.<\/p>\n<p class=\"paragraph\">Lapset ovat syntyneet vuosina 2007\u20132021. Perheen \u00e4iti oli katoamishetkell\u00e4 raskaana. Perheeseen on kateissa olon aikana syntynyt kahdeksas lapsi.<\/p>\n<p class=\"paragraph\">Poliisi ep\u00e4ilee vanhempia seitsem\u00e4st\u00e4 t\u00f6rke\u00e4st\u00e4 pahoinpitelyst\u00e4 ja seitsem\u00e4st\u00e4 t\u00f6rke\u00e4st\u00e4 vapaudenriistosta ja omavaltaisesta huostaanotosta.<\/p>\n<p class=\"paragraph\">Poliisi ep\u00e4ilee, ett\u00e4 perheen tuttavat tai jonkinlainen tukiverkosto piilottelee perhett\u00e4 mahdollisesti joko Pohjanmaalla, Etel\u00e4-Suomessa tai Suomen ulkopuolella Pohjoismaissa.<\/p>\n","protected":false},"excerpt":{"rendered":"Tutkinnanjohtaja sanoo suoraan, ettei mit\u00e4\u00e4n vaihtoehtoja ole viel\u00e4k\u00e4\u00e4n poissuljettu. Tommy ja Karoliina Karfia ep\u00e4ill\u00e4\u00e4n lastensa omavaltaisesta huostaanotosta. Poliisi&hellip;\n","protected":false},"author":2,"featured_media":102317,"comment_status":"","ping_status":"","sticky":false,"template":"","format":"standard","meta":{"footnotes":""},"categories":[12],"tags":[35,22,23,26,27,33,31,30,17,101,99,100,24,25,28,29,15,18,21,98,103,32,19,20,16],"class_list":{"0":"post-102316","1":"post","2":"type-post","3":"status-publish","4":"format-standard","5":"has-post-thumbnail","7":"category-suomi","8":"tag-24h","9":"tag-breaking-news","10":"tag-breakingnews","11":"tag-featured-news","12":"tag-featurednews","13":"tag-fi","14":"tag-finland","15":"tag-finnish","16":"tag-headlines","17":"tag-ihmissuhteet","18":"tag-lapset","19":"tag-lapset-ja-nuoret","20":"tag-latest-news","21":"tag-latestnews","22":"tag-main-news","23":"tag-mainnews","24":"tag-news","25":"tag-otsikot","26":"tag-paauutiset","27":"tag-perhe","28":"tag-sosiaalikysymykset","29":"tag-suomi","30":"tag-top-stories","31":"tag-topstories","32":"tag-uutiset"},"share_on_mastodon":{"url":"https:\/\/pubeurope.com\/@fi\/115627174827844425","error":""},"_links":{"self":[{"href":"https:\/\/www.europesays.com\/fi\/wp-json\/wp\/v2\/posts\/102316","targetHints":{"allow":["GET"]}}],"collection":[{"href":"https:\/\/www.europesays.com\/fi\/wp-json\/wp\/v2\/posts"}],"about":[{"href":"https:\/\/www.europesays.com\/fi\/wp-json\/wp\/v2\/types\/post"}],"author":[{"embeddable":true,"href":"https:\/\/www.europesays.com\/fi\/wp-json\/wp\/v2\/users\/2"}],"replies":[{"embeddable":true,"href":"https:\/\/www.europesays.com\/fi\/wp-json\/wp\/v2\/comments?post=102316"}],"version-history":[{"count":0,"href":"https:\/\/www.europesays.com\/fi\/wp-json\/wp\/v2\/posts\/102316\/revisions"}],"wp:featuredmedia":[{"embeddable":true,"href":"https:\/\/www.europesays.com\/fi\/wp-json\/wp\/v2\/media\/102317"}],"wp:attachment":[{"href":"https:\/\/www.europesays.com\/fi\/wp-json\/wp\/v2\/media?parent=102316"}],"wp:term":[{"taxonomy":"category","embeddable":true,"href":"https:\/\/www.europesays.com\/fi\/wp-json\/wp\/v2\/categories?post=102316"},{"taxonomy":"post_tag","embeddable":true,"href":"https:\/\/www.europesays.com\/fi\/wp-json\/wp\/v2\/tags?post=102316"}],"curies":[{"name":"wp","href":"https:\/\/api.w.org\/{rel}","templated":true}]}}