{"id":102318,"date":"2025-11-28T11:50:12","date_gmt":"2025-11-28T11:50:12","guid":{"rendered":"https:\/\/www.europesays.com\/fi\/102318\/"},"modified":"2025-11-28T11:50:12","modified_gmt":"2025-11-28T11:50:12","slug":"krista-parmakoski-loi-jauhot-suuhun-jasmi-joensuulta-kovaa-puhetta","status":"publish","type":"post","link":"https:\/\/www.europesays.com\/fi\/102318\/","title":{"rendered":"Krista P\u00e4rm\u00e4koski l\u00f6i jauhot suuhun \u2013 Jasmi Joensuulta kovaa puhetta"},"content":{"rendered":"<p>Krista P\u00e4rm\u00e4koski ja Jasmi Joensuu olivat Suomen ykk\u00f6stykit kauden avauskisassa. Etenin Joensuulta t\u00e4m\u00e4 oli kova n\u00e4ytt\u00f6 lauantaita silm\u00e4ll\u00e4 pit\u00e4en.<\/p>\n<p class=\"article-body mb-nof-24 px-nof-16\">Kuusamo<\/p>\n<p class=\"article-body mb-nof-24 px-nof-16\">Hiihdon maailmancup alkoi perjantaina Rukalla naisten perinteisen 10 kilometrin v\u00e4liaikal\u00e4hd\u00f6ll\u00e4. Suvereeniin voittoon hiihti Ruotsin <a class=\"article-personlink\" href=\"https:\/\/www.is.fi\/haku\/?query=Frida%20Karlsson\" rel=\"nofollow noopener\" target=\"_blank\">Frida Karlsson<\/a> ennen Norjan <a class=\"article-personlink\" href=\"https:\/\/www.is.fi\/haku\/?query=Heidi%20Wengi%C3%A4\" rel=\"nofollow noopener\" target=\"_blank\">Heidi Wengi\u00e4 <\/a>ja Ruotsin <a class=\"article-personlink\" href=\"https:\/\/www.is.fi\/haku\/?query=Moa%20Ilaria\" rel=\"nofollow noopener\" target=\"_blank\">Moa Ilaria<\/a>.<\/p>\n<p class=\"article-body mb-nof-24 px-nof-16\">Suomalaisista parhaat olivat nipin napin k\u00e4rkikymmenikk\u00f6\u00f6n kiilanneet <a class=\"article-personlink\" href=\"https:\/\/www.is.fi\/haku\/?query=Krista%20P%C3%A4rm%C3%A4koski\" rel=\"nofollow noopener\" target=\"_blank\">Krista P\u00e4rm\u00e4koski<\/a> (9:s, +45,4) ja <a class=\"article-personlink\" href=\"https:\/\/www.is.fi\/haku\/?query=Jasmi%20Joensuu\" rel=\"nofollow noopener\" target=\"_blank\">Jasmi Joensuu <\/a>(10:s, +49,3).<\/p>\n<p class=\"article-body mb-nof-24 px-nof-16\">Uransa viimeisen kauden aloittaneelle P\u00e4rm\u00e4koskelle tulos oli paras Rukalta kolmeen vuoteen.<\/p>\n<p class=\"article-body mb-nof-24 px-nof-16\">Yhdeks\u00e4s sija saattoi tulla hienoisena yll\u00e4tyksen\u00e4 monille hiihdon seuraajille, mutta ei P\u00e4rm\u00e4koskelle itselleen.<\/p>\n<p class=\"article-body mb-nof-24 px-nof-16\">\u2013 Osasin t\u00e4t\u00e4 odottaa, h\u00e4n totesi kisan j\u00e4lkeen.<\/p>\n<p class=\"article-body mb-nof-24 px-nof-16\">P\u00e4rm\u00e4kosken vaisu meno Oloksen Tykkikisoissa ja Rukan Suomen Cupissa ehti huolestuttaa esimerkiksi asiantuntija <a class=\"article-personlink\" href=\"https:\/\/www.is.fi\/haku\/?query=Harri%20Kirvesniemen\" rel=\"nofollow noopener\" target=\"_blank\">Harri Kirvesniemen<\/a>.<\/p>\n<p class=\"article-body mb-nof-24 px-nof-16\">Lue lis\u00e4\u00e4: <a class=\"article-genericlink\" href=\"https:\/\/www.is.fi\/maastohiihto\/art-2000011630001.html\" rel=\"nofollow noopener\" target=\"_blank\">Krista P\u00e4rm\u00e4koskesta her\u00e4si huoli \u2013 \u201dAsiat ei parhaalla mallilla\u201d<\/a><\/p>\n<p><img decoding=\"async\" src=\"https:\/\/www.europesays.com\/fi\/wp-content\/uploads\/2025\/11\/1764330611_399_468.jpg\" alt=\"Krista P\u00e4rm\u00e4koski oli kuin olikin varsin lupaavassa vireess\u00e4.\" class=\"_Img_1rerz_1\" style=\"aspect-ratio:1.5\" loading=\"eager\"\/><\/p>\n<p class=\"article-picture-caption\">Krista P\u00e4rm\u00e4koski oli kuin olikin varsin lupaavassa vireess\u00e4. Kuva:\u00a0Antti H\u00e4m\u00e4l\u00e4inen\/IS<\/p>\n<p class=\"article-body mb-nof-24 px-nof-16\">Kokenut hiiht\u00e4j\u00e4 kuitenkin kevensi harjoituskuormaansa ennen maailmancupin avausta, mik\u00e4 her\u00e4tti koneen.<\/p>\n<p class=\"article-body mb-nof-24 px-nof-16\">P\u00e4rm\u00e4koski teki selv\u00e4ksi, ettei odottanut edes mit\u00e4\u00e4n marraskuun aiemmista kisoista.<\/p>\n<p class=\"article-body mb-nof-24 px-nof-16\">\u2013 T\u00e4m\u00e4 oli harjoituksellisesti suunniteltu asia, ett\u00e4 t\u00e4\u00e4ll\u00e4 meno on parempaa. Oloksella perinteisen kymppi oli nelj\u00e4s maksimiteho seitsem\u00e4\u00e4n p\u00e4iv\u00e4\u00e4n, niin en siit\u00e4 kisasta hirve\u00e4sti odottanutkaan.<\/p>\n<p class=\"article-body mb-nof-24 px-nof-16\">P\u00e4rm\u00e4kosken ero kolmossijalle hiiht\u00e4neeseen<a class=\"article-personlink\" href=\"https:\/\/www.is.fi\/haku\/?query=%20Moa%20Ilariin\" rel=\"nofollow noopener\" target=\"_blank\"> Moa Ilariin <\/a>oli vajaat puoli minuuttia.<\/p>\n<p class=\"article-body mb-nof-24 px-nof-16\">\u2013 Ei t\u00e4ss\u00e4 huolissaan tarvitse olla. Siihen n\u00e4hden maltillinen aikaero, kun vertaa vaikkapa viime vuoteen t\u00e4\u00e4ll\u00e4, kun h\u00e4visin voittajalle puolitoista minuuttia.<\/p>\n<p class=\"article-body mb-nof-24 px-nof-16\">Parannettavaakin toki j\u00e4i. P\u00e4rm\u00e4koski nimitt\u00e4in hyytyi hieman toisella viiden kilometrin lenkill\u00e4 \u2013 tapojensa vastaisesti. Yleens\u00e4 h\u00e4n pyrkii hiiht\u00e4m\u00e4\u00e4n v\u00e4liaikal\u00e4ht\u00f6kilpailut nousujohteisesti.<\/p>\n<p class=\"article-body mb-nof-24 px-nof-16\">\u2013 Tokalle kierrokselle olisin kaivannut peesiapuja. Huomasin, ett\u00e4 kun tuntui pahalta, en jaksanut puristaa ihan niin kovaa, P\u00e4rm\u00e4koski totesi.<\/p>\n<p class=\"article-body mb-nof-24 px-nof-16\">Sprinttit\u00e4hti Joensuulta k\u00e4rkikymmenik\u00f6n sijoitus oli kova osoitus h\u00e4nen iskukyvyst\u00e4\u00e4n p\u00e4\u00e4lajia silm\u00e4ll\u00e4 pit\u00e4en. Jopa myrskyvaroitus.<\/p>\n<p class=\"article-body mb-nof-24 px-nof-16\">\u2013 Noo, olen min\u00e4 ennenkin n\u00e4it\u00e4 sijoja hiiht\u00e4nyt. Hyv\u00e4 aloitus kaudelle, Joensuu kuittasi viile\u00e4sti.<\/p>\n<p><img decoding=\"async\" src=\"https:\/\/www.europesays.com\/fi\/wp-content\/uploads\/2025\/11\/1764330612_928_468.jpg\" alt=\"Jasmi Joensuu ylsi nelj\u00e4tt\u00e4 kertaa urallaan k\u00e4rkikymmennikk\u00f6\u00f6n normaalimatkalla.\" class=\"_Img_1rerz_1\" style=\"aspect-ratio:1.5\" loading=\"eager\"\/><\/p>\n<p class=\"article-picture-caption\">Jasmi Joensuu ylsi nelj\u00e4tt\u00e4 kertaa urallaan k\u00e4rkikymmennikk\u00f6\u00f6n normaalimatkalla. Kuva:\u00a0Antti H\u00e4m\u00e4l\u00e4inen\/IS<\/p>\n<p class=\"article-body mb-nof-24 px-nof-16\">Kyseess\u00e4 oli Joensuulle vasta uran nelj\u00e4s top 10 -sijoitus maailmancupin normaalimatkalla, joten ei t\u00e4m\u00e4 nyt aivan business as usual sent\u00e4\u00e4n ollut.<\/p>\n<p class=\"article-body mb-nof-24 px-nof-16\">\u2013 Osasin odottaa top 10 -sijaa, parhaimmillaan kahdeksanneksi normaalimatkalla ylt\u00e4nyt Joensuu totesi.<\/p>\n<p class=\"article-body mb-nof-24 px-nof-16\">Joensuu on kertonut harjoituskautensa sujuneen mainiosti ja jahtaavansa t\u00e4n\u00e4 talvena tosissaan henkil\u00f6kohtaista olympiamitalia. Avauskisa osoitti, ettei h\u00e4n ole suinkaan ole aivan pehmeit\u00e4 puhellut.<\/p>\n<p class=\"article-body mb-nof-24 px-nof-16\">Lauantaina Rukalla on ohjelmassa sprinttip\u00e4iv\u00e4. N\u00e4hdyn perusteella Joensuu taistelee tosissaan palkintokorokepaikasta.<\/p>\n<p class=\"article-body mb-nof-24 px-nof-16\">\u2013 L\u00e4hdet\u00e4\u00e4n parantamaan t\u00e4st\u00e4, h\u00e4n vastasi podium-tavoitteesta kysytt\u00e4ess\u00e4.<\/p>\n<p>N 10 km (p)<\/p>\n<ol class=\"mb-nof-16 px-nof-16 article-ordered-list ordered-list\">\n<li class=\"ordered-list-item\">\n<p class=\"article-body\">Frida Karlsson, Ruotsi 25.31,8<\/p>\n<\/li>\n<li class=\"ordered-list-item\">\n<p class=\"article-body\">Heidi Weng, Norja +10,5<\/p>\n<\/li>\n<li class=\"ordered-list-item\">\n<p class=\"article-body\">Moa Ilar, Ruotsi +18,3<\/p>\n<\/li>\n<li class=\"ordered-list-item\">\n<p class=\"article-body\">Ebba Andersson, Ruotsi +21,2<\/p>\n<\/li>\n<li class=\"ordered-list-item\">\n<p class=\"article-body\">Jessie Diggins, USA +27,6<\/p>\n<\/li>\n<li class=\"ordered-list-item\">\n<p class=\"article-body\">Kristin Fosn\u00e4s, Norja +37,2<\/p>\n<\/li>\n<li class=\"ordered-list-item\">\n<p class=\"article-body\">Teresa Stadlober, It\u00e4valta +40,6<\/p>\n<\/li>\n<li class=\"ordered-list-item\">\n<p class=\"article-body\">Karoline Simpson-Larsen, Norja +43,0<\/p>\n<\/li>\n<li class=\"ordered-list-item\">\n<p class=\"article-body\">Krista P\u00e4rm\u00e4koski, Suomi +45,4<\/p>\n<\/li>\n<li class=\"ordered-list-item\">\n<p class=\"article-body\">Jasmi Joensuu, Suomi +49,3<\/p>\n<\/li>\n<\/ol>\n<p class=\"article-body mb-nof-24 px-nof-16\">(17. Johanna Matintalo +1,03,9, 19. Kerttu Niskanen +1.08,2, 23. Vilma Nissinen +1.20,9, 32. Nora Kyt\u00e4j\u00e4 +1.59,7, 35. Anni Alakoski +2.07,6, 36. Vilma Ryytty +2.09,3, 43. Oona Kettunen +2.32,7, 45. Hanna Ray +2.39,6, 55. Anne Kyll\u00f6nen +2.55,8, 61. Elsa Torvinen +3.18,1)<\/p>\n<p class=\"fact-box__label fact-box__label--container\">Fakta<\/p>\n<p>Rukan maailmancupin ohjelmaPerjantai<\/p>\n<ul class=\"mb-nof-16 px-nof-16 article-unordered-list unordered-list\">\n<li class=\"unordered-list-item\">\n<p class=\"article-body\">11.30 N 10 km (p), v\u00e4liaikal\u00e4ht\u00f6<\/p>\n<\/li>\n<li class=\"unordered-list-item\">\n<p class=\"article-body\">14.15 M 10 km (p), v\u00e4liaikal\u00e4ht\u00f6<\/p>\n<\/li>\n<\/ul>\n<p>Lauantai<\/p>\n<ul class=\"mb-nof-16 px-nof-16 article-unordered-list unordered-list\">\n<li class=\"unordered-list-item\">\n<p class=\"article-body\">9.55 M\/N Sprintin (p) karsinta<\/p>\n<\/li>\n<li class=\"unordered-list-item\">\n<p class=\"article-body\">12.25 M\/N Sprintin (p) er\u00e4vaihe<\/p>\n<\/li>\n<\/ul>\n<p>Sunnuntai<\/p>\n<ul class=\"mb-nof-16 px-nof-16 article-unordered-list unordered-list\">\n<li class=\"unordered-list-item\">\n<p class=\"article-body\">11.00 M 20 km (v), yhteisl\u00e4ht\u00f6<\/p>\n<\/li>\n<li class=\"unordered-list-item\">\n<p class=\"article-body\">12.45 N 20 km (v), yhteisl\u00e4ht\u00f6<\/p>\n<\/li>\n<\/ul>\n","protected":false},"excerpt":{"rendered":"Krista P\u00e4rm\u00e4koski ja Jasmi Joensuu olivat Suomen ykk\u00f6stykit kauden avauskisassa. Etenin Joensuulta t\u00e4m\u00e4 oli kova n\u00e4ytt\u00f6 lauantaita silm\u00e4ll\u00e4&hellip;\n","protected":false},"author":2,"featured_media":102319,"comment_status":"","ping_status":"","sticky":false,"template":"","format":"standard","meta":{"footnotes":""},"categories":[5],"tags":[22,23,26,27,33,31,30,17,34,24,25,28,29,15,18,21,32,19,20,16],"class_list":{"0":"post-102318","1":"post","2":"type-post","3":"status-publish","4":"format-standard","5":"has-post-thumbnail","7":"category-otsikot","8":"tag-breaking-news","9":"tag-breakingnews","10":"tag-featured-news","11":"tag-featurednews","12":"tag-fi","13":"tag-finland","14":"tag-finnish","15":"tag-headlines","16":"tag-ilta-sanomat","17":"tag-latest-news","18":"tag-latestnews","19":"tag-main-news","20":"tag-mainnews","21":"tag-news","22":"tag-otsikot","23":"tag-paauutiset","24":"tag-suomi","25":"tag-top-stories","26":"tag-topstories","27":"tag-uutiset"},"share_on_mastodon":{"url":"https:\/\/pubeurope.com\/@fi\/115627178454769714","error":""},"_links":{"self":[{"href":"https:\/\/www.europesays.com\/fi\/wp-json\/wp\/v2\/posts\/102318","targetHints":{"allow":["GET"]}}],"collection":[{"href":"https:\/\/www.europesays.com\/fi\/wp-json\/wp\/v2\/posts"}],"about":[{"href":"https:\/\/www.europesays.com\/fi\/wp-json\/wp\/v2\/types\/post"}],"author":[{"embeddable":true,"href":"https:\/\/www.europesays.com\/fi\/wp-json\/wp\/v2\/users\/2"}],"replies":[{"embeddable":true,"href":"https:\/\/www.europesays.com\/fi\/wp-json\/wp\/v2\/comments?post=102318"}],"version-history":[{"count":0,"href":"https:\/\/www.europesays.com\/fi\/wp-json\/wp\/v2\/posts\/102318\/revisions"}],"wp:featuredmedia":[{"embeddable":true,"href":"https:\/\/www.europesays.com\/fi\/wp-json\/wp\/v2\/media\/102319"}],"wp:attachment":[{"href":"https:\/\/www.europesays.com\/fi\/wp-json\/wp\/v2\/media?parent=102318"}],"wp:term":[{"taxonomy":"category","embeddable":true,"href":"https:\/\/www.europesays.com\/fi\/wp-json\/wp\/v2\/categories?post=102318"},{"taxonomy":"post_tag","embeddable":true,"href":"https:\/\/www.europesays.com\/fi\/wp-json\/wp\/v2\/tags?post=102318"}],"curies":[{"name":"wp","href":"https:\/\/api.w.org\/{rel}","templated":true}]}}