{"id":102330,"date":"2025-11-28T12:11:10","date_gmt":"2025-11-28T12:11:10","guid":{"rendered":"https:\/\/www.europesays.com\/fi\/102330\/"},"modified":"2025-11-28T12:11:10","modified_gmt":"2025-11-28T12:11:10","slug":"nyt-syntyi-sopu-kaikkiin-takseihin-taksamittarit","status":"publish","type":"post","link":"https:\/\/www.europesays.com\/fi\/102330\/","title":{"rendered":"Nyt syntyi sopu \u2013 Kaikkiin takseihin taksamittarit"},"content":{"rendered":"<p>Hallitus on saavuttanut sovun pitk\u00e4\u00e4n riitelemist\u00e4\u00e4n asioista.<\/p>\n<p><img decoding=\"async\" class=\"image image-show image-preview\" src=\"https:\/\/www.europesays.com\/fi\/wp-content\/uploads\/2025\/11\/c48cb65c89a955f5153a8a4ee2f7f90a3c938f6369d8793ff2e9e0a10abed4d7.jpg\" alt=\"\"\/><img decoding=\"async\" class=\"image image-show\" src=\"https:\/\/www.europesays.com\/fi\/wp-content\/uploads\/2025\/11\/1764331870_218_c48cb65c89a955f5153a8a4ee2f7f90a3c938f6369d8793ff2e9e0a10abed4d7.jpg\" alt=\"\"\/><\/p>\n<p>Taksiuudistuksesta v\u00e4\u00e4nnettiin hallituksessa pitk\u00e4\u00e4n. AOP<\/p>\n<p class=\"paragraph\">Hallitus on saavuttanut sovun pitk\u00e4\u00e4n neuvottelemistaan taksiuudistuksesta sek\u00e4 alueidenk\u00e4ytt\u00f6lakiin liittyv\u00e4st\u00e4 tuulivoimaloiden et\u00e4isyyss\u00e4\u00e4ntelyst\u00e4.<\/p>\n<p class=\"paragraph\">Jos katsotaan isoja hallituspuolueita kokoomusta ja perussuomalaisia, kokoomuksen voidaan sanoa joustaneen taksiuudistuksessa ja perussuomalaisten tuulivoimaloiden et\u00e4isyyss\u00e4\u00e4ntelyss\u00e4.<\/p>\n<p class=\"paragraph\">Taksiuudistuksessa v\u00e4\u00e4nnettiin pitk\u00e4\u00e4n erityisesti siit\u00e4, tuleeko kaikille takseille, my\u00f6s sovellustakseille, pakolliset taksamittarit.<\/p>\n<p class=\"paragraph\">Iltalehden tietojen mukaan t\u00e4ss\u00e4 menn\u00e4\u00e4n liikenne- ja viestint\u00e4ministeri\u00f6n pohjan mukaan eli taksamittarit tulevat kaikkiin takseihin, my\u00f6s sovellustakseihin. T\u00e4m\u00e4 on ollut perussuomalaisille t\u00e4rke\u00e4 tavoite. Hintas\u00e4\u00e4ntely\u00e4 takseihin ei ole tulossa, mik\u00e4 varmasti huojentaa kokoomuksessa.<\/p>\n<p class=\"paragraph\">Kysymys kuuluu jatkossa, kuinka paljon 1 000\u20132 000 euron taksamittari-investointi tulee n\u00e4kym\u00e4\u00e4n taksin hinnoissa. Kokoomuksessa oli n\u00e4kemyst\u00e4, ett\u00e4 taksialan harmaata taloutta olisi voinut kitke\u00e4 my\u00f6s ilman taksamittaripakkoa.<\/p>\n<p class=\"paragraph\">Tuulivoimaloista hallitus oli esitt\u00e4nyt, ett\u00e4 ne olisi rakennettava v\u00e4hint\u00e4\u00e4n 8 kertaa voimalan korkeuden et\u00e4isyydelle asuinrakennuksista, jos voimalaa ei suunnitella maakuntakaavassa tuulivoimalle osoitetulle alueelle. Et\u00e4isyys asutuksesta kasvaisi noin kahteen kilometriin ja ylikin jopa l\u00e4helle kolmea kilometri\u00e4. N\u00e4in suuren et\u00e4isyyden pel\u00e4ttiin kuitenkin etenkin kokoomuksessa ja RKP:ss\u00e4 voivan rapauttaa t\u00e4rkeit\u00e4 tuulivoimainvestointeja.<\/p>\n<p class=\"paragraph\">Iltalehden tietojen mukaan tuulivoiman et\u00e4isyydest\u00e4 asuinrakennuksista p\u00e4\u00e4dyttiin 1 250 metriin. Joitakin poikkeuksia tulee, uuden tuulivoimalan saa jatkossakin rakentaa kuten ennen k\u00e4ytt\u00f6ik\u00e4ns\u00e4 saavuttaneen tuulivoimalan tilalle. Uusi s\u00e4\u00e4ntely ei p\u00e4de uusittaviin tuulivoimaloihin. Uusi s\u00e4\u00e4ntely ei koske maakuntakaavassa olevia tuulivoimaloita vaan kaavan ulkopuolelle j\u00e4\u00e4vi\u00e4. Kokoomuksessa oli halu nuijia sopu kasaan, jotta jumittaneet tuulivoimalainvestoinnit saadaa liikkeelle.<\/p>\n<p class=\"paragraph\">Iltalehti <a href=\"https:\/\/www.iltalehti.fi\/politiikka\/9d70ce04-c974-4e31-9cf6-a577f2424641\" rel=\"nofollow noopener\" target=\"_blank\">on kertonut jo aiemmin<\/a>, ett\u00e4 energia- ja ilmastostrategiasta sek\u00e4 keskipitk\u00e4n aikav\u00e4lin ilmastosuunnitelmasta Kaisusta on sopu.<\/p>\n<p>V\u00e4rillinen rekisterikilpi k\u00e4ytt\u00f6\u00f6n<\/p>\n<p class=\"paragraph\">Liikenne- ja viestint\u00e4ministeri\u00f6 on my\u00f6s julkaissut <a href=\"https:\/\/lvm.fi\/-\/taksisaantelyn-muutokset-etenevat-hallitus-antaa-esityksen-eduskunnalle-kevaalla-2026\" target=\"_blank\" rel=\"noopener nofollow\">tiedotteen<\/a> taksiuudistuksesta. Sen mukaan takseihin on tulossa k\u00e4ytt\u00f6\u00f6n my\u00f6s erillinen v\u00e4rillinen rekisterikilpi. Taksina k\u00e4ytett\u00e4v\u00e4 ajoneuvo tulisi rekister\u00f6id\u00e4 taksiliikenneluvanhaltijan omistukseen tai hallintaan ja liitt\u00e4\u00e4 rekisteriss\u00e4 taksiliikennelupaan.<\/p>\n<p class=\"paragraph\">Luvanhaltijan tiedot asetettaisiin julkisesti saataville rekisteritunnuksen perusteella, jotta my\u00f6s kuluttajat voisivat tarkastaa taksiliikenneluvan voimassaolon s\u00e4hk\u00f6isesti.<\/p>\n<p class=\"paragraph\">Seuraavaksi esitys etenee lains\u00e4\u00e4d\u00e4nn\u00f6n arviointineuvoston k\u00e4sittelyyn, k\u00e4\u00e4nn\u00f6kseen ja laintarkastukseen. Tavoitteena on antaa hallituksen esitys eduskunnalle kev\u00e4\u00e4ll\u00e4 2026.<\/p>\n<p class=\"paragraph\">Ymp\u00e4rist\u00f6ministeri on julkaissut alueidenk\u00e4ytt\u00f6lakia koskevan <a href=\"https:\/\/ym.fi\/-\/hallitukselta-linjaus-tuulivoiman-vahimmaisetaisyyksista\" target=\"_blank\" rel=\"noopener nofollow\">tiedotteen<\/a>. Siin\u00e4 todetaan tuulivoimalan et\u00e4isyyss\u00e4\u00e4ntelyst\u00e4 seuraavasti:<\/p>\n<p class=\"paragraph\">Kun tuulivoimarakentamista ohjaava yksityiskohtaisempi kaava ei sijoitu maakuntakaavan tuulivoimaloiden alueelle, v\u00e4himm\u00e4iset\u00e4isyyden asutukseen olisi oltava v\u00e4hint\u00e4\u00e4n 1,25 kilometri\u00e4. Et\u00e4isyysvaatimuksesta voitaisiin poiketa asuinrakennuspaikkojen omistajien 4\/5 enemmist\u00f6ll\u00e4. Et\u00e4isyyss\u00e4\u00e4ntely\u00e4 ei my\u00f6sk\u00e4\u00e4n sovellettaisi jo tuulivoimak\u00e4ytt\u00f6\u00f6n rakennettujen alueiden osalta. Kunnat voivat jatkossakin p\u00e4\u00e4tt\u00e4\u00e4 haluavatko ne alueelleen tuulivoimaa.<\/p>\n<p class=\"paragraph\">Uutista p\u00e4ivitet\u00e4\u00e4n.<\/p>\n","protected":false},"excerpt":{"rendered":"Hallitus on saavuttanut sovun pitk\u00e4\u00e4n riitelemist\u00e4\u00e4n asioista. Taksiuudistuksesta v\u00e4\u00e4nnettiin hallituksessa pitk\u00e4\u00e4n. AOP Hallitus on saavuttanut sovun pitk\u00e4\u00e4n neuvottelemistaan&hellip;\n","protected":false},"author":2,"featured_media":102331,"comment_status":"","ping_status":"","sticky":false,"template":"","format":"standard","meta":{"footnotes":""},"categories":[112],"tags":[35,33,31,30,121,961,637,118,885,887,32,119],"class_list":{"0":"post-102330","1":"post","2":"type-post","3":"status-publish","4":"format-standard","5":"has-post-thumbnail","7":"category-tiede","8":"tag-24h","9":"tag-fi","10":"tag-finland","11":"tag-finnish","12":"tag-liikenne-ja-kuljetus","13":"tag-luonnonsuojelu","14":"tag-politiikka","15":"tag-science","16":"tag-suomen-poliittiset-puolueet","17":"tag-suomen-politiikka","18":"tag-suomi","19":"tag-tiede"},"share_on_mastodon":{"url":"https:\/\/pubeurope.com\/@fi\/115627260906289239","error":""},"_links":{"self":[{"href":"https:\/\/www.europesays.com\/fi\/wp-json\/wp\/v2\/posts\/102330","targetHints":{"allow":["GET"]}}],"collection":[{"href":"https:\/\/www.europesays.com\/fi\/wp-json\/wp\/v2\/posts"}],"about":[{"href":"https:\/\/www.europesays.com\/fi\/wp-json\/wp\/v2\/types\/post"}],"author":[{"embeddable":true,"href":"https:\/\/www.europesays.com\/fi\/wp-json\/wp\/v2\/users\/2"}],"replies":[{"embeddable":true,"href":"https:\/\/www.europesays.com\/fi\/wp-json\/wp\/v2\/comments?post=102330"}],"version-history":[{"count":0,"href":"https:\/\/www.europesays.com\/fi\/wp-json\/wp\/v2\/posts\/102330\/revisions"}],"wp:featuredmedia":[{"embeddable":true,"href":"https:\/\/www.europesays.com\/fi\/wp-json\/wp\/v2\/media\/102331"}],"wp:attachment":[{"href":"https:\/\/www.europesays.com\/fi\/wp-json\/wp\/v2\/media?parent=102330"}],"wp:term":[{"taxonomy":"category","embeddable":true,"href":"https:\/\/www.europesays.com\/fi\/wp-json\/wp\/v2\/categories?post=102330"},{"taxonomy":"post_tag","embeddable":true,"href":"https:\/\/www.europesays.com\/fi\/wp-json\/wp\/v2\/tags?post=102330"}],"curies":[{"name":"wp","href":"https:\/\/api.w.org\/{rel}","templated":true}]}}