{"id":102336,"date":"2025-11-28T12:15:20","date_gmt":"2025-11-28T12:15:20","guid":{"rendered":"https:\/\/www.europesays.com\/fi\/102336\/"},"modified":"2025-11-28T12:15:20","modified_gmt":"2025-11-28T12:15:20","slug":"syyttaja-tampereen-ratinan-puukottaja-halusi-vahingoittaa-useita-ihmisia-puolustus-myontaa-joukkomurhafantasiat","status":"publish","type":"post","link":"https:\/\/www.europesays.com\/fi\/102336\/","title":{"rendered":"Syytt\u00e4j\u00e4: Tampereen Ratinan puukottaja halusi vahingoittaa useita ihmisi\u00e4, puolustus my\u00f6nt\u00e4\u00e4 joukkomurhafantasiat"},"content":{"rendered":"<p>    <img decoding=\"async\" class=\"responsive-image article__image-image lozad\"   src=\"https:\/\/www.europesays.com\/fi\/wp-content\/uploads\/2025\/11\/dTYoNjVc6S0J9yIOLpTydOLLW-ICpkdfQ9Cva2pofysuGspmFlnqtKi0MQdjvypPz98tAnAJFsy3zqd12Ynjxh1BTsDOhrvecccj.jpeg\" alt=\"Syytetty osallistui oikeudenk\u00e4yntiin et\u00e4yhteydell\u00e4 Kylm\u00e4kosken vankilasta.\"\/><\/p>\n<p>\n                Syytetty osallistui oikeudenk\u00e4yntiin et\u00e4yhteydell\u00e4 Kylm\u00e4kosken vankilasta.\n              <\/p>\n<p>\n                Kuva: Timo Marttila \/ Lehtikuva\n              <\/p>\n<p class=\"article__paragraph\">\n      Syytt\u00e4j\u00e4 vaatii Tampereella hein\u00e4kuussa useita ihmisi\u00e4 puukottaneelle miehelle v\u00e4hint\u00e4\u00e4n kahdeksan vuoden vankeusrangaistusta. Lis\u00e4ksi syytt\u00e4j\u00e4 vaatii, ett\u00e4 mies m\u00e4\u00e4r\u00e4t\u00e4\u00e4n mielentilatutkimukseen ja vaarallisuusarvioon.\n    <\/p>\n<p class=\"article__paragraph\">\n      Nelj\u00e4 ihmist\u00e4 sai vammoja, kun parikymppinen mies hy\u00f6kk\u00e4si puukon kanssa heid\u00e4n kimppuunsa kauppakeskus Ratinan edustalla 3. hein\u00e4kuuta. Perjantaina alkaneessa oikeudenk\u00e4ynniss\u00e4 miest\u00e4 syytet\u00e4\u00e4n muun muassa kahdesta murhan yrityksest\u00e4 ja kahdesta t\u00f6rke\u00e4st\u00e4 pahoinpitelyst\u00e4.\n    <\/p>\n<p class=\"article__paragraph\">\n      Syytt\u00e4j\u00e4n mukaan miehen teko oli vakaasti harkittu.\n    <\/p>\n<p class=\"article__paragraph\">\n      \u2013\u2009(Syytetty) on ennen tekoa muutamalle ihmiselle puhunut haluavansa tehd\u00e4 v\u00e4kivallanteon useisiin ihmisiin kohdistuen. (Syytetty) on ostanut tekov\u00e4lineen kaksi p\u00e4iv\u00e4\u00e4 aiemmin ja on ottanut sen tapahtumap\u00e4iv\u00e4n\u00e4 mukaansa kaupungille &#8212; (syytetyn) tarkoituksena on ollut puukolla vahingoittaa mahdollisimman montaa ihmist\u00e4, syytt\u00e4j\u00e4n haastehakemuksessa sanottiin.\n    <\/p>\n<p>      Uhreina kolme naista ja mies<\/p>\n<p class=\"article__paragraph\">\n      Syytteen mukaan mies l\u00f6i bussipys\u00e4kill\u00e4 ollutta naista yll\u00e4tt\u00e4en puukolla ja yritti tappaa t\u00e4m\u00e4n. Sen j\u00e4lkeen h\u00e4n l\u00f6i toista naista olkavarteen ja kylkeen.\n    <\/p>\n<p class=\"article__paragraph\">\n      Mies yritti syytteen mukaan tappaa my\u00f6s s\u00e4hk\u00f6potkulautaa ottamassa olleen naisen ly\u00f6m\u00e4ll\u00e4 t\u00e4t\u00e4 ainakin nelj\u00e4 kertaa puukolla kylkeen. Lis\u00e4ksi syytetty teki v\u00e4kivaltaa nelj\u00e4nnelle uhrille, miehelle, ly\u00f6m\u00e4ll\u00e4 t\u00e4t\u00e4 kerran puukolla osuen oikeaan olkavarteen, syytt\u00e4j\u00e4 sanoi.\n    <\/p>\n<p>    <img decoding=\"async\" class=\"responsive-image article__image-image lozad\"   src=\"https:\/\/www.europesays.com\/fi\/wp-content\/uploads\/2025\/11\/5dnScnppNoc_TTE7kJ9pKzIckT8wSujc8lSKelYak5fLbCAlws3qrP70kduwP3200dtdbe3K2z1LdBXKCagdcT8uTHVGjDf89Yn5.jpeg\" alt=\"Puukotuksen j\u00e4ljet n\u00e4kyiv\u00e4t Ratinan kauppakeskuksen edess\u00e4 poliisin purettua eristyksen.\"\/><\/p>\n<p>\n                Puukotuksen j\u00e4ljet n\u00e4kyiv\u00e4t Ratinan kauppakeskuksen edess\u00e4 poliisin purettua eristyksen.\n              <\/p>\n<p>\n                Kuva: Saara Peltola \/ Lehtikuva\n              <\/p>\n<p class=\"article__paragraph\">\n      Poliisin mukaan puukotusten uhrit olivat 34\u201352-vuotiaita ja he kaikki saivat vakavia vammoja, jotka vaativat sairaalahoitoa. Tekov\u00e4line oli poliisin mukaan tavanomainen rautakaupasta saatava niin kutsuttu timpurinpuukko.\n    <\/p>\n<p class=\"article__paragraph\">\n      Puukotuksen lis\u00e4ksi miest\u00e4 syytet\u00e4\u00e4n oikeudenk\u00e4ynniss\u00e4 my\u00f6s laittomasta uhkauksesta, joka tapahtui ennen Ratinan tapahtumia.\n    <\/p>\n<p>      &#8221;Oli fantasioinut joukkomurha-asioihin liittyen&#8221;<\/p>\n<p class=\"article__paragraph\">\n      Mies on my\u00f6nt\u00e4nyt teot ja lis\u00e4ksi syytteet t\u00f6rkeist\u00e4 pahoinpitelyist\u00e4. Syytteet murhan yrityksist\u00e4 h\u00e4n kiist\u00e4\u00e4 ja katsoo syyllistyneens\u00e4 tapon yrityksiin. Laittoman uhkauksen h\u00e4n kiist\u00e4\u00e4 t\u00e4ysin.\n    <\/p>\n<p class=\"article__paragraph\">\n      Miehen kirjallisessa ennakkovastauksessa k\u00e4r\u00e4j\u00e4oikeudelle sanotaan, ett\u00e4 mies oli tapahtumap\u00e4iv\u00e4n\u00e4 turhautunut siihen, ett\u00e4 h\u00e4nen omaisuuttaan oli varastettu.\n    <\/p>\n<p class=\"article__paragraph\">\n      \u2013\u2009(Syytetyn) n\u00e4k\u00f6kulmasta tapahtumat on toteutettu saman pettymyksest\u00e4 aiheutuneen tunnekuohun vallassa, eik\u00e4 siihen ole sis\u00e4ltynyt vakaata harkintaa, vastauksessa sanotaan.\n    <\/p>\n<p class=\"article__paragraph\">\n      Vastauksen mukaan mies &#8221;oli ollut kiinnostunut ja fantasioinut joukkomurha-asioihin liittyen&#8221;, mutta h\u00e4nell\u00e4 ei ollut suunnitelmia eik\u00e4 h\u00e4n ollut tehnyt p\u00e4\u00e4t\u00f6st\u00e4 tekojen toteuttamisesta. Puolustuksen mukaan mies ei ollut my\u00f6sk\u00e4\u00e4n hankkinut puukkoa nimenomaisesti syytteess\u00e4 olevien tekojen tekemist\u00e4 varten.\n    <\/p>\n<p class=\"article__paragraph\">\n      Vastauksensa mukaan mies ei vastusta mielentilatutkimuksen tekemist\u00e4.\n    <\/p>\n<p>      Syytetyll\u00e4 aiempaa rikostaustaa<\/p>\n<p class=\"article__paragraph\">\n      Poliisi kertoi pian v\u00e4kivallanteon j\u00e4lkeen, ett\u00e4 ep\u00e4illylle tehdyss\u00e4 alustavassa puhuttelussa t\u00e4m\u00e4 sanoi, ettei teolla ollut esimerkiksi rasistista tai terroristista motiivia. Mies sanoi kokevansa \u201dkaikkien ihmisten olevan vihollisia\u201d ja ett\u00e4 n\u00e4m\u00e4 &#8221;saavat mit\u00e4 tilaavat&#8221;. Miehen mielest\u00e4 &#8221;kaikki on samaa pahaa massaa h\u00e4nt\u00e4 vastaan&#8221;, ja h\u00e4n halusi teollaan lopettaa oman k\u00e4rsimisens\u00e4, poliisi kertoi.\n    <\/p>\n<p class=\"article__paragraph\">\n      Syytt\u00e4j\u00e4 vaatii syytetyst\u00e4 vaarallisuusarviota yhdistelm\u00e4rangaistusta varten. Yhdistelm\u00e4rangaistuksella tarkoitetaan aiemmin vakavasta rikoksesta tuomitulle m\u00e4\u00e4r\u00e4tt\u00e4v\u00e4\u00e4 rangaistusta, jossa kokonaan vankilassa istuttavaa rangaistusta seuraa valvonta-aika.\n    <\/p>\n<p class=\"article__paragraph\">\n      Ep\u00e4illyll\u00e4 on aiempaa rikostaustaa. H\u00e4net on aiemmin tuomittu muun muassa Tampereella tapahtuneista v\u00e4kivalta- ja omaisuusrikoksista vuosina 2020\u20132024.\n    <\/p>\n","protected":false},"excerpt":{"rendered":"Syytetty osallistui oikeudenk\u00e4yntiin et\u00e4yhteydell\u00e4 Kylm\u00e4kosken vankilasta. Kuva: Timo Marttila \/ Lehtikuva Syytt\u00e4j\u00e4 vaatii Tampereella hein\u00e4kuussa useita ihmisi\u00e4 puukottaneelle&hellip;\n","protected":false},"author":2,"featured_media":102337,"comment_status":"","ping_status":"","sticky":false,"template":"","format":"standard","meta":{"footnotes":""},"categories":[12],"tags":[22,23,26,27,33,31,30,17,24,25,28,29,15,18,21,32,19,20,16],"class_list":{"0":"post-102336","1":"post","2":"type-post","3":"status-publish","4":"format-standard","5":"has-post-thumbnail","7":"category-suomi","8":"tag-breaking-news","9":"tag-breakingnews","10":"tag-featured-news","11":"tag-featurednews","12":"tag-fi","13":"tag-finland","14":"tag-finnish","15":"tag-headlines","16":"tag-latest-news","17":"tag-latestnews","18":"tag-main-news","19":"tag-mainnews","20":"tag-news","21":"tag-otsikot","22":"tag-paauutiset","23":"tag-suomi","24":"tag-top-stories","25":"tag-topstories","26":"tag-uutiset"},"share_on_mastodon":{"url":"https:\/\/pubeurope.com\/@fi\/115627276878338809","error":""},"_links":{"self":[{"href":"https:\/\/www.europesays.com\/fi\/wp-json\/wp\/v2\/posts\/102336","targetHints":{"allow":["GET"]}}],"collection":[{"href":"https:\/\/www.europesays.com\/fi\/wp-json\/wp\/v2\/posts"}],"about":[{"href":"https:\/\/www.europesays.com\/fi\/wp-json\/wp\/v2\/types\/post"}],"author":[{"embeddable":true,"href":"https:\/\/www.europesays.com\/fi\/wp-json\/wp\/v2\/users\/2"}],"replies":[{"embeddable":true,"href":"https:\/\/www.europesays.com\/fi\/wp-json\/wp\/v2\/comments?post=102336"}],"version-history":[{"count":0,"href":"https:\/\/www.europesays.com\/fi\/wp-json\/wp\/v2\/posts\/102336\/revisions"}],"wp:featuredmedia":[{"embeddable":true,"href":"https:\/\/www.europesays.com\/fi\/wp-json\/wp\/v2\/media\/102337"}],"wp:attachment":[{"href":"https:\/\/www.europesays.com\/fi\/wp-json\/wp\/v2\/media?parent=102336"}],"wp:term":[{"taxonomy":"category","embeddable":true,"href":"https:\/\/www.europesays.com\/fi\/wp-json\/wp\/v2\/categories?post=102336"},{"taxonomy":"post_tag","embeddable":true,"href":"https:\/\/www.europesays.com\/fi\/wp-json\/wp\/v2\/tags?post=102336"}],"curies":[{"name":"wp","href":"https:\/\/api.w.org\/{rel}","templated":true}]}}