{"id":102338,"date":"2025-11-28T12:16:11","date_gmt":"2025-11-28T12:16:11","guid":{"rendered":"https:\/\/www.europesays.com\/fi\/102338\/"},"modified":"2025-11-28T12:16:11","modified_gmt":"2025-11-28T12:16:11","slug":"jokerit-legendat-juhlivat-sm-liigan-paatosta-sveitsin-alpeilla-ossi-vaananen-tata-on-odotettu-urheilu","status":"publish","type":"post","link":"https:\/\/www.europesays.com\/fi\/102338\/","title":{"rendered":"Jokerit-legendat juhlivat SM-liigan p\u00e4\u00e4t\u00f6st\u00e4 Sveitsin Alpeilla \u2013 Ossi V\u00e4\u00e4n\u00e4nen: \u201dT\u00e4t\u00e4 on odotettu\u201d | Urheilu"},"content":{"rendered":"<p class=\"aw-1gybjub aw-5vja16 kEtdKx kmuxyA yle__article__paragraph\">Helsingin Jokerit l\u00e4p\u00e4isee suurella toden\u00adn\u00e4k\u00f6isyydell\u00e4 SM-liigan lisenssi\u00adehdot ja nousee SM-liigaan kaudeksi 2026\u20132027.<\/p>\n<p><img decoding=\"async\" alt=\"Ossi V\u00e4\u00e4n\u00e4nen kuuluu Jokerien hallitukseen. \" src=\"https:\/\/www.europesays.com\/fi\/wp-content\/uploads\/2025\/11\/39-156121869296e2d55d45.jpeg\" class=\"aw-1l9m598 hKVVvP\"\/><\/p>\n<p>Avaa kuvien katselu<\/p>\n<p>Ossi V\u00e4\u00e4n\u00e4nen kuuluu Jokerien hallitukseen. Kuva: All Over Press<\/p>\n<p>13:08\u2022P\u00e4ivitetty 13:31<\/p>\n<p>SM-liigan uudistus tiivistettyn\u00e4<\/p>\n<ul class=\"aw-1jjocuh iJTSwP yle__article__list yle__article__list--ul\">\n<li class=\"aw-1j7gwms gNYKfi\">SM-liigan sarjaj\u00e4rjestelm\u00e4 muuttuu niin, ett\u00e4 nykyisen 16 joukkueen sarjan tilalle tulee kaksi tasoa. Ylimm\u00e4ss\u00e4 A-liigassa pelaa 14 joukkuetta ja B-liigassa 10 joukkuetta.<\/li>\n<li class=\"aw-1j7gwms gNYKfi\">Sarjatasojen v\u00e4lill\u00e4 liikkuminen tapahtuu jatkossa suorilla nousuilla ja putoamisilla: joka kev\u00e4t A-liigan heikoin joukkue putoaa B-liigaan ja B-liigan paras nousee A-liigaan.<\/li>\n<li class=\"aw-1j7gwms gNYKfi\">Ensi kaudella sarjassa pelataan niin sanottu superkausi, jossa SM-liigassa pelaa jopa 18 joukkuetta. Mukaan voivat hakea Mestiksen hallitseva mestari Jokerit sek\u00e4 t\u00e4m\u00e4n kauden mestari tai finalisti.<\/li>\n<li class=\"aw-1j7gwms gNYKfi\">Ensi kauden sijoitusten perusteella joukkueet jaetaan A- ja B-sarjoihin kaudelle 2027\u201328.<\/li>\n<\/ul>\n<p class=\"aw-1gybjub aw-1p7kakr kEtdKx cEmitX yle__article__paragraph\">J\u00e4\u00e4kiekon SM-liiga on p\u00e4\u00e4tt\u00e4nyt tulevasta sarjaj\u00e4rjestelm\u00e4st\u00e4. Liigakaudella 2026\u20132027 pelataan niin sanottu siirtym\u00e4kausi, jolloin sarjassa voi pelata maksimissaan 18 joukkuetta.<\/p>\n<p class=\"aw-1gybjub aw-1p7kakr kEtdKx cEmitX yle__article__paragraph\">Kaudesta 2027\u201328 l\u00e4htien Liigassa pelaa kaksi sarjatasoa. Ylemm\u00e4ss\u00e4 sarjassa pelaa 14 joukkuetta ja alemmassa 10. Liikkuminen sarjojen v\u00e4lill\u00e4 tapahtuu suorien nousujen ja putoamisten kautta.<\/p>\n<p class=\"aw-1gybjub aw-1p7kakr kEtdKx cEmitX yle__article__paragraph\">Yle Urheilun asiantuntija <strong class=\"aw-ak79eh KyCXm yle__article__strong\">Karri R\u00e4m\u00f6n<\/strong> mukaan 14+10-malli ei palvele parhaalla tavalla Suomen j\u00e4\u00e4kiekkoa. R\u00e4m\u00f6 kuitenkin uskoo, ett\u00e4 iso osa p\u00e4\u00e4t\u00f6st\u00e4 oli se, ett\u00e4 Jokerit saadaan nopeasti liigaan.<\/p>\n<p class=\"aw-1gybjub aw-1p7kakr kEtdKx cEmitX yle__article__paragraph\">Helsingin Jokerit voikin hakea liigalisenssi\u00e4 jo ensi kaudeksi. My\u00f6s kuluvan kauden Mestis-mestari voi hakea lisenssi\u00e4 \u2013 tai hopeajoukkue, jos Jokerit uusii mestaruutensa.<\/p>\n<p class=\"aw-1gybjub aw-1p7kakr kEtdKx cEmitX yle__article__paragraph\">Jokeriyhteis\u00f6ss\u00e4 on odotettu jo pitk\u00e4\u00e4n mahdollisuutta palata korkeimmalle sarjatasolle Suomessa.<\/p>\n<p class=\"aw-1gybjub aw-1p7kakr kEtdKx cEmitX yle__article__paragraph\">Helsinkil\u00e4isseura pelasi viimeksi SM-liigassa kaudella 2013\u20132014. T\u00e4m\u00e4n j\u00e4lkeen se siirtyi pelaamaan Ven\u00e4j\u00e4n KHL-liigaan vuosiksi 2014\u20132022. Viimeisen kolmen kauden aikana seura on pelannut Suomen toiseksi korkeimmalla sarjatasolla Mestiksess\u00e4.<\/p>\n<p class=\"aw-1gybjub aw-1p7kakr kEtdKx cEmitX yle__article__paragraph\">Jokerien puolustajalegendalle ja seuran omistajiin kuuluvalle <strong class=\"aw-ak79eh KyCXm yle__article__strong\">Ossi V\u00e4\u00e4n\u00e4selle<\/strong> torstain uutinen oli odotettu.<\/p>\n<p class=\"aw-1gybjub aw-1p7kakr kEtdKx cEmitX yle__article__paragraph\">\u2013 Emme me ole sit\u00e4 piilotelleet, ett\u00e4 haluamme liigaan. T\u00e4t\u00e4 on haluttu ja odotettu. Olen iloinen, V\u00e4\u00e4n\u00e4nen kertoi Yle Urheilulle.<\/p>\n<p><img decoding=\"async\" alt=\"Jokerien Ville Vainikainen juhlii 4-3-voittomaaliaan 2. jatkoer\u00e4ss\u00e4 Pelicansia vastaan 2. liigakarsintaottelussa 10.4. 2025.\" src=\"https:\/\/www.europesays.com\/fi\/wp-content\/uploads\/2025\/11\/39-144920867f8204856305.jpeg\" loading=\"lazy\" class=\"aw-1l9m598 hKVVvP\"\/><\/p>\n<p>Avaa kuvien katselu<\/p>\n<p>Jokerit oli viime kaudella ylivoimainen Mestiksess\u00e4, mutta h\u00e4visi liigakarsinnassa Pelicansille. Kuva: All Over Press<\/p>\n<p class=\"aw-1gybjub aw-1p7kakr kEtdKx cEmitX yle__article__paragraph\">V\u00e4\u00e4n\u00e4nen sanoo, ett\u00e4 SM-liigan tekem\u00e4t muutokset tuovat p\u00e4\u00e4sarjaan kilpailullisuutta, jota on kaivattu.<\/p>\n<p class=\"aw-1gybjub aw-1p7kakr kEtdKx cEmitX yle__article__paragraph\">\u2013 Draama kiinnostaa. Uskon, ett\u00e4 Jokerit tuo tosi kivan piristysruiskeen sarjaan.<\/p>\n<p class=\"aw-1gybjub aw-1p7kakr kEtdKx cEmitX yle__article__paragraph\"><strong class=\"aw-ak79eh KyCXm yle__article__strong\">Oliko 14+10-sarjaj\u00e4rjestelm\u00e4 mielest\u00e4si paras vaihtoehto?<\/strong><\/p>\n<p class=\"aw-1gybjub aw-1p7kakr kEtdKx cEmitX yle__article__paragraph\">\u2013 En l\u00e4hde sit\u00e4 nyt v\u00e4\u00e4nt\u00e4m\u00e4\u00e4n, mik\u00e4 oli paras. Sanotaan, ett\u00e4 me otetaan t\u00e4m\u00e4 avosylin vastaan, V\u00e4\u00e4n\u00e4nen sanoo.<\/p>\n<p>\u201dUskon, ett\u00e4 l\u00e4p\u00e4isemme lisenssiehdot\u201d<\/p>\n<p class=\"aw-1gybjub aw-1p7kakr kEtdKx cEmitX yle__article__paragraph\">Mestiksen mestaruuden voittanut Jokerit p\u00e4\u00e4si tavoittelemaan viime kev\u00e4\u00e4n\u00e4 liigapaikkaa karsinnoissa Lahden Pelicansia vastaan. Pelicans l\u00f6i Jokerit kuitenkin otteluvoitoin 4\u20131.<\/p>\n<p class=\"aw-1gybjub aw-1p7kakr kEtdKx cEmitX yle__article__paragraph\">Nyt lisenssiehdot ovat Jokerien osalta t\u00e4yttym\u00e4ss\u00e4 ja ensi kaudella p\u00e4\u00e4sarjassa saatetaan monen vuoden tauon j\u00e4lkeen n\u00e4hd\u00e4 j\u00e4lleen Helsingin odotettu paikallisv\u00e4\u00e4nt\u00f6 HIFK:n ja Jokerien v\u00e4lill\u00e4.<\/p>\n<p class=\"aw-1gybjub aw-1p7kakr kEtdKx cEmitX yle__article__paragraph\">\u2013 Olemme kumminkin menneet aika isolla Mestiksess\u00e4 ja olemme pit\u00e4neet silm\u00e4ll\u00e4 liigaa. Olemme siksi tehneet asioita isommin kuin mit\u00e4 olisi ollut tarve, V\u00e4\u00e4n\u00e4nen kertoo.<\/p>\n<p><img decoding=\"async\" alt=\"Mikko Saarni poseeraaa kameralle.\" src=\"https:\/\/www.europesays.com\/fi\/wp-content\/uploads\/2025\/11\/39-13793776734b0a46629f.jpeg\" loading=\"lazy\" class=\"aw-1l9m598 hKVVvP\"\/><\/p>\n<p>Avaa kuvien katselu<\/p>\n<p>Puheenjohtaja Mikko Saarni on johtanut Jokereiden uutta nousua. Kuva: Senni Nieminen \/ Yle<\/p>\n<p class=\"aw-1gybjub aw-1p7kakr kEtdKx cEmitX yle__article__paragraph\">Jokerien hallitukseen kuuluva V\u00e4\u00e4n\u00e4nen uskoo, ett\u00e4 seura l\u00e4p\u00e4isee SM-liigan lisenssivaatimukset ja Jokerit palaa p\u00e4\u00e4sarjaan ensi kaudeksi.<\/p>\n<p class=\"aw-1gybjub aw-1p7kakr kEtdKx cEmitX yle__article__paragraph\">\u2013 Uskon, ett\u00e4 l\u00e4p\u00e4isemme lisenssiehdot, V\u00e4\u00e4n\u00e4nen sanoo kiitt\u00e4en samalla puheenjohtaja <strong class=\"aw-ak79eh KyCXm yle__article__strong\">Mikko Saarnia<\/strong> tekem\u00e4st\u00e4\u00e4n ty\u00f6st\u00e4.<\/p>\n<p>Jokerit-legendat juhlivat Alpeilla<\/p>\n<p class=\"aw-1gybjub aw-1p7kakr kEtdKx cEmitX yle__article__paragraph\">Ammattilaisurallaan Jokereita SM-liigassa sek\u00e4 KHL:ss\u00e4 edustanut V\u00e4\u00e4n\u00e4nen juhlisti SM-liigan p\u00e4\u00e4t\u00f6st\u00e4 torstaina Sveitsin alppikyl\u00e4ss\u00e4 Zermattissa yhdess\u00e4 muiden pelaajalegendojen kanssa.<\/p>\n<p class=\"aw-1gybjub aw-1p7kakr kEtdKx cEmitX yle__article__paragraph\">Mukana juhlissa olivat V\u00e4\u00e4n\u00e4sen lis\u00e4ksi muun muassa entiset Jokerit-t\u00e4hdet <strong class=\"aw-ak79eh KyCXm yle__article__strong\">Jari Kurri<\/strong> ja <strong class=\"aw-ak79eh KyCXm yle__article__strong\">Esa Tikkanen<\/strong>.<\/p>\n<p class=\"aw-1gybjub aw-1p7kakr kEtdKx cEmitX yle__article__paragraph\">\u2013 Joo, ehdottomasti eilen juhlistettiin sit\u00e4. Seurueen kanssa piti ottaa hetki aikaa ja nauttia t\u00e4st\u00e4, V\u00e4\u00e4n\u00e4nen kertoo.<\/p>\n<p class=\"aw-1gybjub aw-1p7kakr kEtdKx cEmitX yle__article__paragraph\">Jokerit on Suomen seuratuimpia kiekkoseuroja. Jokerien paluuta Helsingin areenaan oli lokakuun lopulla seuraamassa yli 12\u00a0000 katsojaa. Yleis\u00f6m\u00e4\u00e4r\u00e4 oli korkein Mestiksen 25-vuotisessa historiassa. Sill\u00e4 oli pitk\u00e4\u00e4n hallussa my\u00f6s Mestiksen aiempi yleis\u00f6enn\u00e4tys.<\/p>\n<p class=\"aw-1gybjub aw-1p7kakr kEtdKx cEmitX yle__article__paragraph\">\u2013 Jokerit kiinnostaa ja se tuo n\u00e4kyvyytt\u00e4. Kun itse pelasin, niin muistan, ett\u00e4 vieraspelipaikkakunnilla yleis\u00f6m\u00e4\u00e4r\u00e4 oli yleens\u00e4 kovempi kuin normipeleiss\u00e4, V\u00e4\u00e4n\u00e4nen muistelee.<\/p>\n<p class=\"aw-1gybjub aw-1p7kakr kEtdKx cEmitX yle__article__paragraph\">Jokerien paluu SM-liigaan on siis suurella todenn\u00e4k\u00f6isyydell\u00e4 suuri piristysruiske my\u00f6s SM-liigalle.<\/p>\n<p class=\"aw-1gybjub aw-1p7kakr kEtdKx cEmitX yle__article__paragraph\">\u2013 On se rakkautta tai sitten vihaa, mik\u00e4 on aika vahva sana, niin Jokerit kiinnostaa, V\u00e4\u00e4n\u00e4nen sanoo.<\/p>\n<p class=\"aw-1gybjub aw-1p7kakr kEtdKx cEmitX yle__article__paragraph\">Perjantaina p\u00e4iv\u00e4ll\u00e4 Jokerit tiedotti hakevansa liigalisenssi\u00e4 kaudelle 2026\u201327.<\/p>\n<p class=\"aw-1gybjub aw-1p7kakr kEtdKx cEmitX yle__article__paragraph\">\u2013 Kyseess\u00e4 on koko Jokeri-yhteis\u00f6lle poikkeuksellisen merkitt\u00e4v\u00e4 ja kiinnostava uutinen, seura kommentoi SM-liigan p\u00e4\u00e4t\u00f6st\u00e4.<\/p>\n<p class=\"aw-1gybjub aw-1p7kakr kEtdKx cEmitX yle__article__paragraph\">\u2013 Paluu suomalaisen kiekon p\u00e4\u00e4sarjatasolle on ollut alkuper\u00e4isen suunnitelman merkitt\u00e4vin tavoite, ja koko organisaatio on tehnyt hurjan m\u00e4\u00e4r\u00e4n t\u00f6it\u00e4 t\u00e4m\u00e4n hetken eteen niin urheilullisesti, taloudellisesti kuin toiminnallisesti.<\/p>\n<p class=\"aw-1gybjub aw-1p7kakr kEtdKx cEmitX yle__article__paragraph\">Jokerit kertoi jatkavansa vuoropuhelua SM-liigan ja J\u00e4\u00e4kiekkoliiton kanssa sek\u00e4 tiedottavansa seuraavista askelista lis\u00e4\u00e4 ensi viikolla.<\/p>\n","protected":false},"excerpt":{"rendered":"Helsingin Jokerit l\u00e4p\u00e4isee suurella toden\u00adn\u00e4k\u00f6isyydell\u00e4 SM-liigan lisenssi\u00adehdot ja nousee SM-liigaan kaudeksi 2026\u20132027. Avaa kuvien katselu Ossi V\u00e4\u00e4n\u00e4nen kuuluu&hellip;\n","protected":false},"author":2,"featured_media":102339,"comment_status":"","ping_status":"","sticky":false,"template":"","format":"standard","meta":{"footnotes":""},"categories":[5],"tags":[22,23,26,27,33,31,30,17,1143,7509,24,25,28,29,2401,15,9604,18,21,2973,32,19,20,160,16],"class_list":{"0":"post-102338","1":"post","2":"type-post","3":"status-publish","4":"format-standard","5":"has-post-thumbnail","7":"category-otsikot","8":"tag-breaking-news","9":"tag-breakingnews","10":"tag-featured-news","11":"tag-featurednews","12":"tag-fi","13":"tag-finland","14":"tag-finnish","15":"tag-headlines","16":"tag-jaakiekko","17":"tag-jokerit","18":"tag-latest-news","19":"tag-latestnews","20":"tag-main-news","21":"tag-mainnews","22":"tag-mestis","23":"tag-news","24":"tag-ossi-vaananen","25":"tag-otsikot","26":"tag-paauutiset","27":"tag-sm-liiga","28":"tag-suomi","29":"tag-top-stories","30":"tag-topstories","31":"tag-urheilu","32":"tag-uutiset"},"share_on_mastodon":{"url":"https:\/\/pubeurope.com\/@fi\/115627280665872549","error":""},"_links":{"self":[{"href":"https:\/\/www.europesays.com\/fi\/wp-json\/wp\/v2\/posts\/102338","targetHints":{"allow":["GET"]}}],"collection":[{"href":"https:\/\/www.europesays.com\/fi\/wp-json\/wp\/v2\/posts"}],"about":[{"href":"https:\/\/www.europesays.com\/fi\/wp-json\/wp\/v2\/types\/post"}],"author":[{"embeddable":true,"href":"https:\/\/www.europesays.com\/fi\/wp-json\/wp\/v2\/users\/2"}],"replies":[{"embeddable":true,"href":"https:\/\/www.europesays.com\/fi\/wp-json\/wp\/v2\/comments?post=102338"}],"version-history":[{"count":0,"href":"https:\/\/www.europesays.com\/fi\/wp-json\/wp\/v2\/posts\/102338\/revisions"}],"wp:featuredmedia":[{"embeddable":true,"href":"https:\/\/www.europesays.com\/fi\/wp-json\/wp\/v2\/media\/102339"}],"wp:attachment":[{"href":"https:\/\/www.europesays.com\/fi\/wp-json\/wp\/v2\/media?parent=102338"}],"wp:term":[{"taxonomy":"category","embeddable":true,"href":"https:\/\/www.europesays.com\/fi\/wp-json\/wp\/v2\/categories?post=102338"},{"taxonomy":"post_tag","embeddable":true,"href":"https:\/\/www.europesays.com\/fi\/wp-json\/wp\/v2\/tags?post=102338"}],"curies":[{"name":"wp","href":"https:\/\/api.w.org\/{rel}","templated":true}]}}