{"id":102342,"date":"2025-11-28T12:20:09","date_gmt":"2025-11-28T12:20:09","guid":{"rendered":"https:\/\/www.europesays.com\/fi\/102342\/"},"modified":"2025-11-28T12:20:09","modified_gmt":"2025-11-28T12:20:09","slug":"baikonurin-avaruuskeskuksessa-vaurio-mtv-uutiset","status":"publish","type":"post","link":"https:\/\/www.europesays.com\/fi\/102342\/","title":{"rendered":"Baikonurin avaruuskeskuksessa vaurio | MTV Uutiset"},"content":{"rendered":"<p><strong class=\"typography-bold\">Ven\u00e4j\u00e4n miehitettyihin avaruuslentoihin saattaa tulla viiv\u00e4styksi\u00e4 Baikonurin avaruuskeskuksen laukaisualustan vaurioiduttua.<\/strong><\/p>\n<p>Ven\u00e4j\u00e4n Baikonurin avaruuskeskuksen laukaisualusta on vaurioitunut eilen tapahtuneen miehitetyn Sojuz-lennon laukaisun yhteydess\u00e4. Aiheesta uutisoi <a class=\"underline\" data-testid=\"external-link\" href=\"https:\/\/www.themoscowtimes.com\/2025\/11\/28\/baikonur-launchpad-damaged-after-russian-rocket-launch-to-iss-a91265\" rel=\"noopener noreferrer nofollow\" target=\"_blank\" data-sentry-component=\"ExternalLink\" data-sentry-source-file=\"ExternalLink.tsx\">The Moscow Times<\/a>.<\/p>\n<p>Sojuz MS-28-lennon mukana oli kaksi ven\u00e4l\u00e4ist\u00e4 kosmonauttia ja yksi Nasan astronautti. Lento laukaistiin Kazakstanissa sijaitsevasta avaruuskeskuksesta kohti kansainv\u00e4list\u00e4 ISS -avaruusasemaa. Alus telakoitui onnistuneesti ISS:lle.<\/p>\n<p><strong class=\"typography-bold\">Lue my\u00f6s: <\/strong><a class=\"underline\" data-testid=\"internal-link\" role=\"link\" data-sentry-element=\"Link\" data-sentry-component=\"InternalLink\" data-sentry-source-file=\"InternalLink.tsx\" href=\"https:\/\/www.mtvuutiset.fi\/artikkeli\/maailman-kriiseja-ei-paase-pakoon-avaruuteenkaan-silti-iss-asema-on-se-viimeinen-paikka\/9134344\" rel=\"nofollow noopener\" target=\"_blank\"><strong class=\"typography-bold\">Maailmanpolitiikkaa ei p\u00e4\u00e4se pakoon avaruuteenkaan<\/strong><\/a><\/p>\n<p>Avaruusj\u00e4rjest\u00f6 Roscosmos kertoo, ett\u00e4 laukaisun j\u00e4lkeen laukaisualustalla havaittiin vaurioita useissa kohdissa. J\u00e4rjest\u00f6n mukaan sill\u00e4 on kaikki tarvittavat varaosat alustan korjaamiseen ja vauriot tullaan korjaamaan &#8221;l\u00e4hitulevaisuudessa&#8221;.<\/p>\n<p>The Moscow Times kertoo N+1 -tiedesivuston tietoihin viitaten, ett\u00e4 Baikonurin avaruuskeskus on Ven\u00e4j\u00e4n ainoa toiminnassa oleva alusta miehitettyjen Sojuz-lentojen l\u00e4hett\u00e4miseksi ISS:lle. Laukaisualustan vaurioituminen saattaa t\u00e4ten aiheuttaa lykk\u00e4yksi\u00e4 Ven\u00e4j\u00e4n tuleville miehitetyille lennoille.<\/p>\n","protected":false},"excerpt":{"rendered":"Ven\u00e4j\u00e4n miehitettyihin avaruuslentoihin saattaa tulla viiv\u00e4styksi\u00e4 Baikonurin avaruuskeskuksen laukaisualustan vaurioiduttua. Ven\u00e4j\u00e4n Baikonurin avaruuskeskuksen laukaisualusta on vaurioitunut eilen tapahtuneen&hellip;\n","protected":false},"author":2,"featured_media":102343,"comment_status":"","ping_status":"","sticky":false,"template":"","format":"standard","meta":{"footnotes":""},"categories":[114],"tags":[453,33,31,30,118,452,32,119],"class_list":{"0":"post-102342","1":"post","2":"type-post","3":"status-publish","4":"format-standard","5":"has-post-thumbnail","7":"category-avaruus","8":"tag-avaruus","9":"tag-fi","10":"tag-finland","11":"tag-finnish","12":"tag-science","13":"tag-space","14":"tag-suomi","15":"tag-tiede"},"share_on_mastodon":{"url":"https:\/\/pubeurope.com\/@fi\/115627296225016205","error":""},"_links":{"self":[{"href":"https:\/\/www.europesays.com\/fi\/wp-json\/wp\/v2\/posts\/102342","targetHints":{"allow":["GET"]}}],"collection":[{"href":"https:\/\/www.europesays.com\/fi\/wp-json\/wp\/v2\/posts"}],"about":[{"href":"https:\/\/www.europesays.com\/fi\/wp-json\/wp\/v2\/types\/post"}],"author":[{"embeddable":true,"href":"https:\/\/www.europesays.com\/fi\/wp-json\/wp\/v2\/users\/2"}],"replies":[{"embeddable":true,"href":"https:\/\/www.europesays.com\/fi\/wp-json\/wp\/v2\/comments?post=102342"}],"version-history":[{"count":0,"href":"https:\/\/www.europesays.com\/fi\/wp-json\/wp\/v2\/posts\/102342\/revisions"}],"wp:featuredmedia":[{"embeddable":true,"href":"https:\/\/www.europesays.com\/fi\/wp-json\/wp\/v2\/media\/102343"}],"wp:attachment":[{"href":"https:\/\/www.europesays.com\/fi\/wp-json\/wp\/v2\/media?parent=102342"}],"wp:term":[{"taxonomy":"category","embeddable":true,"href":"https:\/\/www.europesays.com\/fi\/wp-json\/wp\/v2\/categories?post=102342"},{"taxonomy":"post_tag","embeddable":true,"href":"https:\/\/www.europesays.com\/fi\/wp-json\/wp\/v2\/tags?post=102342"}],"curies":[{"name":"wp","href":"https:\/\/api.w.org\/{rel}","templated":true}]}}