{"id":102350,"date":"2025-11-28T12:35:14","date_gmt":"2025-11-28T12:35:14","guid":{"rendered":"https:\/\/www.europesays.com\/fi\/102350\/"},"modified":"2025-11-28T12:35:14","modified_gmt":"2025-11-28T12:35:14","slug":"antti-tyrvainen-siirtyy-jypin-riveihin","status":"publish","type":"post","link":"https:\/\/www.europesays.com\/fi\/102350\/","title":{"rendered":"Antti Tyrv\u00e4inen siirtyy JYPin riveihin"},"content":{"rendered":"<p>36-vuotias voimahy\u00f6kk\u00e4\u00e4j\u00e4 <strong class=\"typography-bold\">Antti Tyrv\u00e4inen\u00a0<\/strong>liittyy JYPiin loppukauden mittaisella sopimuksella. Tyrv\u00e4inen on ollut alkukauden pelaamatta.<\/p>\n<p>Viime kaudella Tyrv\u00e4inen edusti Pelicansia tehden tehot 1+13. Tyrv\u00e4inen toimi my\u00f6s joukkueen varakapteenina.<\/p>\n<p>\u2013 Tyrv\u00e4inen tuo joukkueeseemme lis\u00e4\u00e4 laajuutta. H\u00e4n on kokenut pelaaja, jonka mukana saamme lis\u00e4\u00e4 luonnetta, kokemusta ja kovuutta, kommentoi JYPin urheilutoimenjohtaja <strong class=\"typography-bold\">Simo M\u00e4lki\u00e4<\/strong>.<\/p>\n<p>Tyrv\u00e4iselt\u00e4 l\u00f6ytyy vy\u00f6lt\u00e4\u00e4n yli 500 ottelua Liigasta, mink\u00e4 lis\u00e4ksi h\u00e4n on pelannut muun muassa AHL:ss\u00e4 ja SHL:ss\u00e4. Liigassa joukkue on Tyrv\u00e4iselle jo viides, sill\u00e4 aiemmin hy\u00f6kk\u00e4\u00e4j\u00e4 on pelannut Pelicansin lis\u00e4ksi Ilveksess\u00e4, HIFK:ssa ja Jokereissa.<\/p>\n<p>Viime kaudella Tyrv\u00e4inen jakoi sarjan j\u00e4\u00e4hykuninkuuden joukkuetoveri <strong class=\"typography-bold\">Michael Vukojevicin<\/strong> kanssa.\u00a0<\/p>\n<p>\u00a0<\/p>\n","protected":false},"excerpt":{"rendered":"36-vuotias voimahy\u00f6kk\u00e4\u00e4j\u00e4 Antti Tyrv\u00e4inen\u00a0liittyy JYPiin loppukauden mittaisella sopimuksella. Tyrv\u00e4inen on ollut alkukauden pelaamatta. Viime kaudella Tyrv\u00e4inen edusti Pelicansia&hellip;\n","protected":false},"author":2,"featured_media":102351,"comment_status":"","ping_status":"","sticky":false,"template":"","format":"standard","meta":{"footnotes":""},"categories":[158],"tags":[33,31,30,159,32,160],"class_list":{"0":"post-102350","1":"post","2":"type-post","3":"status-publish","4":"format-standard","5":"has-post-thumbnail","7":"category-urheilu","8":"tag-fi","9":"tag-finland","10":"tag-finnish","11":"tag-sports","12":"tag-suomi","13":"tag-urheilu"},"share_on_mastodon":{"url":"https:\/\/pubeurope.com\/@fi\/115627355281326213","error":""},"_links":{"self":[{"href":"https:\/\/www.europesays.com\/fi\/wp-json\/wp\/v2\/posts\/102350","targetHints":{"allow":["GET"]}}],"collection":[{"href":"https:\/\/www.europesays.com\/fi\/wp-json\/wp\/v2\/posts"}],"about":[{"href":"https:\/\/www.europesays.com\/fi\/wp-json\/wp\/v2\/types\/post"}],"author":[{"embeddable":true,"href":"https:\/\/www.europesays.com\/fi\/wp-json\/wp\/v2\/users\/2"}],"replies":[{"embeddable":true,"href":"https:\/\/www.europesays.com\/fi\/wp-json\/wp\/v2\/comments?post=102350"}],"version-history":[{"count":0,"href":"https:\/\/www.europesays.com\/fi\/wp-json\/wp\/v2\/posts\/102350\/revisions"}],"wp:featuredmedia":[{"embeddable":true,"href":"https:\/\/www.europesays.com\/fi\/wp-json\/wp\/v2\/media\/102351"}],"wp:attachment":[{"href":"https:\/\/www.europesays.com\/fi\/wp-json\/wp\/v2\/media?parent=102350"}],"wp:term":[{"taxonomy":"category","embeddable":true,"href":"https:\/\/www.europesays.com\/fi\/wp-json\/wp\/v2\/categories?post=102350"},{"taxonomy":"post_tag","embeddable":true,"href":"https:\/\/www.europesays.com\/fi\/wp-json\/wp\/v2\/tags?post=102350"}],"curies":[{"name":"wp","href":"https:\/\/api.w.org\/{rel}","templated":true}]}}