{"id":102356,"date":"2025-11-28T12:40:12","date_gmt":"2025-11-28T12:40:12","guid":{"rendered":"https:\/\/www.europesays.com\/fi\/102356\/"},"modified":"2025-11-28T12:40:12","modified_gmt":"2025-11-28T12:40:12","slug":"indonesian-ja-thaimaan-tulvissa-kuollut-yhteensa-yli-300-ihmista-kymmenia-yha-kateissa-uutissuomalainen","status":"publish","type":"post","link":"https:\/\/www.europesays.com\/fi\/102356\/","title":{"rendered":"Indonesian ja Thaimaan tulvissa kuollut yhteens\u00e4 yli 300 ihmist\u00e4 \u2013 kymmeni\u00e4 yh\u00e4 kateissa | Uutissuomalainen"},"content":{"rendered":"<p>Kaakkois-Aasiassa Indonesian ja Thaimaan tulvissa on viranomaisten mukaan kuollut yhteens\u00e4 yli 300 ihmist\u00e4.<\/p>\n<p>Indonesian tulvissa on kuollut yli 170 ihmist\u00e4. Paikallisviranomaisten mukaan kymmeni\u00e4 ihmisi\u00e4 on viel\u00e4 kateissa.<\/p>\n<p>Sumatran saarella olleet rankkasateet ovat aiheuttaneet tulvia ja maanvy\u00f6ryj\u00e4. Pahiten ovat k\u00e4rsineet Sumatran pohjoisosat, joissa sateista ja niiden seurauksista on aiheutunut eniten kuolonuhreja.<\/p>\n<p>Viranomaisten mukaan pelastusty\u00f6t ovat vaikeita, sill\u00e4 kulkuyhteyksi\u00e4 on poikki eik\u00e4 kaikkia alueita ole viel\u00e4 pystytty tavoittamaan.<\/p>\n<p>Indonesian naapurimaat Malesia ja Thaimaa ovat niin ik\u00e4\u00e4n k\u00e4rsineet voimakkaista sateista viime p\u00e4ivin\u00e4.<\/p>\n<p>Thaimaata riivanneiden tulvien kuolonuhrien m\u00e4\u00e4r\u00e4 on noussut yli 140 ihmiseen. Viime viikosta jatkuneet rankkasateet ovat moukaroineet erityisesti Thaimaan etel\u00e4osia.<\/p>\n<p>Etel\u00e4iseen Songkhlan maakuntaan on julistettu tulvien vuoksi h\u00e4t\u00e4tila. Kodeistaan on evakuoitu ainakin 1\u2009200 ihmist\u00e4. Turistien suosimassa Hat Yain kaupungissa ihmisi\u00e4 on evakuoitu turvaan tulvavesien keskelt\u00e4 veneill\u00e4, vesiskoottereilla ja armeijan kuorma-autoilla.<\/p>\n<p>Kaatosateet ovat maissa yleisi\u00e4 sadekausien aikana, mutta ilmastonmuutos on tehnyt s\u00e4\u00e4oloista entist\u00e4 arvaamattomampia. Ilmastonmuutos aiheuttaa muun muassa pitk\u00e4kestoisempia ja rajumpia sateita, tuulia sek\u00e4 sy\u00f6ksytulvia.<\/p>\n","protected":false},"excerpt":{"rendered":"Kaakkois-Aasiassa Indonesian ja Thaimaan tulvissa on viranomaisten mukaan kuollut yhteens\u00e4 yli 300 ihmist\u00e4. Indonesian tulvissa on kuollut yli&hellip;\n","protected":false},"author":2,"featured_media":102357,"comment_status":"","ping_status":"","sticky":false,"template":"","format":"standard","meta":{"footnotes":""},"categories":[14],"tags":[22,23,26,27,33,31,30,17,2455,683,24,25,533,535,72,28,29,15,120,18,21,32,19,20,56,16,59,60,61,534],"class_list":{"0":"post-102356","1":"post","2":"type-post","3":"status-publish","4":"format-standard","5":"has-post-thumbnail","7":"category-ulkomaat","8":"tag-breaking-news","9":"tag-breakingnews","10":"tag-featured-news","11":"tag-featurednews","12":"tag-fi","13":"tag-finland","14":"tag-finnish","15":"tag-headlines","16":"tag-hengenvaara-ja-loukkaantuminen","17":"tag-kuolema","18":"tag-latest-news","19":"tag-latestnews","20":"tag-luonnonkatastrofi","21":"tag-luonnonvoimat","22":"tag-luonto","23":"tag-main-news","24":"tag-mainnews","25":"tag-news","26":"tag-onnettomuustapaus","27":"tag-otsikot","28":"tag-paauutiset","29":"tag-suomi","30":"tag-top-stories","31":"tag-topstories","32":"tag-ulkomaat","33":"tag-uutiset","34":"tag-world","35":"tag-world-news","36":"tag-worldnews","37":"tag-ymparisto-ja-luonto"},"share_on_mastodon":{"url":"https:\/\/pubeurope.com\/@fi\/115627374948778492","error":""},"_links":{"self":[{"href":"https:\/\/www.europesays.com\/fi\/wp-json\/wp\/v2\/posts\/102356","targetHints":{"allow":["GET"]}}],"collection":[{"href":"https:\/\/www.europesays.com\/fi\/wp-json\/wp\/v2\/posts"}],"about":[{"href":"https:\/\/www.europesays.com\/fi\/wp-json\/wp\/v2\/types\/post"}],"author":[{"embeddable":true,"href":"https:\/\/www.europesays.com\/fi\/wp-json\/wp\/v2\/users\/2"}],"replies":[{"embeddable":true,"href":"https:\/\/www.europesays.com\/fi\/wp-json\/wp\/v2\/comments?post=102356"}],"version-history":[{"count":0,"href":"https:\/\/www.europesays.com\/fi\/wp-json\/wp\/v2\/posts\/102356\/revisions"}],"wp:featuredmedia":[{"embeddable":true,"href":"https:\/\/www.europesays.com\/fi\/wp-json\/wp\/v2\/media\/102357"}],"wp:attachment":[{"href":"https:\/\/www.europesays.com\/fi\/wp-json\/wp\/v2\/media?parent=102356"}],"wp:term":[{"taxonomy":"category","embeddable":true,"href":"https:\/\/www.europesays.com\/fi\/wp-json\/wp\/v2\/categories?post=102356"},{"taxonomy":"post_tag","embeddable":true,"href":"https:\/\/www.europesays.com\/fi\/wp-json\/wp\/v2\/tags?post=102356"}],"curies":[{"name":"wp","href":"https:\/\/api.w.org\/{rel}","templated":true}]}}