{"id":102358,"date":"2025-11-28T12:41:12","date_gmt":"2025-11-28T12:41:12","guid":{"rendered":"https:\/\/www.europesays.com\/fi\/102358\/"},"modified":"2025-11-28T12:41:12","modified_gmt":"2025-11-28T12:41:12","slug":"kaviko-tama-mies-kimppuusi-ilmoita-poliisille","status":"publish","type":"post","link":"https:\/\/www.europesays.com\/fi\/102358\/","title":{"rendered":"K\u00e4vik\u00f6 t\u00e4m\u00e4 mies kimppuusi? Ilmoita poliisille"},"content":{"rendered":"<p>Poliisi kaipaa havaintoja.<\/p>\n<p><img decoding=\"async\" class=\"image image-show image-preview\" src=\"https:\/\/www.europesays.com\/fi\/wp-content\/uploads\/2025\/11\/430ea952b427cc27c34f65ac9e7793031bb9c8745693c6ffde407fb8625a978a.jpg\" alt=\"\"\/><img decoding=\"async\" class=\"image image-show\" src=\"https:\/\/www.europesays.com\/fi\/wp-content\/uploads\/2025\/11\/1764333672_409_430ea952b427cc27c34f65ac9e7793031bb9c8745693c6ffde407fb8625a978a.jpg\" alt=\"\"\/><\/p>\n<p>Poliisin mukaan kuskin hallusta l\u00f6ytyi my\u00f6s huumausaineeksi luokiteltavia l\u00e4\u00e4kkeit\u00e4. Kuvituskuva. PASI LIESIMAA<\/p>\n<p class=\"paragraph\">Rauman keskustassa tapahtui keskiviikkoaamuna ik\u00e4v\u00e4 v\u00e4likohtaus, tiedottaa Lounais-Suomen poliisilaitos.<\/p>\n<p class=\"paragraph\">Poliisin mukaan nelikymppinen mies oli k\u00e4ynyt toisen miehen rinnuksiin kiinni ja huutanut t\u00e4lle V\u00e4h\u00e4maanpuiston ja Kanavakadun risteyksen kohdalla. R\u00e4hin\u00e4 oli kiinnitt\u00e4nyt sivullisen miehen huomion, johon puolestaan aggressiivisesti k\u00e4ytt\u00e4ytynyt mies iski silm\u00e4ns\u00e4. R\u00e4hissyt mies alkoi huutaa sivulliselle miehelle ja alkoi takaa-ajo.<\/p>\n<p class=\"paragraph\">Takaa-ajettu mies soitti asiasta h\u00e4t\u00e4keskukseen kello 7.24 ja useita minuutteja kest\u00e4nyt takaa-ajo johti Sinisaaren alueelle, miss\u00e4 kaksikkoa odotti poliisipartio. Poliisi otti aggressiivisen miehen kiinni ja kuljetti h\u00e4net poliisiasemalle.<\/p>\n<p class=\"paragraph\">Miest\u00e4 ep\u00e4ill\u00e4\u00e4n t\u00f6rke\u00e4n pahoinpitelyn yrityksest\u00e4. H\u00e4nen hallustaan l\u00f6ydettiin ter\u00e4ase.<\/p>\n<p class=\"paragraph\">Poliisi pyyt\u00e4\u00e4 kansallaisilta tietoja ja mahdollisia havaintoja v\u00e4likohtaukseen liittyen. Erityisesti poliisi pyyt\u00e4\u00e4 yhteydenottoa V\u00e4h\u00e4maanpuiston ja Kanavakadun risteyksess\u00e4 olleelta miehelt\u00e4, jonka rinnuksissa ep\u00e4ilty oli ollut kiinni.<\/p>\n<p class=\"paragraph\">Asiaan liittyv\u00e4t mahdolliset havainnot ja vihjeet pyydet\u00e4\u00e4n toimittamaan joko s\u00e4hk\u00f6postitse vihjeet.lounais-suomi@poliisi.fi tai WhatsApp- viestill\u00e4 050 411 7655.<\/p>\n","protected":false},"excerpt":{"rendered":"Poliisi kaipaa havaintoja. Poliisin mukaan kuskin hallusta l\u00f6ytyi my\u00f6s huumausaineeksi luokiteltavia l\u00e4\u00e4kkeit\u00e4. Kuvituskuva. PASI LIESIMAA Rauman keskustassa tapahtui&hellip;\n","protected":false},"author":2,"featured_media":76976,"comment_status":"","ping_status":"","sticky":false,"template":"","format":"standard","meta":{"footnotes":""},"categories":[12],"tags":[35,22,23,26,27,33,31,30,17,55,24,25,28,29,15,18,21,122,54,52,32,19,20,546,16],"class_list":{"0":"post-102358","1":"post","2":"type-post","3":"status-publish","4":"format-standard","5":"has-post-thumbnail","7":"category-suomi","8":"tag-24h","9":"tag-breaking-news","10":"tag-breakingnews","11":"tag-featured-news","12":"tag-featurednews","13":"tag-fi","14":"tag-finland","15":"tag-finnish","16":"tag-headlines","17":"tag-lainvalvonta","18":"tag-latest-news","19":"tag-latestnews","20":"tag-main-news","21":"tag-mainnews","22":"tag-news","23":"tag-otsikot","24":"tag-paauutiset","25":"tag-pelastaminen","26":"tag-pelastuspalvelut","27":"tag-poliisi","28":"tag-suomi","29":"tag-top-stories","30":"tag-topstories","31":"tag-turvallisuus","32":"tag-uutiset"},"share_on_mastodon":{"url":"https:\/\/pubeurope.com\/@fi\/115627379057402982","error":""},"_links":{"self":[{"href":"https:\/\/www.europesays.com\/fi\/wp-json\/wp\/v2\/posts\/102358","targetHints":{"allow":["GET"]}}],"collection":[{"href":"https:\/\/www.europesays.com\/fi\/wp-json\/wp\/v2\/posts"}],"about":[{"href":"https:\/\/www.europesays.com\/fi\/wp-json\/wp\/v2\/types\/post"}],"author":[{"embeddable":true,"href":"https:\/\/www.europesays.com\/fi\/wp-json\/wp\/v2\/users\/2"}],"replies":[{"embeddable":true,"href":"https:\/\/www.europesays.com\/fi\/wp-json\/wp\/v2\/comments?post=102358"}],"version-history":[{"count":0,"href":"https:\/\/www.europesays.com\/fi\/wp-json\/wp\/v2\/posts\/102358\/revisions"}],"wp:featuredmedia":[{"embeddable":true,"href":"https:\/\/www.europesays.com\/fi\/wp-json\/wp\/v2\/media\/76976"}],"wp:attachment":[{"href":"https:\/\/www.europesays.com\/fi\/wp-json\/wp\/v2\/media?parent=102358"}],"wp:term":[{"taxonomy":"category","embeddable":true,"href":"https:\/\/www.europesays.com\/fi\/wp-json\/wp\/v2\/categories?post=102358"},{"taxonomy":"post_tag","embeddable":true,"href":"https:\/\/www.europesays.com\/fi\/wp-json\/wp\/v2\/tags?post=102358"}],"curies":[{"name":"wp","href":"https:\/\/api.w.org\/{rel}","templated":true}]}}