{"id":102381,"date":"2025-11-28T13:08:09","date_gmt":"2025-11-28T13:08:09","guid":{"rendered":"https:\/\/www.europesays.com\/fi\/102381\/"},"modified":"2025-11-28T13:08:09","modified_gmt":"2025-11-28T13:08:09","slug":"torkea-suklaakavallus-pohjanmaalla-ilta-sanomat","status":"publish","type":"post","link":"https:\/\/www.europesays.com\/fi\/102381\/","title":{"rendered":"T\u00f6rke\u00e4 suklaakavallus Pohjanmaalla &#8211; Ilta-Sanomat"},"content":{"rendered":"<ol>\n<li><a href=\"https:\/\/news.google.com\/rss\/articles\/CBMiZEFVX3lxTE1FQjB5WEJVWjV0Y1hrZVBOUERqdHgtckN5NkJHN0pJb2FXYms3YXZiTFhsZUNlZWE0VHZLR3YxVUd4cUo2UTVGMVpCMS1oWVd2ajFkY3BWbk5pYUM3U1QzXzBha3U?oc=5\" target=\"_blank\" rel=\"nofollow noopener\">T\u00f6rke\u00e4 suklaakavallus Pohjanmaalla<\/a>&nbsp;&nbsp;Ilta-Sanomat<\/li>\n<li><a href=\"https:\/\/news.google.com\/rss\/articles\/CBMie0FVX3lxTE9oTHFndkJuamZnQWotQ0FhUno2M3RWRjVhMVpaVWphYmMxQ3FQM3dmRll5WFEwT2NsMnFWenlIQ194UEpuNTN1aWdTQUhnZXlQaEMzUlBkR184czlKWG81OXA2RzY3WWZuZno2aUFaVGgtRDFvenFrVGlNRQ?oc=5\" target=\"_blank\" rel=\"nofollow noopener\">Poliisi ep\u00e4ilee: Pohjalainen yritt\u00e4j\u00e4 v\u00e4\u00e4rensi suklaata<\/a>&nbsp;&nbsp;Iltalehti<\/li>\n<li><a href=\"https:\/\/news.google.com\/rss\/articles\/CBMikwFBVV95cUxOY194N2pySTM3eXRWSGpLa1ZHYjJueDUzSVZCRzRTNUk1TzVKZUM0Snh1am5DYUYxTThwYmFVaUtXYlF2ZDZLWjNuai1GcGdIVnpGUi00RTRGeV9BUFQ3QWpNbU9BbVBveThYM2lhYW1oZ2tPVFJYSndyc0ZTRGFxWDloa1Q0Zzl0ZlJ4VjU3Vm9fTGs?oc=5\" target=\"_blank\" rel=\"nofollow noopener\">Suuri suklaahuijaus Pohjanmaalla \u2013 yritt\u00e4j\u00e4 valmistutti valeherkkuja<\/a>&nbsp;&nbsp;Demokraatti.fi<\/li>\n<li><a href=\"https:\/\/news.google.com\/rss\/articles\/CBMiQkFVX3lxTFBOOTNzSkIxMEZoRG9oSy1HSktCQ3ZpNk1KaW00WXkzTVVXZl9ZV0hzbjA2ZzQ3OHNfQThzUTJzSGZLUQ?oc=5\" target=\"_blank\" rel=\"nofollow noopener\">Poliisi sai valmiiksi laajan v\u00e4\u00e4rennetty\u00e4 suklaata koskevan esitutkinnan \u2013 yritt\u00e4j\u00e4\u00e4 ep\u00e4ill\u00e4\u00e4n t\u00f6rkeist\u00e4 rikoksista<\/a>&nbsp;&nbsp;Yle<\/li>\n<li><a href=\"https:\/\/news.google.com\/rss\/articles\/CBMiV0FVX3lxTFBwQV8xV1ppS2EtRGlEN0k5a0RjN18teGsybjAyMFN3SDFYVC05SG1DNFhrRzZaVHNoMWE0cU1CNUJFOXBVbjNjY08zX3JZTWtCRDVEcS0yQQ?oc=5\" target=\"_blank\" rel=\"nofollow noopener\">Joulusuklaabr\u00e4ndi joutui h\u00e4ik\u00e4ilem\u00e4tt\u00f6m\u00e4n toiminnan kohteeksi \u2013 poliisin esitutkinta valmis<\/a>&nbsp;&nbsp;Keskisuomalainen<\/li>\n<\/ol>\n","protected":false},"excerpt":{"rendered":"T\u00f6rke\u00e4 suklaakavallus Pohjanmaalla&nbsp;&nbsp;Ilta-Sanomat Poliisi ep\u00e4ilee: Pohjalainen yritt\u00e4j\u00e4 v\u00e4\u00e4rensi suklaata&nbsp;&nbsp;Iltalehti Suuri suklaahuijaus Pohjanmaalla \u2013 yritt\u00e4j\u00e4 valmistutti valeherkkuja&nbsp;&nbsp;Demokraatti.fi Poliisi sai&hellip;\n","protected":false},"author":2,"featured_media":102382,"comment_status":"","ping_status":"","sticky":false,"template":"","format":"standard","meta":{"footnotes":""},"categories":[12],"tags":[22,23,26,27,33,31,30,17,34,24,25,28,29,15,18,21,32,19,20,16],"class_list":{"0":"post-102381","1":"post","2":"type-post","3":"status-publish","4":"format-standard","5":"has-post-thumbnail","7":"category-suomi","8":"tag-breaking-news","9":"tag-breakingnews","10":"tag-featured-news","11":"tag-featurednews","12":"tag-fi","13":"tag-finland","14":"tag-finnish","15":"tag-headlines","16":"tag-ilta-sanomat","17":"tag-latest-news","18":"tag-latestnews","19":"tag-main-news","20":"tag-mainnews","21":"tag-news","22":"tag-otsikot","23":"tag-paauutiset","24":"tag-suomi","25":"tag-top-stories","26":"tag-topstories","27":"tag-uutiset"},"share_on_mastodon":{"url":"https:\/\/pubeurope.com\/@fi\/115627485121049757","error":""},"_links":{"self":[{"href":"https:\/\/www.europesays.com\/fi\/wp-json\/wp\/v2\/posts\/102381","targetHints":{"allow":["GET"]}}],"collection":[{"href":"https:\/\/www.europesays.com\/fi\/wp-json\/wp\/v2\/posts"}],"about":[{"href":"https:\/\/www.europesays.com\/fi\/wp-json\/wp\/v2\/types\/post"}],"author":[{"embeddable":true,"href":"https:\/\/www.europesays.com\/fi\/wp-json\/wp\/v2\/users\/2"}],"replies":[{"embeddable":true,"href":"https:\/\/www.europesays.com\/fi\/wp-json\/wp\/v2\/comments?post=102381"}],"version-history":[{"count":0,"href":"https:\/\/www.europesays.com\/fi\/wp-json\/wp\/v2\/posts\/102381\/revisions"}],"wp:featuredmedia":[{"embeddable":true,"href":"https:\/\/www.europesays.com\/fi\/wp-json\/wp\/v2\/media\/102382"}],"wp:attachment":[{"href":"https:\/\/www.europesays.com\/fi\/wp-json\/wp\/v2\/media?parent=102381"}],"wp:term":[{"taxonomy":"category","embeddable":true,"href":"https:\/\/www.europesays.com\/fi\/wp-json\/wp\/v2\/categories?post=102381"},{"taxonomy":"post_tag","embeddable":true,"href":"https:\/\/www.europesays.com\/fi\/wp-json\/wp\/v2\/tags?post=102381"}],"curies":[{"name":"wp","href":"https:\/\/api.w.org\/{rel}","templated":true}]}}