{"id":102395,"date":"2025-11-28T13:28:13","date_gmt":"2025-11-28T13:28:13","guid":{"rendered":"https:\/\/www.europesays.com\/fi\/102395\/"},"modified":"2025-11-28T13:28:13","modified_gmt":"2025-11-28T13:28:13","slug":"mm-rallissa-raju-rysays-kuljettajapari-sairaalaan","status":"publish","type":"post","link":"https:\/\/www.europesays.com\/fi\/102395\/","title":{"rendered":"MM-rallissa raju rys\u00e4ys: kuljettajapari sairaalaan"},"content":{"rendered":"<p>Cachon l\u00e4hti kisaan itseluottamusta puhkuen. H\u00e4n oli nimitt\u00e4in ottanut uransa ensimm\u00e4isen WRC2-luokkavoiton edellisess\u00e4 osakilpailussa Japanissa.<\/p>\n<p>Perjantaiaamun avannut Al Faisaliyahin p\u00e4tk\u00e4 koitui kuitenkin espanjalaistoivon kohtaloksi. P\u00e4tk\u00e4n alussa oli raju hyppy, jossa esimerkiksi Hyundai-kuski <strong>Thierry Neuville<\/strong> oli aiemmin rikkonut tuulilasinsa.<\/p>\n<p>Cachonin ja Rozadan matka p\u00e4\u00e4ttyi rajuun rys\u00e4ykseen.<\/p>\n<p>\u2013 Hypyss\u00e4 tuli valtava isku ja loukkaannuimme. Jatkaminen oli mahdotonta, ja meid\u00e4t vietiin varotoimenpiteen\u00e4 sairaalaan, Cachon kertoi Instagram-tarinassaan.<\/p>\n<p>\u2013 Harmittaa, sill\u00e4 auto on kunnossa, mutta t\u00e4llaisessa tilanteessa emme yksinkertaisesti voineet jatkaa, Cachon lis\u00e4si ja lupasi p\u00e4ivitt\u00e4\u00e4 my\u00f6hemmin heid\u00e4n tilannettaan.<\/p>\n<p>Al Faisaliyahin erikoiskoe laitettiin poikki Cachonin ja Rozadan loukkaantumisen j\u00e4lkeen. Heid\u00e4t kuljetettiin onnettomuuspaikalta helikopterilla sairaalaan tarkastukseen.<\/p>\n<p>Latvialainen <strong>Martins Sesks<\/strong> johtaa yll\u00e4tt\u00e4en Saudi-Arabian MM-rallia, kun takana on nelj\u00e4 erikoiskoetta. H\u00e4nen per\u00e4ss\u00e4\u00e4n ovat Hyundain <strong>Adrien Fourmaux<\/strong> ja Toyotan <strong>Sami Pajari<\/strong>.<\/p>\n<p><strong>Lue my\u00f6s: <a href=\"https:\/\/www.rallit.fi\/ek4-kalle-rovanperalle-raju-takaisku\/\" rel=\"nofollow noopener\" target=\"_blank\">EK4: Kalle Rovanper\u00e4lle raju takaisku<\/a><\/strong><\/p>\n<p>Rally2-autoista <strong>Oliver Solberg<\/strong> on ykk\u00f6sen\u00e4, mutta h\u00e4n ei kilpaile WRC2-luokan pisteist\u00e4 Saudi-Arabiassa. WRC2-kisaa johtaakin brittikuski <strong>Gus Greensmith<\/strong> ennen <strong>Kajetan Kajetanowiczia<\/strong> ja <strong>Roope Korhosta<\/strong>.<\/p>\n<p>Torstaina Saudi-Arabiassa ajetaan viel\u00e4 nelj\u00e4 erikoiskoetta huoltotauon j\u00e4lkeen.<\/p>\n","protected":false},"excerpt":{"rendered":"Cachon l\u00e4hti kisaan itseluottamusta puhkuen. H\u00e4n oli nimitt\u00e4in ottanut uransa ensimm\u00e4isen WRC2-luokkavoiton edellisess\u00e4 osakilpailussa Japanissa. Perjantaiaamun avannut Al&hellip;\n","protected":false},"author":2,"featured_media":102396,"comment_status":"","ping_status":"","sticky":false,"template":"","format":"standard","meta":{"footnotes":""},"categories":[158],"tags":[19535,19536,33,31,30,3540,10346,159,32,160],"class_list":{"0":"post-102395","1":"post","2":"type-post","3":"status-publish","4":"format-standard","5":"has-post-thumbnail","7":"category-urheilu","8":"tag-alejandro-cachon","9":"tag-borja-rozada","10":"tag-fi","11":"tag-finland","12":"tag-finnish","13":"tag-rallin-mm-sarja","14":"tag-saudi-arabian-mm-ralli","15":"tag-sports","16":"tag-suomi","17":"tag-urheilu"},"share_on_mastodon":{"url":"https:\/\/pubeurope.com\/@fi\/115627563668164905","error":""},"_links":{"self":[{"href":"https:\/\/www.europesays.com\/fi\/wp-json\/wp\/v2\/posts\/102395","targetHints":{"allow":["GET"]}}],"collection":[{"href":"https:\/\/www.europesays.com\/fi\/wp-json\/wp\/v2\/posts"}],"about":[{"href":"https:\/\/www.europesays.com\/fi\/wp-json\/wp\/v2\/types\/post"}],"author":[{"embeddable":true,"href":"https:\/\/www.europesays.com\/fi\/wp-json\/wp\/v2\/users\/2"}],"replies":[{"embeddable":true,"href":"https:\/\/www.europesays.com\/fi\/wp-json\/wp\/v2\/comments?post=102395"}],"version-history":[{"count":0,"href":"https:\/\/www.europesays.com\/fi\/wp-json\/wp\/v2\/posts\/102395\/revisions"}],"wp:featuredmedia":[{"embeddable":true,"href":"https:\/\/www.europesays.com\/fi\/wp-json\/wp\/v2\/media\/102396"}],"wp:attachment":[{"href":"https:\/\/www.europesays.com\/fi\/wp-json\/wp\/v2\/media?parent=102395"}],"wp:term":[{"taxonomy":"category","embeddable":true,"href":"https:\/\/www.europesays.com\/fi\/wp-json\/wp\/v2\/categories?post=102395"},{"taxonomy":"post_tag","embeddable":true,"href":"https:\/\/www.europesays.com\/fi\/wp-json\/wp\/v2\/tags?post=102395"}],"curies":[{"name":"wp","href":"https:\/\/api.w.org\/{rel}","templated":true}]}}