{"id":102397,"date":"2025-11-28T13:29:07","date_gmt":"2025-11-28T13:29:07","guid":{"rendered":"https:\/\/www.europesays.com\/fi\/102397\/"},"modified":"2025-11-28T13:29:07","modified_gmt":"2025-11-28T13:29:07","slug":"kotkalaisyhtye-ypo-viiden-kitaristi-mikko-holmstrom-on-kuollut-paikalliset","status":"publish","type":"post","link":"https:\/\/www.europesays.com\/fi\/102397\/","title":{"rendered":"Kotkalaisyhtye Yp\u00f6-Viiden kitaristi Mikko Holmstr\u00f6m on kuollut | Paikalliset"},"content":{"rendered":"<p>Muusikko <strong>Mikko Holmstr\u00f6m<\/strong> on kuollut. H\u00e4n oli kuollessaan 65-vuotias. Holmstr\u00f6m menehtyi viime viikon lauantaina vaikeaan sairauteen. Tiedon julkaisi Holmstr\u00f6min yst\u00e4v\u00e4 <strong>Miika S\u00f6derholm<\/strong> Facebookissa.<\/p>\n<p>Holmstr\u00f6m oli syntynyt Urjalassa. Perhe muutti Karhulaan h\u00e4nen ollessaan 10-vuotias.<\/p>\n<p>Holmstr\u00f6m ja S\u00f6derholm soittivat kahdessa yhtyeess\u00e4, vuonna 1977 Karhulassa perustetussa Yp\u00f6-Viidess\u00e4 ja my\u00f6hemmin Pojat-yhtyeess\u00e4. Yp\u00f6-Viidess\u00e4 Holmstr\u00f6m oli kitaristi, S\u00f6derholm basisti ja laulaja. Yhtye hajosi vuonna 1980.<\/p>\n<p>Vuonna 2023 Yp\u00f6-Viiden Karhulan poikii live -levy julkaistiin uudelleen vinyylin\u00e4. Albumi ilmestyi ensi kertaa vuonna 1979. Musiikkilehti Rumba on todennut kyseess\u00e4 olevan yksi kotimaisen punkin legendaarisimpia levyj\u00e4.<\/p>\n<p>Yp\u00f6-Viiden seuraava keikka olisi ollut Kotkassa huomenna lauantaina.<\/p>\n","protected":false},"excerpt":{"rendered":"Muusikko Mikko Holmstr\u00f6m on kuollut. H\u00e4n oli kuollessaan 65-vuotias. Holmstr\u00f6m menehtyi viime viikon lauantaina vaikeaan sairauteen. Tiedon julkaisi&hellip;\n","protected":false},"author":2,"featured_media":102398,"comment_status":"","ping_status":"","sticky":false,"template":"","format":"standard","meta":{"footnotes":""},"categories":[130],"tags":[137,33,31,30,14161,465,2289,108,683,47,32,484,109],"class_list":{"0":"post-102397","1":"post","2":"type-post","3":"status-publish","4":"format-standard","5":"has-post-thumbnail","7":"category-viihde","8":"tag-entertainment","9":"tag-fi","10":"tag-finland","11":"tag-finnish","12":"tag-karhula-kotka","13":"tag-kotka","14":"tag-kotka-hamina-seutukunta","15":"tag-kulttuuri","16":"tag-kuolema","17":"tag-musiikki","18":"tag-suomi","19":"tag-taiteellinen-ilmaisu-ja-mediat","20":"tag-viihde"},"share_on_mastodon":{"url":"https:\/\/pubeurope.com\/@fi\/115627567547839707","error":""},"_links":{"self":[{"href":"https:\/\/www.europesays.com\/fi\/wp-json\/wp\/v2\/posts\/102397","targetHints":{"allow":["GET"]}}],"collection":[{"href":"https:\/\/www.europesays.com\/fi\/wp-json\/wp\/v2\/posts"}],"about":[{"href":"https:\/\/www.europesays.com\/fi\/wp-json\/wp\/v2\/types\/post"}],"author":[{"embeddable":true,"href":"https:\/\/www.europesays.com\/fi\/wp-json\/wp\/v2\/users\/2"}],"replies":[{"embeddable":true,"href":"https:\/\/www.europesays.com\/fi\/wp-json\/wp\/v2\/comments?post=102397"}],"version-history":[{"count":0,"href":"https:\/\/www.europesays.com\/fi\/wp-json\/wp\/v2\/posts\/102397\/revisions"}],"wp:featuredmedia":[{"embeddable":true,"href":"https:\/\/www.europesays.com\/fi\/wp-json\/wp\/v2\/media\/102398"}],"wp:attachment":[{"href":"https:\/\/www.europesays.com\/fi\/wp-json\/wp\/v2\/media?parent=102397"}],"wp:term":[{"taxonomy":"category","embeddable":true,"href":"https:\/\/www.europesays.com\/fi\/wp-json\/wp\/v2\/categories?post=102397"},{"taxonomy":"post_tag","embeddable":true,"href":"https:\/\/www.europesays.com\/fi\/wp-json\/wp\/v2\/tags?post=102397"}],"curies":[{"name":"wp","href":"https:\/\/api.w.org\/{rel}","templated":true}]}}