{"id":102504,"date":"2025-11-28T16:09:08","date_gmt":"2025-11-28T16:09:08","guid":{"rendered":"https:\/\/www.europesays.com\/fi\/102504\/"},"modified":"2025-11-28T16:09:08","modified_gmt":"2025-11-28T16:09:08","slug":"suomi-sulkee-kolme-suurlahetystoa-hs-fi","status":"publish","type":"post","link":"https:\/\/www.europesays.com\/fi\/102504\/","title":{"rendered":"Suomi sulkee kolme suurl\u00e4hetyst\u00f6\u00e4 | HS.fi"},"content":{"rendered":"<p>Ulkopolitiikka|Ulkoministeri\u00f6n mukaan tavoitteena on sulkea l\u00e4hetyst\u00f6t Islamabadissa, Kabulissa ja Yangonissa vuoden 2026 aikana.<\/p>\n<p class=\"article-body mb-nof-24 px-nof-16\">Ulkoministeri\u00f6 valmistelee suurl\u00e4hetyst\u00f6jen sulkemista Pakistanin Islamabadissa, Afganistanin Kabulissa ja Myanmarin Yangonissa, ministeri\u00f6 tiedotti perjantaina.<\/p>\n<p class=\"article-body mb-nof-24 px-nof-16\">Tavoitteena on sulkea edustustot vuoden 2026 aikana.<\/p>\n<p class=\"article-body mb-nof-24 px-nof-16\">Suurl\u00e4hetyst\u00f6t suljetaan ministeri\u00f6n mukaan \u201dtoiminnallisten ja strategisten\u201d syiden takia. Taustalla vaikuttavat maiden poliittisissa tilanteissa tapahtuneet muutokset sek\u00e4 ohuet kaupallistaloudelliset suhteet Suomen kanssa, ministeri\u00f6 kertoo.<\/p>\n<p class=\"article-body mb-nof-24 px-nof-16\">Kyse on laajemmasta edustustoverkon tarkastelusta.<\/p>\n<p class=\"article-body mb-nof-24 px-nof-16\">Suomen l\u00e4sn\u00e4oloa Yhdysvalloissa ollaan jo vahvistettu perustamalla p\u00e4\u00e4konsulaatti Houstoniin. Seuraavaksi ministeri\u00f6 avaa kaupallisia toimipisteit\u00e4 kohteissa, joissa aiemmin sijaitsi Business Finlandin toimipiste, se kertoo.<\/p>\n<p class=\"article-body mb-nof-24 px-nof-16\">\u201dKehit\u00e4mme Suomen edustustoverkostoa m\u00e4\u00e4r\u00e4tietoisesti vastaamaan tulevaisuuden haasteisiin. Toimintaymp\u00e4rist\u00f6mme muuttuu t\u00e4ll\u00e4 hetkell\u00e4 nopeasti. Teht\u00e4v\u00e4t muutokset tukevat vahvemman ja kilpailukykyisemm\u00e4n Suomen rakentamista ja Suomen ulkosuhteiden hoitamista painopisteidemme mukaisesti\u201d, toteaa ulkoministeri <a class=\"article-personlink\" href=\"https:\/\/www.hs.fi\/haku\/?query=Elina%20Valtonen\" rel=\"nofollow noopener\" target=\"_blank\">Elina Valtonen<\/a> (kok) tiedotteessa.<\/p>\n","protected":false},"excerpt":{"rendered":"Ulkopolitiikka|Ulkoministeri\u00f6n mukaan tavoitteena on sulkea l\u00e4hetyst\u00f6t Islamabadissa, Kabulissa ja Yangonissa vuoden 2026 aikana. Ulkoministeri\u00f6 valmistelee suurl\u00e4hetyst\u00f6jen sulkemista Pakistanin&hellip;\n","protected":false},"author":2,"featured_media":102505,"comment_status":"","ping_status":"","sticky":false,"template":"","format":"standard","meta":{"footnotes":""},"categories":[14],"tags":[22,23,26,27,33,31,30,17,46,24,25,28,29,15,18,21,32,19,20,56,16,59,60,61],"class_list":{"0":"post-102504","1":"post","2":"type-post","3":"status-publish","4":"format-standard","5":"has-post-thumbnail","7":"category-ulkomaat","8":"tag-breaking-news","9":"tag-breakingnews","10":"tag-featured-news","11":"tag-featurednews","12":"tag-fi","13":"tag-finland","14":"tag-finnish","15":"tag-headlines","16":"tag-helsingin-sanomat","17":"tag-latest-news","18":"tag-latestnews","19":"tag-main-news","20":"tag-mainnews","21":"tag-news","22":"tag-otsikot","23":"tag-paauutiset","24":"tag-suomi","25":"tag-top-stories","26":"tag-topstories","27":"tag-ulkomaat","28":"tag-uutiset","29":"tag-world","30":"tag-world-news","31":"tag-worldnews"},"share_on_mastodon":{"url":"https:\/\/pubeurope.com\/@fi\/115628196779871276","error":""},"_links":{"self":[{"href":"https:\/\/www.europesays.com\/fi\/wp-json\/wp\/v2\/posts\/102504","targetHints":{"allow":["GET"]}}],"collection":[{"href":"https:\/\/www.europesays.com\/fi\/wp-json\/wp\/v2\/posts"}],"about":[{"href":"https:\/\/www.europesays.com\/fi\/wp-json\/wp\/v2\/types\/post"}],"author":[{"embeddable":true,"href":"https:\/\/www.europesays.com\/fi\/wp-json\/wp\/v2\/users\/2"}],"replies":[{"embeddable":true,"href":"https:\/\/www.europesays.com\/fi\/wp-json\/wp\/v2\/comments?post=102504"}],"version-history":[{"count":0,"href":"https:\/\/www.europesays.com\/fi\/wp-json\/wp\/v2\/posts\/102504\/revisions"}],"wp:featuredmedia":[{"embeddable":true,"href":"https:\/\/www.europesays.com\/fi\/wp-json\/wp\/v2\/media\/102505"}],"wp:attachment":[{"href":"https:\/\/www.europesays.com\/fi\/wp-json\/wp\/v2\/media?parent=102504"}],"wp:term":[{"taxonomy":"category","embeddable":true,"href":"https:\/\/www.europesays.com\/fi\/wp-json\/wp\/v2\/categories?post=102504"},{"taxonomy":"post_tag","embeddable":true,"href":"https:\/\/www.europesays.com\/fi\/wp-json\/wp\/v2\/tags?post=102504"}],"curies":[{"name":"wp","href":"https:\/\/api.w.org\/{rel}","templated":true}]}}