{"id":102506,"date":"2025-11-28T16:10:10","date_gmt":"2025-11-28T16:10:10","guid":{"rendered":"https:\/\/www.europesays.com\/fi\/102506\/"},"modified":"2025-11-28T16:10:10","modified_gmt":"2025-11-28T16:10:10","slug":"kuka-ajoi-ikamiehen-yli-poliisi-kaipaa-tietoja","status":"publish","type":"post","link":"https:\/\/www.europesays.com\/fi\/102506\/","title":{"rendered":"Kuka ajoi ik\u00e4miehen yli? Poliisi kaipaa tietoja"},"content":{"rendered":"<p>Poliisi pyyt\u00e4\u00e4 havaintoja Siilinj\u00e4rven keskustassa tapahtuneesta yliajosta. <\/p>\n<p><img decoding=\"async\" class=\"image image-show image-preview\" src=\"https:\/\/www.europesays.com\/fi\/wp-content\/uploads\/2025\/11\/51a4510eaf4b5ff94962a3844f064d075c3be096b50b6924c84aff70963ee765.jpg\" alt=\"\"\/><img decoding=\"async\" class=\"image image-show\" src=\"https:\/\/www.europesays.com\/fi\/wp-content\/uploads\/2025\/11\/1764346210_703_51a4510eaf4b5ff94962a3844f064d075c3be096b50b6924c84aff70963ee765.jpg\" alt=\"\"\/><\/p>\n<p>Poliisi etsii kuljettajaa, joka ajoi vanhuksen yli.  Sami Kuusivirta<\/p>\n<p class=\"paragraph\">It\u00e4-Suomen poliisi tiedottaa etsiv\u00e4ns\u00e4 kuljettajaa, joka ajoi i\u00e4kk\u00e4\u00e4n miehen yli Siilinj\u00e4rven keskustassa.<\/p>\n<p class=\"paragraph\">Perjantaina aamup\u00e4iv\u00e4ll\u00e4 Siilinj\u00e4rven keskustassa auto t\u00f6rm\u00e4si tiet\u00e4 ylitt\u00e4neeseen i\u00e4kk\u00e4\u00e4seen mieheen. Tapahtunut tullut poliisin tietoon iltap\u00e4iv\u00e4ll\u00e4.<\/p>\n<p class=\"paragraph\">H\u00e4t\u00e4keskukseen ilmoitettiin perjantaina kello 14.54 yliajosta. Ensitietojen mukaan yliajo tapahtui aamup\u00e4iv\u00e4ll\u00e4 noin klo 10 aikaan Kasurilantiell\u00e4 Fontanellan kohdalla.<\/p>\n<p class=\"paragraph\">Yliajon uhria tapahtumapaikalla on ollut auttamassa useita sivullisia.<\/p>\n<p class=\"paragraph\">Poliisi pyyt\u00e4\u00e4 yliajon uhria auttaneita henkil\u00f6it\u00e4, tapahtuneen silminn\u00e4kij\u00f6it\u00e4 ja yliajossa osallisena ollutta autoilijaa olemaan poliisiin yhteydess\u00e4 p.0295 415 232 tai s\u00e4hk\u00f6postilla osoitteeseen vihjeet.ita-suomi.fi.<\/p>\n","protected":false},"excerpt":{"rendered":"Poliisi pyyt\u00e4\u00e4 havaintoja Siilinj\u00e4rven keskustassa tapahtuneesta yliajosta. Poliisi etsii kuljettajaa, joka ajoi vanhuksen yli. Sami Kuusivirta It\u00e4-Suomen poliisi&hellip;\n","protected":false},"author":2,"featured_media":102507,"comment_status":"","ping_status":"","sticky":false,"template":"","format":"standard","meta":{"footnotes":""},"categories":[12],"tags":[35,22,23,26,27,33,31,30,17,55,24,25,121,28,29,15,18,21,122,54,32,128,19,20,16],"class_list":{"0":"post-102506","1":"post","2":"type-post","3":"status-publish","4":"format-standard","5":"has-post-thumbnail","7":"category-suomi","8":"tag-24h","9":"tag-breaking-news","10":"tag-breakingnews","11":"tag-featured-news","12":"tag-featurednews","13":"tag-fi","14":"tag-finland","15":"tag-finnish","16":"tag-headlines","17":"tag-lainvalvonta","18":"tag-latest-news","19":"tag-latestnews","20":"tag-liikenne-ja-kuljetus","21":"tag-main-news","22":"tag-mainnews","23":"tag-news","24":"tag-otsikot","25":"tag-paauutiset","26":"tag-pelastaminen","27":"tag-pelastuspalvelut","28":"tag-suomi","29":"tag-tieliikenne","30":"tag-top-stories","31":"tag-topstories","32":"tag-uutiset"},"share_on_mastodon":{"url":"https:\/\/pubeurope.com\/@fi\/115628201156275656","error":""},"_links":{"self":[{"href":"https:\/\/www.europesays.com\/fi\/wp-json\/wp\/v2\/posts\/102506","targetHints":{"allow":["GET"]}}],"collection":[{"href":"https:\/\/www.europesays.com\/fi\/wp-json\/wp\/v2\/posts"}],"about":[{"href":"https:\/\/www.europesays.com\/fi\/wp-json\/wp\/v2\/types\/post"}],"author":[{"embeddable":true,"href":"https:\/\/www.europesays.com\/fi\/wp-json\/wp\/v2\/users\/2"}],"replies":[{"embeddable":true,"href":"https:\/\/www.europesays.com\/fi\/wp-json\/wp\/v2\/comments?post=102506"}],"version-history":[{"count":0,"href":"https:\/\/www.europesays.com\/fi\/wp-json\/wp\/v2\/posts\/102506\/revisions"}],"wp:featuredmedia":[{"embeddable":true,"href":"https:\/\/www.europesays.com\/fi\/wp-json\/wp\/v2\/media\/102507"}],"wp:attachment":[{"href":"https:\/\/www.europesays.com\/fi\/wp-json\/wp\/v2\/media?parent=102506"}],"wp:term":[{"taxonomy":"category","embeddable":true,"href":"https:\/\/www.europesays.com\/fi\/wp-json\/wp\/v2\/categories?post=102506"},{"taxonomy":"post_tag","embeddable":true,"href":"https:\/\/www.europesays.com\/fi\/wp-json\/wp\/v2\/tags?post=102506"}],"curies":[{"name":"wp","href":"https:\/\/api.w.org\/{rel}","templated":true}]}}