{"id":102508,"date":"2025-11-28T16:11:09","date_gmt":"2025-11-28T16:11:09","guid":{"rendered":"https:\/\/www.europesays.com\/fi\/102508\/"},"modified":"2025-11-28T16:11:09","modified_gmt":"2025-11-28T16:11:09","slug":"putinin-torvi-yritettiin-tappaa-pizzalla","status":"publish","type":"post","link":"https:\/\/www.europesays.com\/fi\/102508\/","title":{"rendered":"Putinin torvi yritettiin tappaa pizzalla"},"content":{"rendered":"<p>\u201dKiitos kaikille teille, jotka ette l\u00e4hett\u00e4neet minulle pizzaa eilen\u201d, Kremlin \u00e4\u00e4nitorvi sanoi tv-ohjelmassaan.<\/p>\n<p><img decoding=\"async\" class=\"image image-show image-preview\" src=\"https:\/\/www.europesays.com\/fi\/wp-content\/uploads\/2025\/11\/d829a4ed42baf7a633fbe7cbfc7a68d12b32ccab49fe260fbb32856b733ac5dd.jpg\" alt=\"\"\/><img decoding=\"async\" class=\"image image-show\" src=\"https:\/\/www.europesays.com\/fi\/wp-content\/uploads\/2025\/11\/1764346269_259_d829a4ed42baf7a633fbe7cbfc7a68d12b32ccab49fe260fbb32856b733ac5dd.jpg\" alt=\"\"\/><\/p>\n<p>Ven\u00e4j\u00e4n n\u00e4kyvimpiin kuuluva tv-hahmo yritettiin murhata pizzalla, sanoo valtionmedia Tass. ZumaWire \/ MVPHOTOS<\/p>\n<p class=\"paragraph\">Ven\u00e4j\u00e4n valtionmedia Tass uutisoi, ett\u00e4 tunnettu ven\u00e4l\u00e4inen tv-juontaja <a href=\"https:\/\/www.iltalehti.fi\/henkilot\/Vladimir Solovyov\" class=\"article-link-person-page\" rel=\"nofollow noopener\" target=\"_blank\">Vladimir Solovjov<\/a> yritettiin murhata myrkytetyll\u00e4 pizzalla.<\/p>\n<p class=\"paragraph\">\u2013 Kiitos kaikille, jotka ette l\u00e4hett\u00e4neet minulle pizzaa eilen, Solovjov murjaisi Ven\u00e4j\u00e4n suosituimpiin kuuluvassa keskusteluohjelmassaan.<\/p>\n<p class=\"paragraph\">\u2013 T\u00e4m\u00e4 n\u00e4ytt\u00e4\u00e4 olevan monien mielest\u00e4 hulvattoman hauskaa, Solovjov sanoi murhayrityksest\u00e4.<\/p>\n<p class=\"paragraph\">Tassin mukaan oikeudenk\u00e4ynniss\u00e4 soitettiin \u00e4\u00e4nitallenne, jossa murhajuonen p\u00e4\u00e4ep\u00e4ilty <strong>Andrei Pronski<\/strong> kertoi suunnitelmasta rikostovereilleen asunnossaan vuonna 2022.<\/p>\n<p class=\"paragraph\">\u2013 Etsimme Solovjovin osoitteen, j\u00e4ljit\u00e4mme h\u00e4nen Yandex-ruokatilauksensa, sieppaamme l\u00e4hetyksen ja sujautamme h\u00e4nelle myrkytetyn pizzan, ep\u00e4ilty sanoo tallenteella.<\/p>\n<p class=\"paragraph\">Mit\u00e4 ihmisten p\u00e4iss\u00e4 liikkuu, Solovjov h\u00e4mm\u00e4steli l\u00e4hetyksess\u00e4\u00e4n ja ihmetteli, miksi murhasta syytetyille j\u00e4rjestet\u00e4\u00e4n oikeudenk\u00e4ynti.<\/p>\n<p class=\"paragraph\">\u2013 Miksei heit\u00e4 teloitettu ampumalla heti alkuun?<\/p>\n<p>Uusnatseja<\/p>\n<p class=\"paragraph\">Kes\u00e4kuussa 2022 Ven\u00e4j\u00e4n turvallisuuspalvelu (FSB) sanoi pys\u00e4ytt\u00e4neens\u00e4 Vladimir Solovjoviin kohdistuneen murhayrityksen. Teosta ep\u00e4ill\u00e4\u00e4n Andrei Pronskin lis\u00e4ksi seitsem\u00e4\u00e4 muuta henkil\u00f6\u00e4, joista yksi todettiin Tassin mukaan syyntakeettomaksi.<\/p>\n<p class=\"paragraph\">Myrkkypizzan lis\u00e4ksi ep\u00e4illyt pohtivat suihkuttavansa myrkky\u00e4 Solovjovin auton rattiin ja muihin sis\u00e4osiin, mutta p\u00e4\u00e4tyiv\u00e4t tallenteen mukaan r\u00e4j\u00e4ytt\u00e4m\u00e4\u00e4n h\u00e4nen autonsa.<\/p>\n<p class=\"paragraph\">Pronski syytti tallennetta v\u00e4\u00e4rennetyksi. Tassin mukaan toinen syytetyist\u00e4 my\u00f6nsi \u201dhautovansa poliittista vihaa\u201d Solovjovia kohtaan ja aikoneensa polttaa t\u00e4m\u00e4n auton, mutta kiisti aikoneensa tappaa h\u00e4net.<\/p>\n<p class=\"paragraph\">Ep\u00e4illyt kuuluvat FSB:n mukaan Ven\u00e4j\u00e4ll\u00e4 kiellettyyn uusnatsij\u00e4rjest\u00f6\u00f6n Kansallissosialismi\/Valkoinen voima (NS\/WP). FSB syytt\u00e4\u00e4 Ukrainan turvallisuuspalvelua murhan tilaamisesta.<\/p>\n<p class=\"paragraph\">Ven\u00e4j\u00e4n viranomaiset julkaisivat ratsian yhteydess\u00e4 kuvia ep\u00e4illyn asunnosta l\u00f6ytyneist\u00e4 natsilipuista ja <a href=\"https:\/\/www.iltalehti.fi\/henkilot\/Adolf Hitler\" class=\"article-link-person-page\" rel=\"nofollow noopener\" target=\"_blank\">Adolf Hitlerin<\/a> kuvista. Natsitavaran keskell\u00e4 komeilee jostain syyst\u00e4 n\u00e4tisti aseteltuna kolme kappaletta Sims 3 -videopeli\u00e4.<\/p>\n<p class=\"paragraph\">Monet l\u00e4nsimaiset kommentaattorit, kuten BBC:n toimittaja <a href=\"https:\/\/www.iltalehti.fi\/henkilot\/Francis Scarr\" class=\"article-link-person-page\" rel=\"nofollow noopener\" target=\"_blank\">Francis Scarr<\/a> ja tutkivan journalistiryhm\u00e4 Bellingcatin perustaja <a href=\"https:\/\/www.iltalehti.fi\/henkilot\/Eliot Higgins\" class=\"article-link-person-page\" rel=\"nofollow noopener\" target=\"_blank\">Eliot Higgins<\/a>, ep\u00e4iliv\u00e4tkin FSB:n lavastaneen murhayrityksen k\u00f6mpel\u00f6sti.<\/p>\n<p class=\"paragraph\">\u2013 Kuka arvaisi, ett\u00e4 natsit ovat n\u00e4in kiinnostuneita Simsist\u00e4? Scarr murjaisi.<\/p>\n<p class=\"paragraph\">\u2013 Uskon vilpitt\u00f6m\u00e4sti, ett\u00e4 t\u00e4lle typer\u00e4lle FSB-agentille annettiin teht\u00e4v\u00e4ksi hakea kolme sim-korttia, Higgins sanoi.<\/p>\n<p>Murhajuonessa ep\u00e4iltyn\u00e4 oleva Vasili Stri\u017eakov oikeudessa 2022. ZumaWire \/ MVPHOTOS<\/p>\n<p class=\"paragraph\">Ven\u00e4j\u00e4 on tunnetusti syytt\u00e4nyt Ukrainaa \u201dnatsien johtamaksi maaksi\u201d ja k\u00e4ytt\u00e4nyt ukrainalaisia \u00e4\u00e4rioikeistoj\u00e4rjest\u00f6j\u00e4 ly\u00f6m\u00e4aseena maan presidentti <a href=\"https:\/\/www.iltalehti.fi\/henkilot\/Volodymyr Zelenskyi\" class=\"article-link-person-page\" rel=\"nofollow noopener\" target=\"_blank\">Volodymyr Zelenskyit\u00e4<\/a> vastaan.<\/p>\n<p class=\"paragraph\">NS\/WP on yksi monista Ven\u00e4j\u00e4ll\u00e4 toimivista, l\u00f6yh\u00e4sti j\u00e4rjest\u00e4ytyneist\u00e4 uusnatsij\u00e4rjest\u00f6ist\u00e4. Ven\u00e4j\u00e4 on rekrytoinut my\u00f6s Euroopan \u00e4\u00e4rioikeistoliikkeiden edustajia taistelijoiksi hy\u00f6kk\u00e4yssotaan Ukrainaan.<\/p>\n","protected":false},"excerpt":{"rendered":"\u201dKiitos kaikille teille, jotka ette l\u00e4hett\u00e4neet minulle pizzaa eilen\u201d, Kremlin \u00e4\u00e4nitorvi sanoi tv-ohjelmassaan. Ven\u00e4j\u00e4n n\u00e4kyvimpiin kuuluva tv-hahmo yritettiin&hellip;\n","protected":false},"author":2,"featured_media":102509,"comment_status":"","ping_status":"","sticky":false,"template":"","format":"standard","meta":{"footnotes":""},"categories":[5],"tags":[35,22,23,26,27,33,31,30,17,24,25,28,29,15,18,21,142,637,144,886,32,19,20,16,1262],"class_list":{"0":"post-102508","1":"post","2":"type-post","3":"status-publish","4":"format-standard","5":"has-post-thumbnail","7":"category-otsikot","8":"tag-24h","9":"tag-breaking-news","10":"tag-breakingnews","11":"tag-featured-news","12":"tag-featurednews","13":"tag-fi","14":"tag-finland","15":"tag-finnish","16":"tag-headlines","17":"tag-latest-news","18":"tag-latestnews","19":"tag-main-news","20":"tag-mainnews","21":"tag-news","22":"tag-otsikot","23":"tag-paauutiset","24":"tag-poliitikot","25":"tag-politiikka","26":"tag-presidentti","27":"tag-puolueet","28":"tag-suomi","29":"tag-top-stories","30":"tag-topstories","31":"tag-uutiset","32":"tag-venajan-politiikka"},"share_on_mastodon":{"url":"https:\/\/pubeurope.com\/@fi\/115628204645387976","error":""},"_links":{"self":[{"href":"https:\/\/www.europesays.com\/fi\/wp-json\/wp\/v2\/posts\/102508","targetHints":{"allow":["GET"]}}],"collection":[{"href":"https:\/\/www.europesays.com\/fi\/wp-json\/wp\/v2\/posts"}],"about":[{"href":"https:\/\/www.europesays.com\/fi\/wp-json\/wp\/v2\/types\/post"}],"author":[{"embeddable":true,"href":"https:\/\/www.europesays.com\/fi\/wp-json\/wp\/v2\/users\/2"}],"replies":[{"embeddable":true,"href":"https:\/\/www.europesays.com\/fi\/wp-json\/wp\/v2\/comments?post=102508"}],"version-history":[{"count":0,"href":"https:\/\/www.europesays.com\/fi\/wp-json\/wp\/v2\/posts\/102508\/revisions"}],"wp:featuredmedia":[{"embeddable":true,"href":"https:\/\/www.europesays.com\/fi\/wp-json\/wp\/v2\/media\/102509"}],"wp:attachment":[{"href":"https:\/\/www.europesays.com\/fi\/wp-json\/wp\/v2\/media?parent=102508"}],"wp:term":[{"taxonomy":"category","embeddable":true,"href":"https:\/\/www.europesays.com\/fi\/wp-json\/wp\/v2\/categories?post=102508"},{"taxonomy":"post_tag","embeddable":true,"href":"https:\/\/www.europesays.com\/fi\/wp-json\/wp\/v2\/tags?post=102508"}],"curies":[{"name":"wp","href":"https:\/\/api.w.org\/{rel}","templated":true}]}}