{"id":102510,"date":"2025-11-28T16:23:09","date_gmt":"2025-11-28T16:23:09","guid":{"rendered":"https:\/\/www.europesays.com\/fi\/102510\/"},"modified":"2025-11-28T16:23:09","modified_gmt":"2025-11-28T16:23:09","slug":"lauri-tilasi-minikaivurin-kiinasta-ilta-sanomat","status":"publish","type":"post","link":"https:\/\/www.europesays.com\/fi\/102510\/","title":{"rendered":"Lauri tilasi minikaivurin Kiinasta &#8211; Ilta-Sanomat"},"content":{"rendered":"<p>Tilausta oli odoteltu jo alkukes\u00e4st\u00e4.<\/p>\n<p class=\"article-body mb-nof-24 px-nof-16\">Alkukes\u00e4st\u00e4 yritt\u00e4j\u00e4 <a class=\"article-personlink\" href=\"https:\/\/www.is.fi\/haku\/?query=Lauri%20V%C3%A4%C3%A4t%C3%A4j%C3%A4\" rel=\"nofollow noopener\" target=\"_blank\">Lauri V\u00e4\u00e4t\u00e4j\u00e4<\/a> tilasi itselleen ty\u00f6koneen.<\/p>\n<p class=\"article-body mb-nof-24 px-nof-16\">Tarkkaan ottaen kyseess\u00e4 on pieni kaivinkone, jonka h\u00e4n hankki Kiinasta asti. Lopulta paketti saapui h\u00e4nen pihaansa Oulun Kiiminkiin vasta loppusyksyst\u00e4 ja h\u00e4n p\u00e4\u00e4tti taltioida sen avaamisen Puulate-kanavallaan YouTubessa.<\/p>\n<p class=\"article-body mb-nof-24 px-nof-16\">Paketista paljastui kaivurin ohella erin\u00e4isi\u00e4 sen huoltoon tarvittavia ty\u00f6kaluja sek\u00e4 lukuisia lis\u00e4varusteita. Ty\u00f6kalut vaikuttavat V\u00e4\u00e4t\u00e4j\u00e4n videon perusteella suhteellisen heppoisilta, mutta itse kaivinkonetta h\u00e4n kuvaa \u201dj\u00e4m\u00e4k\u00e4n oloiseksi peliksi\u201d. Hytti\u00e4 siit\u00e4 ei l\u00f6ydy, mutta mukana on irrallinen katos, jonka lumenkest\u00e4vyytt\u00e4 V\u00e4\u00e4t\u00e4j\u00e4 videolla kuitenkin ep\u00e4ilee.<\/p>\n<p class=\"article-body mb-nof-24 px-nof-16\">Pienen tutkimuksen j\u00e4lkeen kaivuri paljastuu toimivaksi peliksi l\u00e4hes suoraan kontista, sill\u00e4 se hyr\u00e4ht\u00e4\u00e4 k\u00e4yntiin ja videon perusteella kykenee my\u00f6s kaivut\u00f6ihin. Tuo on varmasti V\u00e4\u00e4t\u00e4j\u00e4lle mieluinen uutinen, sill\u00e4 aivan pennosia Kiina-kaivuri ei maksanut, vaikkei se kaivinkoneeksi olekaan tyyris.<\/p>\n<p class=\"article-body mb-nof-24 px-nof-16\">\u2013\u2009Se piti maksaa kahdessa osassa, 1\u202f400 euroa ja 3\u202f500 euroa. My\u00f6hemmin mukaan tulivat viel\u00e4 lis\u00e4osat, joista tuli noin 600 euroa. Kaikkinensa koko setti toimituksineen ja lis\u00e4osineen oli noin 5\u202f500 euroa.<\/p>\n<p class=\"article-body mb-nof-24 px-nof-16\">Monille suomalaisille V\u00e4\u00e4t\u00e4j\u00e4n hankinta on osoittautunut mielenkiintoiseksi, sill\u00e4 h\u00e4nen videollaan on t\u00e4m\u00e4n jutun kirjoitushetkell\u00e4 yli 47\u202f000 katselukertaa.<\/p>\n<p class=\"article-body mb-nof-24 px-nof-16\">Nuo katselukerrat ovat my\u00f6s tuoneet apua h\u00e4nen pulmaansa. V\u00e4\u00e4t\u00e4j\u00e4 nimitt\u00e4in esitti videolla toiveen vinkeist\u00e4, jotka voivat auttaa h\u00e4nt\u00e4 v\u00e4ltt\u00e4m\u00e4\u00e4n \u201dkaivuriamat\u00f6\u00f6rin\u201d kompastuskivet. Niit\u00e4 on kertynyt runsaasti.<\/p>\n<p class=\"article-body mb-nof-24 px-nof-16\">\u2013\u2009Ei muuta kun uudet \u00f6ljyt ja samalla suodattimet vaihtoon, koska Kiina-laatu on v\u00e4lill\u00e4 aika eksoottista. Todenn\u00e4k\u00f6isesti seassa on jotain hilpeit\u00e4 koneistuksista. My\u00f6s kunnon rasvaus on t\u00e4rke\u00e4\u00e4, vaikka k\u00e4ytt\u00f6 olisi v\u00e4h\u00e4ist\u00e4. Talveksi ainakin rasvaus, jos kone seisoo hetkenkin, er\u00e4s ohjeistaa.<\/p>\n<p class=\"article-body mb-nof-24 px-nof-16\">\u2013\u2009Pultit kannattaa k\u00e4yd\u00e4 l\u00e4pi, ett\u00e4 ovat kaikki kiinni, vinkkaa toinen.<\/p>\n<p class=\"article-body mb-nof-24 px-nof-16\">\u2013\u2009Hitsisaumat ja maalipinta n\u00e4iss\u00e4 tahtoo olla aika huonolaatuista. Ei kannata s\u00e4ilytt\u00e4\u00e4 taivasalla, niin saattaa kest\u00e4\u00e4 v\u00e4h\u00e4n pidemp\u00e4\u00e4n ruostumatta. Kaikki \u00f6ljyt, nesteet ja polttoaine kannattaa vaihtaa samantien, kehottaa kolmas.<\/p>\n<p class=\"article-body mb-nof-24 px-nof-16\">My\u00f6s ohjeistusta itse laitteen k\u00e4ytt\u00f6\u00f6n on ly\u00f6ty tiskiin.<\/p>\n<p class=\"article-body mb-nof-24 px-nof-16\">\u2013\u2009Kun kaivat, pid\u00e4 puskulevy kauhan puolella. Se vakauttaa konetta ja est\u00e4\u00e4 my\u00f6s eteenp\u00e4in kallistumisen.<\/p>\n<p class=\"article-body mb-nof-24 px-nof-16\">V\u00e4\u00e4t\u00e4j\u00e4 julkaisee Puulate-kanavillaan videoita erin\u00e4isist\u00e4 projekteistaan YouTuben ohella Instagramiin ja TikTokiin.<\/p>\n<p class=\"article-body mb-nof-24 px-nof-16\">Alustoista varsinkin j\u00e4lkimm\u00e4isell\u00e4 h\u00e4nen sis\u00e4lt\u00f6ns\u00e4 on ker\u00e4nnyt runsaasti katselukertoja aina tuhansista kymmeniin ja jopa satoihin tuhansiin. Videollaan V\u00e4\u00e4t\u00e4j\u00e4 muun muassa remontoi ja rakentaa erin\u00e4isi\u00e4 tee se itse -viritelmi\u00e4.<\/p>\n","protected":false},"excerpt":{"rendered":"Tilausta oli odoteltu jo alkukes\u00e4st\u00e4. Alkukes\u00e4st\u00e4 yritt\u00e4j\u00e4 Lauri V\u00e4\u00e4t\u00e4j\u00e4 tilasi itselleen ty\u00f6koneen. Tarkkaan ottaen kyseess\u00e4 on pieni kaivinkone,&hellip;\n","protected":false},"author":2,"featured_media":102511,"comment_status":"","ping_status":"","sticky":false,"template":"","format":"standard","meta":{"footnotes":""},"categories":[136],"tags":[407,137,33,31,30,34,408,32,109],"class_list":{"0":"post-102510","1":"post","2":"type-post","3":"status-publish","4":"format-standard","5":"has-post-thumbnail","7":"category-julkkikset","8":"tag-celebrities","9":"tag-entertainment","10":"tag-fi","11":"tag-finland","12":"tag-finnish","13":"tag-ilta-sanomat","14":"tag-julkkikset","15":"tag-suomi","16":"tag-viihde"},"share_on_mastodon":{"url":"https:\/\/pubeurope.com\/@fi\/115628251742982839","error":""},"_links":{"self":[{"href":"https:\/\/www.europesays.com\/fi\/wp-json\/wp\/v2\/posts\/102510","targetHints":{"allow":["GET"]}}],"collection":[{"href":"https:\/\/www.europesays.com\/fi\/wp-json\/wp\/v2\/posts"}],"about":[{"href":"https:\/\/www.europesays.com\/fi\/wp-json\/wp\/v2\/types\/post"}],"author":[{"embeddable":true,"href":"https:\/\/www.europesays.com\/fi\/wp-json\/wp\/v2\/users\/2"}],"replies":[{"embeddable":true,"href":"https:\/\/www.europesays.com\/fi\/wp-json\/wp\/v2\/comments?post=102510"}],"version-history":[{"count":0,"href":"https:\/\/www.europesays.com\/fi\/wp-json\/wp\/v2\/posts\/102510\/revisions"}],"wp:featuredmedia":[{"embeddable":true,"href":"https:\/\/www.europesays.com\/fi\/wp-json\/wp\/v2\/media\/102511"}],"wp:attachment":[{"href":"https:\/\/www.europesays.com\/fi\/wp-json\/wp\/v2\/media?parent=102510"}],"wp:term":[{"taxonomy":"category","embeddable":true,"href":"https:\/\/www.europesays.com\/fi\/wp-json\/wp\/v2\/categories?post=102510"},{"taxonomy":"post_tag","embeddable":true,"href":"https:\/\/www.europesays.com\/fi\/wp-json\/wp\/v2\/tags?post=102510"}],"curies":[{"name":"wp","href":"https:\/\/api.w.org\/{rel}","templated":true}]}}