{"id":102512,"date":"2025-11-28T16:26:09","date_gmt":"2025-11-28T16:26:09","guid":{"rendered":"https:\/\/www.europesays.com\/fi\/102512\/"},"modified":"2025-11-28T16:26:09","modified_gmt":"2025-11-28T16:26:09","slug":"riikka-purran-ikava-aamu-housut-repesivat","status":"publish","type":"post","link":"https:\/\/www.europesays.com\/fi\/102512\/","title":{"rendered":"Riikka Purran ik\u00e4v\u00e4 aamu \u2013 housut repesiv\u00e4t"},"content":{"rendered":"<p>Valtiovarainministeri <strong>Riikka Purran<\/strong> keskiviikkoaamu ei alkanut hyviss\u00e4 merkeiss\u00e4. H\u00e4nen housunsa repesiv\u00e4t, mutta onni onnettomuudessa se tapahtui h\u00e4nen kotipihallaan t\u00f6ihin l\u00e4htiess\u00e4. \u00a0<\/p>\n<p>Aiheesta on kirjoitettu aiemmin my\u00f6s Iltasanomissa, josta Purra on laittanut tarinaosioonsa kuvan. H\u00e4n kertoo samalla lis\u00e4\u00e4 tapahtuneesta.<\/p>\n<p>\u2013 Tapahtui aamulla, kun istuuduin autoon: Kuului riks, ja housujen perssauma ratkesi koko matkaltaan, kirjoittaa Purra Instagram-tarinoissaan.<\/p>\n<p>Videossa n\u00e4kyv\u00e4t Purran rikkimenneet housut. H\u00e4n on asetellut ne karvamatolle. H\u00e4n kiitt\u00e4\u00e4 universumia siit\u00e4, ett\u00e4 housut meniv\u00e4t rikki kotioven edess\u00e4.<\/p>\n<p>Lue my\u00f6s: <a href=\"https:\/\/www.como.fi\/uutiset\/riikka-purran-raju-irtiotto-kesa-ja-pako\/\" title=\"Riikka Purran raju irtiotto: \u201dKes\u00e4 ja pako\u201d\" class=\"underline-custom !font-montserrat !font-bold !underline-offset-4 !decoration-4 !decoration-red-600 !text-md\" rel=\"nofollow noopener\" target=\"_blank\">Riikka Purran raju irtiotto: \u201dKes\u00e4 ja pako\u201d<\/a><\/p>\n<p>\u2013 Mutta kiitos taas universumille, ett\u00e4 housu ratkesi kotioven edess\u00e4. Ajatelkaapa, kun se olisi ratkennut vaikkapa ministerinaitiossa eduskunnassa, kun olen juuri menossa pit\u00e4m\u00e4\u00e4n puhetta! toteaa Purra viel\u00e4 tapahtuneesta.<\/p>\n<p>Jos upotus ei n\u00e4y, avaa se auki <a href=\"https:\/\/www.instagram.com\/p\/DPYfQhdDUXW\/?utm_source=ig_web_copy_link&amp;igsh=MzRlODBiNWFlZA==\" target=\"_blank\" rel=\"noreferrer noopener nofollow\">t\u00e4st\u00e4<\/a>.<\/p>\n<p>Lue my\u00f6s: <a href=\"https:\/\/www.como.fi\/tilaa-comon-uutiskirje\/\" title=\"Tilaa Comon uutiskirje ja tied\u00e4t mist\u00e4 kahvitauolla puhutaan! Nappaa kotimaan tv-vinkit ja puheenaiheet suoraan s\u00e4hk\u00f6postiin t\u00e4st\u00e4.\" class=\"underline-custom !font-montserrat !font-bold !underline-offset-4 !decoration-4 !decoration-red-600 !text-md\" rel=\"nofollow noopener\" target=\"_blank\">Tilaa Comon uutiskirje ja tied\u00e4t mist\u00e4 kahvitauolla puhutaan! Nappaa kotimaan tv-vinkit ja puheenaiheet suoraan s\u00e4hk\u00f6postiin t\u00e4st\u00e4.<\/a><\/p>\n<p>\t\t\t<script async src=\"\/\/www.instagram.com\/embed.js\"><\/script><\/p>\n","protected":false},"excerpt":{"rendered":"Valtiovarainministeri Riikka Purran keskiviikkoaamu ei alkanut hyviss\u00e4 merkeiss\u00e4. H\u00e4nen housunsa repesiv\u00e4t, mutta onni onnettomuudessa se tapahtui h\u00e4nen kotipihallaan&hellip;\n","protected":false},"author":2,"featured_media":102513,"comment_status":"","ping_status":"","sticky":false,"template":"","format":"standard","meta":{"footnotes":""},"categories":[133],"tags":[137,33,31,30,3302,32,206,156,109],"class_list":{"0":"post-102512","1":"post","2":"type-post","3":"status-publish","4":"format-standard","5":"has-post-thumbnail","7":"category-televisiot","8":"tag-entertainment","9":"tag-fi","10":"tag-finland","11":"tag-finnish","12":"tag-riikka-purra","13":"tag-suomi","14":"tag-televisiot","15":"tag-tv","16":"tag-viihde"},"share_on_mastodon":{"url":"https:\/\/pubeurope.com\/@fi\/115628263569584820","error":""},"_links":{"self":[{"href":"https:\/\/www.europesays.com\/fi\/wp-json\/wp\/v2\/posts\/102512","targetHints":{"allow":["GET"]}}],"collection":[{"href":"https:\/\/www.europesays.com\/fi\/wp-json\/wp\/v2\/posts"}],"about":[{"href":"https:\/\/www.europesays.com\/fi\/wp-json\/wp\/v2\/types\/post"}],"author":[{"embeddable":true,"href":"https:\/\/www.europesays.com\/fi\/wp-json\/wp\/v2\/users\/2"}],"replies":[{"embeddable":true,"href":"https:\/\/www.europesays.com\/fi\/wp-json\/wp\/v2\/comments?post=102512"}],"version-history":[{"count":0,"href":"https:\/\/www.europesays.com\/fi\/wp-json\/wp\/v2\/posts\/102512\/revisions"}],"wp:featuredmedia":[{"embeddable":true,"href":"https:\/\/www.europesays.com\/fi\/wp-json\/wp\/v2\/media\/102513"}],"wp:attachment":[{"href":"https:\/\/www.europesays.com\/fi\/wp-json\/wp\/v2\/media?parent=102512"}],"wp:term":[{"taxonomy":"category","embeddable":true,"href":"https:\/\/www.europesays.com\/fi\/wp-json\/wp\/v2\/categories?post=102512"},{"taxonomy":"post_tag","embeddable":true,"href":"https:\/\/www.europesays.com\/fi\/wp-json\/wp\/v2\/tags?post=102512"}],"curies":[{"name":"wp","href":"https:\/\/api.w.org\/{rel}","templated":true}]}}