{"id":102514,"date":"2025-11-28T16:30:07","date_gmt":"2025-11-28T16:30:07","guid":{"rendered":"https:\/\/www.europesays.com\/fi\/102514\/"},"modified":"2025-11-28T16:30:07","modified_gmt":"2025-11-28T16:30:07","slug":"kups-luotsi-wiss-harmissaan-kylla-taalta-olisi-tasapelin-voinut-napata-mukaan-uutiset","status":"publish","type":"post","link":"https:\/\/www.europesays.com\/fi\/102514\/","title":{"rendered":"KuPS-luotsi Wiss harmissaan: &#8221;Kyll\u00e4 t\u00e4\u00e4lt\u00e4 olisi tasapelin voinut napata mukaan&#8221; | Uutiset"},"content":{"rendered":"<p>P\u00e4\u00e4valmentaja Jarkko Wiss oli Savon Sanomien haastattelussa tyytyv\u00e4inen siihen, ett\u00e4 KuPS uskalsi pelata oman identiteettins\u00e4 mukaan.<\/p>\n<p>\u2013 Olimme rohkeita, aktiivisia ja korkea pr\u00e4ssi toimi monesti hyvin. Vastustaja oli todella laadukas. Peli parani loppua kohti. Lis\u00e4simme vauhtia ja nostimme pelaajia hy\u00f6kk\u00e4ysp\u00e4\u00e4h\u00e4n. Kyll\u00e4 t\u00e4\u00e4lt\u00e4 olisi tasapelin voinut napata mukaan. Pystyimme pelaamaan tasav\u00e4kisesti ja olen ylpe\u00e4 pojista, Wiss toteaa Savon Sanomille.<\/p>\n<p>KuPS:n pelaajien liukastelu johtui Wissin mukaan hankalista olosuhteista.<\/p>\n<p>\u2013 Kentt\u00e4 oli vaikea ja tosi liukas. Emme olleet sinut j\u00e4isen kent\u00e4n kanssa. V\u00e4h\u00e4n j\u00e4i karvas maku, sill\u00e4 enemp\u00e4\u00e4nkin oli mahdollisuuksia, Wiss toteaa.<\/p>\n<p>KuPS:n pelit Konferenssiliigassa jatkuvat vajaan kahden viikon p\u00e4\u00e4st\u00e4 torstaina Tampereella sveitsil\u00e4ist\u00e4 Lausanne-Sportia vastaan.<\/p>\n","protected":false},"excerpt":{"rendered":"P\u00e4\u00e4valmentaja Jarkko Wiss oli Savon Sanomien haastattelussa tyytyv\u00e4inen siihen, ett\u00e4 KuPS uskalsi pelata oman identiteettins\u00e4 mukaan. \u2013 Olimme&hellip;\n","protected":false},"author":2,"featured_media":102515,"comment_status":"","ping_status":"","sticky":false,"template":"","format":"standard","meta":{"footnotes":""},"categories":[158],"tags":[33,31,30,159,32,160],"class_list":{"0":"post-102514","1":"post","2":"type-post","3":"status-publish","4":"format-standard","5":"has-post-thumbnail","7":"category-urheilu","8":"tag-fi","9":"tag-finland","10":"tag-finnish","11":"tag-sports","12":"tag-suomi","13":"tag-urheilu"},"share_on_mastodon":{"url":"https:\/\/pubeurope.com\/@fi\/115628279389790814","error":""},"_links":{"self":[{"href":"https:\/\/www.europesays.com\/fi\/wp-json\/wp\/v2\/posts\/102514","targetHints":{"allow":["GET"]}}],"collection":[{"href":"https:\/\/www.europesays.com\/fi\/wp-json\/wp\/v2\/posts"}],"about":[{"href":"https:\/\/www.europesays.com\/fi\/wp-json\/wp\/v2\/types\/post"}],"author":[{"embeddable":true,"href":"https:\/\/www.europesays.com\/fi\/wp-json\/wp\/v2\/users\/2"}],"replies":[{"embeddable":true,"href":"https:\/\/www.europesays.com\/fi\/wp-json\/wp\/v2\/comments?post=102514"}],"version-history":[{"count":0,"href":"https:\/\/www.europesays.com\/fi\/wp-json\/wp\/v2\/posts\/102514\/revisions"}],"wp:featuredmedia":[{"embeddable":true,"href":"https:\/\/www.europesays.com\/fi\/wp-json\/wp\/v2\/media\/102515"}],"wp:attachment":[{"href":"https:\/\/www.europesays.com\/fi\/wp-json\/wp\/v2\/media?parent=102514"}],"wp:term":[{"taxonomy":"category","embeddable":true,"href":"https:\/\/www.europesays.com\/fi\/wp-json\/wp\/v2\/categories?post=102514"},{"taxonomy":"post_tag","embeddable":true,"href":"https:\/\/www.europesays.com\/fi\/wp-json\/wp\/v2\/tags?post=102514"}],"curies":[{"name":"wp","href":"https:\/\/api.w.org\/{rel}","templated":true}]}}