{"id":102516,"date":"2025-11-28T16:31:11","date_gmt":"2025-11-28T16:31:11","guid":{"rendered":"https:\/\/www.europesays.com\/fi\/102516\/"},"modified":"2025-11-28T16:31:11","modified_gmt":"2025-11-28T16:31:11","slug":"kansa-raivostui-niko-saarisen-risteilyhinnoista-nain-han-kommentoi","status":"publish","type":"post","link":"https:\/\/www.europesays.com\/fi\/102516\/","title":{"rendered":"Kansa raivostui Niko Saarisen risteilyhinnoista \u2013 N\u00e4in h\u00e4n kommentoi"},"content":{"rendered":"<p>Niko Saarisen luotsaama Nikotellen-podcast saa ensi vuonna teemaristeilyn. Sen hinnat ovat kirvoittaneet somessa kritiikki\u00e4.<\/p>\n<p><img decoding=\"async\" class=\"image image-show image-preview\" src=\"https:\/\/www.europesays.com\/fi\/wp-content\/uploads\/2025\/11\/9e7895ddb323c74651ab3c5a046f629d4127a8a05842fc826ec84dfbf400f64a.jpg\" alt=\"\"\/><img decoding=\"async\" class=\"image image-show\" src=\"https:\/\/www.europesays.com\/fi\/wp-content\/uploads\/2025\/11\/1764347471_284_9e7895ddb323c74651ab3c5a046f629d4127a8a05842fc826ec84dfbf400f64a.jpg\" alt=\"\"\/><\/p>\n<p>Niko Saarisen Nikotellen-podcast j\u00e4rjest\u00e4\u00e4 teemaristeilyn ensi vuonna. Elle Laitila<\/p>\n<p class=\"paragraph\"><a href=\"https:\/\/www.iltalehti.fi\/henkilot\/Niko Saarinen\" class=\"article-link-person-page\" rel=\"nofollow noopener\" target=\"_blank\">Niko Saarisen<\/a> Nikotellen-podcast j\u00e4rjest\u00e4\u00e4 ensi maaliskuussa teemaristeilyn. Risteilyn hinnoista on her\u00e4nnyt nyt kovaa keskustelua sosiaalisessa mediassa.<\/p>\n<p class=\"paragraph\">Halvimmillaan risteilylle p\u00e4\u00e4see nelj\u00e4n hengen hyttiin vajaalla kahdellasadalla eurolla per henkil\u00f6. Yhteishinta kohoaa t\u00e4ss\u00e4 tapaukseessa vajaaseen kahdeksaansataan.<\/p>\n<p class=\"paragraph\">Kalleimmillaan hyttihinnat nousevat yli tuhanteen euroon.<\/p>\n<p class=\"paragraph\">Hyttihinnat ovat aiheuttaneet keskustelua anonyymiss\u00e4 viestipalvelu Jodelissa. Osa kokee hinnat liian kalliiksi.<\/p>\n<p class=\"paragraph\">\u2013 Onpa j\u00e4rjet\u00f6n hinta. En ikin\u00e4 maksaisi, vaikka mulla on varaa, er\u00e4s kommentoi.<\/p>\n<p class=\"paragraph\">\u2013 No johan on hinnat. Paljon parempaa ohjelmaa saat kyll\u00e4 halvemmallakin, toinen toteaa.<\/p>\n<p class=\"paragraph\">\u2013 Melkoisen suolainen hinta on t\u00e4ll\u00e4.<\/p>\n<p class=\"paragraph\">\u2013 Ihan j\u00e4rkytt\u00e4v\u00e4 hinta.<\/p>\n<p class=\"paragraph\">Osa taas puolustaa risteilyn hintoja.<\/p>\n<p class=\"paragraph\">\u2013 Nuohan on nelj\u00e4n hengen hyttej\u00e4. Eli 200 euroa per naama. Ei nyt mitenk\u00e4\u00e4n niin mahdoton kuin aloitus antaa ymm\u00e4rt\u00e4\u00e4.<\/p>\n<p class=\"paragraph\">\u2013 Kaikki maksaa. Jos haluaa halvalla laivalle, niin eik\u00f6 Tallinnaan p\u00e4\u00e4se ma-to-l\u00e4hd\u00f6ll\u00e4 alle kympill\u00e4 l\u00e4hes aina.<\/p>\n<p>Niko Saarinen kommentoi<\/p>\n<p class=\"paragraph\">Niko Saarinen kommentoi Iltalehdelle hyttihintoja puhelimitse.<\/p>\n<p class=\"paragraph\">\u2013 Sellaisen ihminen, joka kokee, ett\u00e4 on liian kallista, eik\u00e4 pysty tulemaan, niin h\u00e4nen ei kannata ehk\u00e4 tulla. Seh\u00e4n on ihan ymm\u00e4rrett\u00e4v\u00e4\u00e4. En ole ikin\u00e4 n\u00e4hnyt tapahtumaa, jota ei kritisoitaisi jostain, Saarinen toteaa.<\/p>\n<p class=\"paragraph\">\u2013 Se on yll\u00e4tt\u00e4v\u00e4n kallista vuokrata laivaristeilyaluksen, joka seilaa Helsinki-Tukholma-Helsinki -v\u00e4li\u00e4. Puhutaan oikeasti kuusinumeroisesta luvusta jo pelk\u00e4st\u00e4\u00e4n, kun laiva on vuokrattu, h\u00e4n jatkaa.<\/p>\n<p class=\"paragraph\">Saarinen toteaa, ettei risteilyn tarkoitus ole tehd\u00e4 j\u00e4rjest\u00e4jist\u00e4 miljon\u00e4\u00e4rej\u00e4, mutta tarkoitus ei ole my\u00f6sk\u00e4\u00e4n tehd\u00e4 tapahtumaa tappiollisena.<\/p>\n<p class=\"paragraph\">Saarinen toteaa, ett\u00e4 hyttien hinnoittelu on tehty yhdess\u00e4 laivayhti\u00f6n kanssa. Keskiarvo perustuu teemaristeilyjen hintaan.<\/p>\n<p class=\"paragraph\">\u2013 Kyll\u00e4 kaikki hinnat on k\u00e4yty l\u00e4pi, ett\u00e4 mit\u00e4 muut pyyt\u00e4v\u00e4t niist\u00e4 ja mik\u00e4 olisi meid\u00e4n keskitie ja keskiarvo, ett\u00e4 miten hinnoittelemme meid\u00e4n risteilyn, Saarinen sanoo.<\/p>\n<p class=\"paragraph\">Tukholmaan suuntaavaa risteily\u00e4 luotsaavat <a href=\"https:\/\/www.iltalehti.fi\/henkilot\/Niko Saarinen\" class=\"article-link-person-page\" rel=\"nofollow noopener\" target=\"_blank\">Niko Saarinen<\/a>, <a href=\"https:\/\/www.iltalehti.fi\/henkilot\/Jasmiina Yildiz\" class=\"article-link-person-page\" rel=\"nofollow noopener\" target=\"_blank\">Jasmiina Yildiz<\/a>, <strong>Jenna Gullsten<\/strong>, <strong>Jonna Saari<\/strong> sek\u00e4 podcastissa nykyisin Saarisen juontoparina toimiva <strong>Jenni G<\/strong>. Risteilyll\u00e4 esiintyv\u00e4t Nikotellen-poppoon lis\u00e4ksi my\u00f6s <a href=\"https:\/\/www.iltalehti.fi\/henkilot\/Ani\" class=\"article-link-person-page\" rel=\"nofollow noopener\" target=\"_blank\">Ani<\/a>, <a href=\"https:\/\/www.iltalehti.fi\/henkilot\/Sara Bee\" class=\"article-link-person-page\" rel=\"nofollow noopener\" target=\"_blank\">Sara Bee<\/a>, Dog Hustlers ja Dj Soffe.<\/p>\n","protected":false},"excerpt":{"rendered":"Niko Saarisen luotsaama Nikotellen-podcast saa ensi vuonna teemaristeilyn. Sen hinnat ovat kirvoittaneet somessa kritiikki\u00e4. Niko Saarisen Nikotellen-podcast j\u00e4rjest\u00e4\u00e4&hellip;\n","protected":false},"author":2,"featured_media":102517,"comment_status":"","ping_status":"","sticky":false,"template":"","format":"standard","meta":{"footnotes":""},"categories":[130],"tags":[35,137,33,31,30,19549,121,923,32,2569,2568,109],"class_list":{"0":"post-102516","1":"post","2":"type-post","3":"status-publish","4":"format-standard","5":"has-post-thumbnail","7":"category-viihde","8":"tag-24h","9":"tag-entertainment","10":"tag-fi","11":"tag-finland","12":"tag-finnish","13":"tag-harjumaa-viro","14":"tag-liikenne-ja-kuljetus","15":"tag-matkustaminen","16":"tag-suomi","17":"tag-vesikulkuneuvot","18":"tag-vesiliikenne","19":"tag-viihde"},"share_on_mastodon":{"url":"https:\/\/pubeurope.com\/@fi\/115628283341802361","error":""},"_links":{"self":[{"href":"https:\/\/www.europesays.com\/fi\/wp-json\/wp\/v2\/posts\/102516","targetHints":{"allow":["GET"]}}],"collection":[{"href":"https:\/\/www.europesays.com\/fi\/wp-json\/wp\/v2\/posts"}],"about":[{"href":"https:\/\/www.europesays.com\/fi\/wp-json\/wp\/v2\/types\/post"}],"author":[{"embeddable":true,"href":"https:\/\/www.europesays.com\/fi\/wp-json\/wp\/v2\/users\/2"}],"replies":[{"embeddable":true,"href":"https:\/\/www.europesays.com\/fi\/wp-json\/wp\/v2\/comments?post=102516"}],"version-history":[{"count":0,"href":"https:\/\/www.europesays.com\/fi\/wp-json\/wp\/v2\/posts\/102516\/revisions"}],"wp:featuredmedia":[{"embeddable":true,"href":"https:\/\/www.europesays.com\/fi\/wp-json\/wp\/v2\/media\/102517"}],"wp:attachment":[{"href":"https:\/\/www.europesays.com\/fi\/wp-json\/wp\/v2\/media?parent=102516"}],"wp:term":[{"taxonomy":"category","embeddable":true,"href":"https:\/\/www.europesays.com\/fi\/wp-json\/wp\/v2\/categories?post=102516"},{"taxonomy":"post_tag","embeddable":true,"href":"https:\/\/www.europesays.com\/fi\/wp-json\/wp\/v2\/tags?post=102516"}],"curies":[{"name":"wp","href":"https:\/\/api.w.org\/{rel}","templated":true}]}}