{"id":102518,"date":"2025-11-28T16:34:16","date_gmt":"2025-11-28T16:34:16","guid":{"rendered":"https:\/\/www.europesays.com\/fi\/102518\/"},"modified":"2025-11-28T16:34:16","modified_gmt":"2025-11-28T16:34:16","slug":"tietokoneiden-ram-muistien-hinnat-ovat-rajahtaneet","status":"publish","type":"post","link":"https:\/\/www.europesays.com\/fi\/102518\/","title":{"rendered":"Tietokoneiden ram-muistien hinnat ovat r\u00e4j\u00e4ht\u00e4neet"},"content":{"rendered":"<p>Ram-muistin hinnan ja saatavuuden m\u00e4\u00e4r\u00e4\u00e4v\u00e4t nyt teko\u00e4lyj\u00e4tit, sivusto taustoittaa.<\/p>\n<p><img decoding=\"async\" class=\"image image-show image-preview\" src=\"https:\/\/www.europesays.com\/fi\/wp-content\/uploads\/2025\/11\/e5f47dc0c0eda5bb6d170b8741503c4c2070fc8d5ec9c822615f0e211d28db1e.jpg\" alt=\"\"\/><img decoding=\"async\" class=\"image image-show\" src=\"https:\/\/www.europesays.com\/fi\/wp-content\/uploads\/2025\/11\/1764347656_676_e5f47dc0c0eda5bb6d170b8741503c4c2070fc8d5ec9c822615f0e211d28db1e.jpg\" alt=\"\"\/><\/p>\n<p>Ram-muisti on oleellinen tietokoneen komponentti. Tiina Somerpuro<\/p>\n<p class=\"paragraph\">Windows Cental -sivusto <a href=\"https:\/\/www.windowscentral.com\/gaming\/epic-games-ceo-ram-price-increases-will-be-a-real-problem-for-high-end-gaming\" target=\"_blank\" rel=\"noopener nofollow\">kertoo<\/a>, ett\u00e4 vain muutamassa viikossa kuluttajatason DDR5-muistien hinnat ovat nousseet korkeimmillaan jopa 110 prosentilla. Esimerkiksi muistivalmistaja Micronin korkean suorituskyvyn ram-muistipaketti Crucial Pro 32GB DDR5:n hinta on tuplaantunut kuukauden sis\u00e4ll\u00e4.<\/p>\n<p class=\"paragraph\">Ram-muistien r\u00e4j\u00e4hdysm\u00e4isen hinnannousu on haaste erityisesti pelialalle, pelij\u00e4tti Epic Gamesin toimitusjohtaja <strong>Tim Sweeney<\/strong> arvoi.<\/p>\n<p>Epic Gamesin toimitusjohtaja Tim Sweeney on huolissaan pelialan puolesta. Arkistokuva. YONHAP<\/p>\n<p class=\"paragraph\">Ja pahempaa on luvassa, jos Sweeneyt\u00e4 on uskominen. H\u00e4nen mukaansa teko\u00e4lyj\u00e4tit valtavine tukisummineen voivat ostaa ty\u00f6muistia peliteollisuuden tarjouksia korkeammilla hinnoilla tuosta vain.<\/p>\n<p class=\"paragraph\">Mik\u00e4li yll\u00e4 oleva upotus ei n\u00e4y, voit katsoa sen my\u00f6s <a href=\"https:\/\/x.com\/TimSweeneyEpic\/status\/1992945140923847047?s=20\" target=\"_blank\" rel=\"noopener nofollow\">t\u00e4\u00e4lt\u00e4<\/a>.<\/p>\n<p class=\"paragraph\">Windows Central taustoittaa, ett\u00e4 aikaisemmin kryptohuuma pompautti n\u00e4yt\u00f6nohjainten hinnat pilviin. Nyt vastaava ilmi\u00f6 siis toistuu ram-muistien kanssa, koska Google, Microsoft, Open AI ja muut teko\u00e4lyj\u00e4tit alati kasvavine tarpeineen m\u00e4\u00e4rittelev\u00e4t muistien saatavuuden ja hinnan.<\/p>\n","protected":false},"excerpt":{"rendered":"Ram-muistin hinnan ja saatavuuden m\u00e4\u00e4r\u00e4\u00e4v\u00e4t nyt teko\u00e4lyj\u00e4tit, sivusto taustoittaa. Ram-muisti on oleellinen tietokoneen komponentti. Tiina Somerpuro Windows Cental&hellip;\n","protected":false},"author":2,"featured_media":102519,"comment_status":"","ping_status":"","sticky":false,"template":"","format":"standard","meta":{"footnotes":""},"categories":[76],"tags":[35,79,77,33,31,30,537,536,32,78,487,149,1174],"class_list":{"0":"post-102518","1":"post","2":"type-post","3":"status-publish","4":"format-standard","5":"has-post-thumbnail","7":"category-talous","8":"tag-24h","9":"tag-business","10":"tag-economy","11":"tag-fi","12":"tag-finland","13":"tag-finnish","14":"tag-informaatioteknologia-sektori","15":"tag-ohjelmistot","16":"tag-suomi","17":"tag-talous","18":"tag-teknologia-yleista","19":"tag-tietojenkasittely-ja-informaatioteknologia","20":"tag-tietoliikennevalineet"},"share_on_mastodon":{"url":"https:\/\/pubeurope.com\/@fi\/115628296479322254","error":""},"_links":{"self":[{"href":"https:\/\/www.europesays.com\/fi\/wp-json\/wp\/v2\/posts\/102518","targetHints":{"allow":["GET"]}}],"collection":[{"href":"https:\/\/www.europesays.com\/fi\/wp-json\/wp\/v2\/posts"}],"about":[{"href":"https:\/\/www.europesays.com\/fi\/wp-json\/wp\/v2\/types\/post"}],"author":[{"embeddable":true,"href":"https:\/\/www.europesays.com\/fi\/wp-json\/wp\/v2\/users\/2"}],"replies":[{"embeddable":true,"href":"https:\/\/www.europesays.com\/fi\/wp-json\/wp\/v2\/comments?post=102518"}],"version-history":[{"count":0,"href":"https:\/\/www.europesays.com\/fi\/wp-json\/wp\/v2\/posts\/102518\/revisions"}],"wp:featuredmedia":[{"embeddable":true,"href":"https:\/\/www.europesays.com\/fi\/wp-json\/wp\/v2\/media\/102519"}],"wp:attachment":[{"href":"https:\/\/www.europesays.com\/fi\/wp-json\/wp\/v2\/media?parent=102518"}],"wp:term":[{"taxonomy":"category","embeddable":true,"href":"https:\/\/www.europesays.com\/fi\/wp-json\/wp\/v2\/categories?post=102518"},{"taxonomy":"post_tag","embeddable":true,"href":"https:\/\/www.europesays.com\/fi\/wp-json\/wp\/v2\/tags?post=102518"}],"curies":[{"name":"wp","href":"https:\/\/api.w.org\/{rel}","templated":true}]}}