{"id":102521,"date":"2025-11-28T16:36:13","date_gmt":"2025-11-28T16:36:13","guid":{"rendered":"https:\/\/www.europesays.com\/fi\/102521\/"},"modified":"2025-11-28T16:36:13","modified_gmt":"2025-11-28T16:36:13","slug":"poliisin-esitutkinta-nain-ratinan-joukkopuukotuksen-tapahtumat-etenivat","status":"publish","type":"post","link":"https:\/\/www.europesays.com\/fi\/102521\/","title":{"rendered":"Poliisin esitutkinta: N\u00e4in Ratinan joukkopuukotuksen tapahtumat eteniv\u00e4t"},"content":{"rendered":"<p>Puukkohy\u00f6kk\u00e4\u00e4j\u00e4 k\u00e4vi muusikko Sussu Ketolan kimppuun t\u00e4ysin yll\u00e4tt\u00e4en kesken ostosreissun.<\/p>\n<p>24-vuotias mies peitti kasvonsa oikeudessa perjantaina.Video: Juulia Hakulinen<\/p>\n<p class=\"article-body mb-nof-24 px-nof-16\">Muusikko <a class=\"article-personlink\" href=\"https:\/\/www.is.fi\/haku\/?query=Sussu%20Ketola\" rel=\"nofollow noopener\" target=\"_blank\">Sussu Ketola<\/a>, yksi Tampereen Ratinan joukkopuukotuksen uhreista, kertoi kauhunhetkist\u00e4\u00e4n poliisin esitutkinnassa.<\/p>\n<p class=\"article-body mb-nof-24 px-nof-16\">Ketola soittaa koskettimia artisti Litku Klementin b\u00e4ndiss\u00e4.<\/p>\n<p class=\"article-body mb-nof-24 px-nof-16\">35-vuotias Ketola kertoi olleensa tapahtumap\u00e4iv\u00e4n\u00e4 3. hein\u00e4kuuta Ratinassa ostoksilla ja l\u00e4hteneens\u00e4 sielt\u00e4 noin kello 16.15.<\/p>\n<p><img decoding=\"async\" src=\"https:\/\/www.europesays.com\/fi\/wp-content\/uploads\/2025\/11\/1764347770_695_468.jpg\" alt=\"T\u00e4ss\u00e4 paikassa puukottaja hy\u00f6kk\u00e4si Sussu Ketolan kimppuun.\" class=\"_Img_1rerz_1\" style=\"aspect-ratio:1.5165876777251184\" loading=\"eager\"\/><\/p>\n<p class=\"article-picture-caption\">T\u00e4ss\u00e4 paikassa puukottaja hy\u00f6kk\u00e4si Sussu Ketolan kimppuun. Kuva:\u00a0Poliisi<\/p>\n<p><img decoding=\"async\" src=\"https:\/\/www.europesays.com\/fi\/wp-content\/uploads\/2025\/11\/1764347771_921_468.jpg\" alt=\"Poliisi saapui paikalle nopeasti.\" class=\"_Img_1rerz_1\" style=\"aspect-ratio:1.8250950570342206\" loading=\"eager\"\/><\/p>\n<p class=\"article-picture-caption\">Poliisi saapui paikalle nopeasti. Kuva:\u00a0Poliisi<\/p>\n<p class=\"article-body mb-nof-24 px-nof-16\">H\u00e4n kertoi kuulusteluissa k\u00e4velleens\u00e4 K-Supermarketin ohi ja sen j\u00e4lkeen rullaportaita yl\u00f6s. Tultuaan ulos h\u00e4n p\u00e4\u00e4tti k\u00e4vell\u00e4 puiston l\u00e4pi ja jatkaa siit\u00e4 matkaa s\u00e4hk\u00f6potkulaudalla.<\/p>\n<p class=\"article-body mb-nof-24 px-nof-16\">\u2013 Availin potkulaudan puhelimella ja olin l\u00e4hd\u00f6ss\u00e4. Ihmettelin hetken, kun potkulauta oli kankea eik\u00e4 se l\u00e4htenyt liikkumaan. Olin k\u00e4\u00e4ntym\u00e4ss\u00e4 s\u00e4hk\u00f6potkulaudan kanssa vasemmalle tarkoituksena menn\u00e4 py\u00f6r\u00e4tielle. Kun mun kasvot oli linja-autoasemalle p\u00e4in, tunsin, kun joku l\u00f6i minua oikeaan k\u00e4teen useamman kerran. Nostin katsetta ja n\u00e4in miestekij\u00e4n. Tekij\u00e4ll\u00e4 oli puukko k\u00e4dess\u00e4, h\u00e4n kertoi.<\/p>\n<p class=\"article-body mb-nof-24 px-nof-16\">Syytt\u00e4j\u00e4n mukaan mies l\u00f6i Ketolaa 4\u20135 kertaa oikean kyljen ja yl\u00e4raajan alueelle. Syytt\u00e4j\u00e4 pit\u00e4\u00e4 tekoa murhan yrityksen\u00e4.<\/p>\n<p><img decoding=\"async\" src=\"https:\/\/www.europesays.com\/fi\/wp-content\/uploads\/2025\/11\/1764347771_703_468.jpg\" alt=\"Tekov\u00e4line kuvattuna esitutkinnassa.\" class=\"_Img_1rerz_1\" style=\"aspect-ratio:1.5686274509803921\" loading=\"eager\"\/><\/p>\n<p class=\"article-picture-caption\">Tekov\u00e4line kuvattuna esitutkinnassa. Kuva:\u00a0Poliisi<\/p>\n<p class=\"article-body mb-nof-24 px-nof-16\">Ketola muisteli, ett\u00e4 oli yritt\u00e4nyt suojautua ly\u00f6nneilt\u00e4. H\u00e4nen muistikuviensa mukaan puukottaja ei puhunut h\u00e4nelle mit\u00e4\u00e4n.<\/p>\n<p class=\"article-body mb-nof-24 px-nof-16\">\u2013 En muista, miten t\u00e4m\u00e4 tilanne p\u00e4\u00e4ttyi ja miksi t\u00e4m\u00e4 henkil\u00f6 l\u00e4hti pois siit\u00e4 mun luota. Muistan, ett\u00e4 h\u00e4n jatkoi matkaa John Scott\u00b4sin ravintolan suuntaan. Siin\u00e4 kohtaa minulle tuli kova huoli n\u00e4ist\u00e4 leikkipuistossa olevista lapsista. Ajattelin siin\u00e4 kuitenkin, ett\u00e4 nyt mun on pakko huutaa itselleni apua. T\u00e4ss\u00e4 kohtaa huusin apua ja pyysin ihmisi\u00e4 soittamaan 112:een.<\/p>\n<p class=\"article-body mb-nof-24 px-nof-16\">Ketola muisteli n\u00e4hneens\u00e4, ett\u00e4 poliisit juoksivat h\u00e4nen ohitseen samaan suuntaan mihin tekij\u00e4 oli poistunut.<\/p>\n<p class=\"article-body mb-nof-24 px-nof-16\">Pian paikalle saapui useita ihmisi\u00e4 auttamaan ja sen j\u00e4lkeen my\u00f6s ambulanssi.<\/p>\n<p><img decoding=\"async\" src=\"https:\/\/www.europesays.com\/fi\/wp-content\/uploads\/2025\/11\/1764347772_388_468.jpg\" alt=\"Poliisi on merkinnyt katuun kohdat, joissa puukottaja hy\u00f6kk\u00e4si uhriensa kimppuun.\" class=\"_Img_1rerz_1\" style=\"aspect-ratio:1.5213946117274169\" loading=\"eager\"\/><\/p>\n<p class=\"article-picture-caption\">Poliisi on merkinnyt katuun kohdat, joissa puukottaja hy\u00f6kk\u00e4si uhriensa kimppuun. Kuva:\u00a0Poliisi<\/p>\n<p><img decoding=\"async\" src=\"https:\/\/www.europesays.com\/fi\/wp-content\/uploads\/2025\/11\/1764347772_274_468.jpg\" alt=\"Litku Klemetti Emma-Gaalassa 2023, Kuvassa Sussu Ketola 2. vasemmalta ja Litku Klemetti eli Sanna Klemetti toinen oikealta.\" class=\"_Img_1rerz_1\" style=\"aspect-ratio:1.5\" loading=\"eager\"\/><\/p>\n<p class=\"article-picture-caption\">Litku Klemetti Emma-Gaalassa 2023, Kuvassa Sussu Ketola 2. vasemmalta ja Litku Klemetti eli Sanna Klemetti toinen oikealta. Kuva:\u00a0Pete Aarre-Ahtio \/ IS<\/p>\n<p class=\"article-body mb-nof-24 px-nof-16\">Puukottajaa, 24-vuotiasta miest\u00e4 syytet\u00e4\u00e4n Pirkanmaan k\u00e4r\u00e4j\u00e4oikeudessa kahdesta murhan yrityksest\u00e4, laittomasta uhkauksesta ja kahdesta t\u00f6rke\u00e4st\u00e4 pahoinpitelyst\u00e4.<\/p>\n<p class=\"article-body mb-nof-24 px-nof-16\">Mies hy\u00f6kk\u00e4sti satunnaisesti valikoitujen uhriensa kimppuun torstaina 3. hein\u00e4kuuta Ratinan kauppakeskuksen edustalla. H\u00e4n ehti vahingoittaa tapahtuma-aikaan 34-, 40-, ja 52-vuotiaita naisia ja 35-vuotiasta miest\u00e4 puukolla.<\/p>\n<p class=\"article-body mb-nof-24 px-nof-16\">Koko puukotus oli poliisin mukaan ohi noin minuutissa.<\/p>\n<p><img decoding=\"async\" src=\"https:\/\/www.europesays.com\/fi\/wp-content\/uploads\/2025\/11\/1764347773_59_468.jpg\" alt=\"Puukottaja tallentui kaupan valvontakameraan ostaessaan puukon.\" class=\"_Img_1rerz_1\" style=\"aspect-ratio:1.4414414414414414\" loading=\"eager\"\/><\/p>\n<p class=\"article-picture-caption\">Puukottaja tallentui kaupan valvontakameraan ostaessaan puukon. Kuva:\u00a0Poliisi<\/p>\n<p class=\"article-body mb-nof-24 px-nof-16\">Puukottaja oli ostanut veitsen kahta p\u00e4iv\u00e4\u00e4 aiemmin ja h\u00e4nen tarkoituksenaan oli syytt\u00e4j\u00e4n mukaan menn\u00e4 julkiselle paikalle tappamaan ihmisi\u00e4. Mies oli kertonut muutamille ihmisille suunnitelmistaan ennen tekoaan. Syytetyn tavoitteena oli syytt\u00e4j\u00e4n mukaan vahingoittaa mahdollisimman montaa ihmist\u00e4.<\/p>\n<p class=\"article-body mb-nof-24 px-nof-16\">Tapahtumat ovat p\u00e4\u00e4asiassa riidattomat, mutta syytetty katsoo murhan yritysten sijaan syyllistyneens\u00e4 tapon yrityksiin.<\/p>\n<p class=\"article-body mb-nof-24 px-nof-16\">Oikeus m\u00e4\u00e4r\u00e4si miehen k\u00e4sittelyn p\u00e4\u00e4tteeksi mielentilatutkimukseen. Rikosnimikkeisiin ja rangaistukseen oikeus ottaa kantaa, kun mielentilatutkimus on valmis.<\/p>\n<p><img decoding=\"async\" src=\"https:\/\/www.europesays.com\/fi\/wp-content\/uploads\/2025\/11\/1764347773_247_468.jpg\" alt=\"Mies peitteli oikeudessa kasvojaan papereilla.\" class=\"_Img_1rerz_1\" style=\"aspect-ratio:1.3333333333333333\" loading=\"eager\"\/><\/p>\n<p class=\"article-picture-caption\">Mies peitteli oikeudessa kasvojaan papereilla. Kuva:\u00a0Juulia Hakulinen \/ IS<\/p>\n","protected":false},"excerpt":{"rendered":"Puukkohy\u00f6kk\u00e4\u00e4j\u00e4 k\u00e4vi muusikko Sussu Ketolan kimppuun t\u00e4ysin yll\u00e4tt\u00e4en kesken ostosreissun. 24-vuotias mies peitti kasvonsa oikeudessa perjantaina.Video: Juulia Hakulinen&hellip;\n","protected":false},"author":2,"featured_media":102522,"comment_status":"","ping_status":"","sticky":false,"template":"","format":"standard","meta":{"footnotes":""},"categories":[12],"tags":[22,23,26,27,33,31,30,17,34,24,25,28,29,15,18,21,32,19,20,16],"class_list":{"0":"post-102521","1":"post","2":"type-post","3":"status-publish","4":"format-standard","5":"has-post-thumbnail","7":"category-suomi","8":"tag-breaking-news","9":"tag-breakingnews","10":"tag-featured-news","11":"tag-featurednews","12":"tag-fi","13":"tag-finland","14":"tag-finnish","15":"tag-headlines","16":"tag-ilta-sanomat","17":"tag-latest-news","18":"tag-latestnews","19":"tag-main-news","20":"tag-mainnews","21":"tag-news","22":"tag-otsikot","23":"tag-paauutiset","24":"tag-suomi","25":"tag-top-stories","26":"tag-topstories","27":"tag-uutiset"},"share_on_mastodon":{"url":"","error":""},"_links":{"self":[{"href":"https:\/\/www.europesays.com\/fi\/wp-json\/wp\/v2\/posts\/102521","targetHints":{"allow":["GET"]}}],"collection":[{"href":"https:\/\/www.europesays.com\/fi\/wp-json\/wp\/v2\/posts"}],"about":[{"href":"https:\/\/www.europesays.com\/fi\/wp-json\/wp\/v2\/types\/post"}],"author":[{"embeddable":true,"href":"https:\/\/www.europesays.com\/fi\/wp-json\/wp\/v2\/users\/2"}],"replies":[{"embeddable":true,"href":"https:\/\/www.europesays.com\/fi\/wp-json\/wp\/v2\/comments?post=102521"}],"version-history":[{"count":0,"href":"https:\/\/www.europesays.com\/fi\/wp-json\/wp\/v2\/posts\/102521\/revisions"}],"wp:featuredmedia":[{"embeddable":true,"href":"https:\/\/www.europesays.com\/fi\/wp-json\/wp\/v2\/media\/102522"}],"wp:attachment":[{"href":"https:\/\/www.europesays.com\/fi\/wp-json\/wp\/v2\/media?parent=102521"}],"wp:term":[{"taxonomy":"category","embeddable":true,"href":"https:\/\/www.europesays.com\/fi\/wp-json\/wp\/v2\/categories?post=102521"},{"taxonomy":"post_tag","embeddable":true,"href":"https:\/\/www.europesays.com\/fi\/wp-json\/wp\/v2\/tags?post=102521"}],"curies":[{"name":"wp","href":"https:\/\/api.w.org\/{rel}","templated":true}]}}