{"id":102523,"date":"2025-11-28T16:37:10","date_gmt":"2025-11-28T16:37:10","guid":{"rendered":"https:\/\/www.europesays.com\/fi\/102523\/"},"modified":"2025-11-28T16:37:10","modified_gmt":"2025-11-28T16:37:10","slug":"ilkka-herola-palkintopallille-rukalla-ilta-sanomat","status":"publish","type":"post","link":"https:\/\/www.europesays.com\/fi\/102523\/","title":{"rendered":"Ilkka Herola palkintopallille Rukalla &#8211; Ilta-Sanomat"},"content":{"rendered":"<p>Ilkka Herola jys\u00e4ytti palkintopallille heti kauden avauskisassa. Ennusmerkit olympiakauteen ovat eritt\u00e4in lupaavat.<\/p>\n<p class=\"article-body mb-nof-24 px-nof-16\">Kuusamo<\/p>\n<p class=\"article-body mb-nof-24 px-nof-16\">Suomen yhdistetyn ykk\u00f6st\u00e4hti <a class=\"article-personlink\" href=\"https:\/\/www.is.fi\/haku\/?query=Ilkka%20Herola\" rel=\"nofollow noopener\" target=\"_blank\">Ilkka Herola<\/a>, 30, aloitti maailmancupin kauden komeasti perjantaina Rukalla.<\/p>\n<p class=\"article-body mb-nof-24 px-nof-16\">Herola tykitti kolmanneksi cupin avanneessa compact-kisassa. M\u00e4kiosuuden j\u00e4lkeen h\u00e4n oli viidenten\u00e4.<\/p>\n<p class=\"article-body mb-nof-24 px-nof-16\">Edelle ehtiv\u00e4t vain It\u00e4vallan <a class=\"article-personlink\" href=\"https:\/\/www.is.fi\/haku\/?query=Johannes%20Lamparter\" rel=\"nofollow noopener\" target=\"_blank\">Johannes Lamparter<\/a> ja Saksan <a class=\"article-personlink\" href=\"https:\/\/www.is.fi\/haku\/?query=Julian%20Schmid\" rel=\"nofollow noopener\" target=\"_blank\">Julian Schmid<\/a>.<\/p>\n<p class=\"article-body mb-nof-24 px-nof-16\">\u2013 Totta kai on hieno aloittaa kausi t\u00e4ll\u00e4 tavalla. Tiet\u00e4\u00e4, ett\u00e4 palikat ovat kohdallaan, Herola kertasi kisan j\u00e4lkeen.<\/p>\n<p class=\"article-body mb-nof-24 px-nof-16\">\u2013 Ei ollut mit\u00e4\u00e4n himmailua t\u00e4m\u00e4 kisa. V\u00e4h\u00e4n erikoinen kisa jopa, ettei kukaan j\u00e4\u00e4nyt odottelemaan loppukiri\u00e4.<\/p>\n<p><img decoding=\"async\" src=\"https:\/\/www.europesays.com\/fi\/wp-content\/uploads\/2025\/11\/1764347830_924_468.jpg\" alt=\"Herola ei ollut koskaan aiemmin noussut palkintopallille Rukan maailmancupissa.\" class=\"_Img_1rerz_1\" style=\"aspect-ratio:1.5\" loading=\"eager\"\/><\/p>\n<p class=\"article-picture-caption\">Herola ei ollut koskaan aiemmin noussut palkintopallille Rukan maailmancupissa. Kuva:\u00a0Antti H\u00e4m\u00e4l\u00e4inen\/IS<\/p>\n<p class=\"article-body mb-nof-24 px-nof-16\">Kyseess\u00e4 oli Herolan uran 16:s henkil\u00f6kohtainen palkintokorokesijoitus maailmancupissa mutta vasta ensimm\u00e4inen Rukalla.<\/p>\n<p class=\"article-body mb-nof-24 px-nof-16\">\u2013 Olihan se pitk\u00e4n ty\u00f6n takana, ett\u00e4 t\u00e4\u00e4ll\u00e4 pystyin kolmen joukkoon nousemaan. M\u00e4est\u00e4 se on tietenkin l\u00e4ht\u00f6isin. Hyv\u00e4\u00e4 hyppy\u00e4 ja my\u00f6s kelin suhteen tuuria vaatii.<\/p>\n<p class=\"article-body mb-nof-24 px-nof-16\">Herolan muutos viime aikoina kovaksi m\u00e4kimieheksi on ollut huima. Vuoden 2021 MM-hopeamies tunnettiin aiemmin l\u00e4hes yksinomaan kovana hiiht\u00e4j\u00e4n\u00e4, mutta nyky\u00e4\u00e4n homma kulkee my\u00f6s m\u00e4ess\u00e4.<\/p>\n<p class=\"article-body mb-nof-24 px-nof-16\">\u2013 Vaikea sanoa mit\u00e4\u00e4n yksitt\u00e4ist\u00e4 syyt\u00e4, mutta pitk\u00e4\u00e4n olen tehnyt sen eteen t\u00f6it\u00e4. Kehitys on tullut pienin\u00e4 palasina. Vuosien hidas muutos alkaa nyt n\u00e4ytt\u00e4\u00e4 tuloksia.<\/p>\n<p class=\"article-body mb-nof-24 px-nof-16\">\u2013 Edellisen kahden vuoden aikana olen pystynyt aika lailla vakioimaan sen tuolle tasolle. Hyv\u00e4 hypp\u00e4\u00e4minen on menestymisen edellytys. Kaikki k\u00e4rkiukot pystyv\u00e4t kuitenkin hiiht\u00e4m\u00e4\u00e4n niin kovasti, ettei en\u00e4\u00e4 pysty hiiht\u00e4m\u00e4\u00e4n isoja eroja kiinni.<\/p>\n<p><img decoding=\"async\" src=\"https:\/\/www.europesays.com\/fi\/wp-content\/uploads\/2025\/11\/1764347830_905_468.jpg\" alt=\"Kolmanneksi parhaana suomalaisena 35:nneksi sijoittunut Herman Happonen onnitteli Herolaa maalissa.\" class=\"_Img_1rerz_1\" style=\"aspect-ratio:1.5\" loading=\"eager\"\/><\/p>\n<p class=\"article-picture-caption\">Kolmanneksi parhaana suomalaisena 35:nneksi sijoittunut Herman Happonen onnitteli Herolaa maalissa. Kuva:\u00a0Antti H\u00e4m\u00e4l\u00e4inen\/IS<\/p>\n<p class=\"article-body mb-nof-24 px-nof-16\">Jo viime kaudella Herola ylsi maailmancupissa uransa parhaimpaan, kun loppusijoitus oli viides.<\/p>\n<p class=\"article-body mb-nof-24 px-nof-16\">Yhdistetyn pelikentt\u00e4 muuttui merkitt\u00e4v\u00e4sti t\u00e4ksi kaudeksi, kun lajin ylivertainen valtias, Norjan <a class=\"article-personlink\" href=\"https:\/\/www.is.fi\/haku\/?query=Jarl%20Magnus%20Riiber\" rel=\"nofollow noopener\" target=\"_blank\">Jarl Magnus Riiber<\/a> lopetti uransa. Se luonnollisesti nosti Herolan menestysmahdollisuuksia olympiatalveen.<\/p>\n<p class=\"article-body mb-nof-24 px-nof-16\">\u2013 Lamparter, Schmid sek\u00e4 Oftebron ja Retteneggerin veljekset ovat varmasti t\u00e4ll\u00e4 kaudella vakiokalustoa k\u00e4rkip\u00e4\u00e4ss\u00e4, Herola arvelee.<\/p>\n<p class=\"article-body mb-nof-24 px-nof-16\">Kuopion mies ei viel\u00e4 tied\u00e4, jatkaako edes uraansa t\u00e4m\u00e4n talven j\u00e4lkeen.<\/p>\n<p class=\"article-body mb-nof-24 px-nof-16\">\u2013 Olen min\u00e4 sit\u00e4 miettinyt. Mutta teen p\u00e4\u00e4t\u00f6ksen vasta kauden j\u00e4lkeen. T\u00e4m\u00e4 voi olla viimeinen kausi, mutta en ole viel\u00e4 p\u00e4\u00e4tt\u00e4nyt, Herola tuumi.<\/p>\n<p class=\"article-body mb-nof-24 px-nof-16\">Suomen komean kokonaispanoksen t\u00e4ydensi <a class=\"article-personlink\" href=\"https:\/\/www.is.fi\/haku\/?query=Eero%20Hirvonen\" rel=\"nofollow noopener\" target=\"_blank\">Eero Hirvonen<\/a> kahdeksannella sijallaan.<\/p>\n<p class=\"article-body mb-nof-24 px-nof-16\">Vaikealla viime kaudella Hirvonen ei ylt\u00e4nyt kertaakaan k\u00e4rkikymmenikk\u00f6\u00f6n maailmancupissa.<\/p>\n<p class=\"article-body mb-nof-24 px-nof-16\">\u2013 Olen eritt\u00e4in tyytyv\u00e4inen ja helpottunut. Viime viikonloppuna en pystynyt hiiht\u00e4m\u00e4\u00e4n viel\u00e4 kilpaa ollenkaan. Eilen viel\u00e4 avaavia tehoja tehdess\u00e4 tuntui, etten jaksa hiiht\u00e4\u00e4 kahtakaan minuuttia kilpavauhtia, Hirvonen sanoi viitaten viime viikonloppuna Suomen Cupiin.<\/p>\n<p class=\"article-body mb-nof-24 px-nof-16\">\u2013 Ei ollut maailman luottavaisin olo l\u00e4hte\u00e4 ladulle, mutta t\u00e4m\u00e4h\u00e4n oli eritt\u00e4in ehj\u00e4 kisap\u00e4iv\u00e4.<\/p>\n<p class=\"article-body mb-nof-24 px-nof-16\">Yhdistetyss\u00e4 kisataan Rukalla henkil\u00f6kohtaiset kilpailut viel\u00e4 lauantaina ja sunnuntaina.<\/p>\n<p><img decoding=\"async\" src=\"https:\/\/www.europesays.com\/fi\/wp-content\/uploads\/2025\/11\/1764347830_21_468.jpg\" alt=\"Hiihto-osuudelle 17. sijalta l\u00e4htenyt Hirvonen nousi komeasti ladulla.\" class=\"_Img_1rerz_1\" style=\"aspect-ratio:1.5\" loading=\"eager\"\/><\/p>\n<p class=\"article-picture-caption\">Hiihto-osuudelle 17. sijalta l\u00e4htenyt Hirvonen nousi komeasti ladulla. Kuva:\u00a0Antti H\u00e4m\u00e4l\u00e4inen\/IS<\/p>\n<p>7,5 km hiihto-osuus<\/p>\n<ol class=\"mb-nof-16 px-nof-16 article-ordered-list ordered-list\">\n<li class=\"ordered-list-item\">\n<p class=\"article-body\">Johannes Lamparter, It\u00e4valta 17.38,2<\/p>\n<\/li>\n<li class=\"ordered-list-item\">\n<p class=\"article-body\">Julian Schmid, Saksa +7,7<\/p>\n<\/li>\n<li class=\"ordered-list-item\">\n<p class=\"article-body\">Ilkka Herola, Suomi +17,0<\/p>\n<\/li>\n<li class=\"ordered-list-item\">\n<p class=\"article-body\">Kristjan Ilves, Viro +19,5<\/p>\n<\/li>\n<li class=\"ordered-list-item\">\n<p class=\"article-body\">Jens Oftebro, Norja +26,8<\/p>\n<\/li>\n<li class=\"ordered-list-item\">\n<p class=\"article-body\">Franz-Josef Rehrl, It\u00e4valta +30,5<\/p>\n<\/li>\n<li class=\"ordered-list-item\">\n<p class=\"article-body\">Thomas Rettenegger, It\u00e4valta +34,5<\/p>\n<\/li>\n<li class=\"ordered-list-item\">\n<p class=\"article-body\">Eero Hirvonen, Suomi +36,4<\/p>\n<\/li>\n<li class=\"ordered-list-item\">\n<p class=\"article-body\">Einar Oftebro, Norja +42,0<\/p>\n<\/li>\n<li class=\"ordered-list-item\">\n<p class=\"article-body\">Johannes Rydzek, Saksa +45,8<\/p>\n<\/li>\n<\/ol>\n","protected":false},"excerpt":{"rendered":"Ilkka Herola jys\u00e4ytti palkintopallille heti kauden avauskisassa. Ennusmerkit olympiakauteen ovat eritt\u00e4in lupaavat. Kuusamo Suomen yhdistetyn ykk\u00f6st\u00e4hti Ilkka Herola,&hellip;\n","protected":false},"author":2,"featured_media":102524,"comment_status":"","ping_status":"","sticky":false,"template":"","format":"standard","meta":{"footnotes":""},"categories":[5],"tags":[22,23,26,27,33,31,30,17,34,24,25,28,29,15,18,21,32,19,20,16],"class_list":{"0":"post-102523","1":"post","2":"type-post","3":"status-publish","4":"format-standard","5":"has-post-thumbnail","7":"category-otsikot","8":"tag-breaking-news","9":"tag-breakingnews","10":"tag-featured-news","11":"tag-featurednews","12":"tag-fi","13":"tag-finland","14":"tag-finnish","15":"tag-headlines","16":"tag-ilta-sanomat","17":"tag-latest-news","18":"tag-latestnews","19":"tag-main-news","20":"tag-mainnews","21":"tag-news","22":"tag-otsikot","23":"tag-paauutiset","24":"tag-suomi","25":"tag-top-stories","26":"tag-topstories","27":"tag-uutiset"},"share_on_mastodon":{"url":"https:\/\/pubeurope.com\/@fi\/115628307003946103","error":""},"_links":{"self":[{"href":"https:\/\/www.europesays.com\/fi\/wp-json\/wp\/v2\/posts\/102523","targetHints":{"allow":["GET"]}}],"collection":[{"href":"https:\/\/www.europesays.com\/fi\/wp-json\/wp\/v2\/posts"}],"about":[{"href":"https:\/\/www.europesays.com\/fi\/wp-json\/wp\/v2\/types\/post"}],"author":[{"embeddable":true,"href":"https:\/\/www.europesays.com\/fi\/wp-json\/wp\/v2\/users\/2"}],"replies":[{"embeddable":true,"href":"https:\/\/www.europesays.com\/fi\/wp-json\/wp\/v2\/comments?post=102523"}],"version-history":[{"count":0,"href":"https:\/\/www.europesays.com\/fi\/wp-json\/wp\/v2\/posts\/102523\/revisions"}],"wp:featuredmedia":[{"embeddable":true,"href":"https:\/\/www.europesays.com\/fi\/wp-json\/wp\/v2\/media\/102524"}],"wp:attachment":[{"href":"https:\/\/www.europesays.com\/fi\/wp-json\/wp\/v2\/media?parent=102523"}],"wp:term":[{"taxonomy":"category","embeddable":true,"href":"https:\/\/www.europesays.com\/fi\/wp-json\/wp\/v2\/categories?post=102523"},{"taxonomy":"post_tag","embeddable":true,"href":"https:\/\/www.europesays.com\/fi\/wp-json\/wp\/v2\/tags?post=102523"}],"curies":[{"name":"wp","href":"https:\/\/api.w.org\/{rel}","templated":true}]}}