{"id":102529,"date":"2025-11-28T16:49:12","date_gmt":"2025-11-28T16:49:12","guid":{"rendered":"https:\/\/www.europesays.com\/fi\/102529\/"},"modified":"2025-11-28T16:49:12","modified_gmt":"2025-11-28T16:49:12","slug":"kuhmolaislahtoinen-ainoa-tahtaa-musiikillaan-tahdeksi-biisintekijakumppanina-on-menestysbandista-tuttu-puoliso","status":"publish","type":"post","link":"https:\/\/www.europesays.com\/fi\/102529\/","title":{"rendered":"Kuhmolaisl\u00e4ht\u00f6inen Ainoa t\u00e4ht\u00e4\u00e4 musiikillaan t\u00e4hdeksi \u2013 biisintekij\u00e4kumppanina on menestysb\u00e4ndist\u00e4 tuttu puoliso"},"content":{"rendered":"<p>                                  Kulttuuri<\/p>\n<p>                <img loading=\"lazy\" decoding=\"async\" itemprop=\"contentUrl\" class=\"figure-img img-fluid\"  src=\"https:\/\/www.europesays.com\/fi\/wp-content\/uploads\/2025\/11\/1764348552_250_imengine.public.prod.hil.infomaker.io\" width=\"4080\" height=\"2295\"  alt=\"\"\/><\/p>\n<p>                                    Kuhmolaisl\u00e4ht\u00f6inen Minna Heikkinen on julkaissut reilun vuoden ajan omaa musiikkia artistinimell\u00e4 Ainoa. Nyt ulkona on nelj\u00e4s single Tykkylumipuita.<br \/>\n                                                    Kuva:<br \/>\n                    Katja Mabrouk<\/p>\n<p>      MAINOS &#8211; juttu jatkuu mainoksen j\u00e4lkeen<\/p>\n<p>      MAINOS &#8211; mainos p\u00e4\u00e4ttyy<\/p>\n<p class=\"ew-body\">Ainoa eli <strong id=\"strong-86786131afb5ba5dd3162f69820f34d3\">Minna Heikkinen<\/strong> pyyt\u00e4\u00e4 uudella Tykkylumipuita-singlell\u00e4\u00e4n, ett\u00e4 h\u00e4net viet\u00e4isiin sinne, miss\u00e4 t\u00e4htitaivas ei ole valolla saastunutta.<\/p>\n<p class=\"ew-body\">Biisiss\u00e4 kaipuun kohteena on Kainuu.<\/p>\n<p class=\"ew-body\">Kuhmolaisl\u00e4ht\u00f6inen, artistiuraansa aloitteleva Heikkinen muutti puolisonsa kanssa viisi vuotta sitten Helsinkiin, kun h\u00e4n<\/p>\n<p>  <a class=\"btn btn-secondary btn-icon-left\" href=\"#coral_thread\"><br \/>\n    <img decoding=\"async\" src=\"https:\/\/www.kainuunsanomat.fi\/wp-content\/themes\/hilla-theme\/assets\/img\/icon_comments.svg\" alt=\"\"\/><br \/>\n    Kommentoi<br \/>\n    \u00a0(0)<br \/>\n  <\/a><\/p>\n<p>  <a class=\"btn btn-secondary btn-icon-left mailto_web\" href=\"mailto:toimitus@kainuunsanomat.fi?subject=Ilmoita%20asiavirheest%C3%A4&amp;body=Otsikko%3A%20Kuhmolaisl%C3%A4ht%C3%B6inen%20Ainoa%20t%C3%A4ht%C3%A4%C3%A4%20musiikillaan%20t%C3%A4hdeksi%20%E2%80%93%20biisintekij%C3%A4kumppanina%20on%20menestysb%C3%A4ndist%C3%A4%20tuttu%20puoliso%0AUuid%3A%204f60f6ec-cc89-4cdb-9f25-ec8559f0ae68%0AUrl%3A%20https%3A%2F%2Fwww.kainuunsanomat.fi%2Fartikkeli%2Fkuhmolaislahtoinen-ainoa-tahtaa-musiikillaan-tahdeksi-biisintekijakumppanina-on-menestysbandista-t\"><br \/>\n    <img decoding=\"async\" src=\"https:\/\/www.kainuunsanomat.fi\/wp-content\/themes\/hilla-theme\/assets\/img\/icon_feedback.svg\" alt=\"\"\/><br \/>\n    Ilmoita asiavirheest\u00e4<br \/>\n  <\/a><\/p>\n","protected":false},"excerpt":{"rendered":"Kulttuuri Kuhmolaisl\u00e4ht\u00f6inen Minna Heikkinen on julkaissut reilun vuoden ajan omaa musiikkia artistinimell\u00e4 Ainoa. Nyt ulkona on nelj\u00e4s single&hellip;\n","protected":false},"author":2,"featured_media":102530,"comment_status":"","ping_status":"","sticky":false,"template":"","format":"standard","meta":{"footnotes":""},"categories":[136],"tags":[407,137,33,31,30,408,32,109],"class_list":{"0":"post-102529","1":"post","2":"type-post","3":"status-publish","4":"format-standard","5":"has-post-thumbnail","7":"category-julkkikset","8":"tag-celebrities","9":"tag-entertainment","10":"tag-fi","11":"tag-finland","12":"tag-finnish","13":"tag-julkkikset","14":"tag-suomi","15":"tag-viihde"},"share_on_mastodon":{"url":"https:\/\/pubeurope.com\/@fi\/115628354168757990","error":""},"_links":{"self":[{"href":"https:\/\/www.europesays.com\/fi\/wp-json\/wp\/v2\/posts\/102529","targetHints":{"allow":["GET"]}}],"collection":[{"href":"https:\/\/www.europesays.com\/fi\/wp-json\/wp\/v2\/posts"}],"about":[{"href":"https:\/\/www.europesays.com\/fi\/wp-json\/wp\/v2\/types\/post"}],"author":[{"embeddable":true,"href":"https:\/\/www.europesays.com\/fi\/wp-json\/wp\/v2\/users\/2"}],"replies":[{"embeddable":true,"href":"https:\/\/www.europesays.com\/fi\/wp-json\/wp\/v2\/comments?post=102529"}],"version-history":[{"count":0,"href":"https:\/\/www.europesays.com\/fi\/wp-json\/wp\/v2\/posts\/102529\/revisions"}],"wp:featuredmedia":[{"embeddable":true,"href":"https:\/\/www.europesays.com\/fi\/wp-json\/wp\/v2\/media\/102530"}],"wp:attachment":[{"href":"https:\/\/www.europesays.com\/fi\/wp-json\/wp\/v2\/media?parent=102529"}],"wp:term":[{"taxonomy":"category","embeddable":true,"href":"https:\/\/www.europesays.com\/fi\/wp-json\/wp\/v2\/categories?post=102529"},{"taxonomy":"post_tag","embeddable":true,"href":"https:\/\/www.europesays.com\/fi\/wp-json\/wp\/v2\/tags?post=102529"}],"curies":[{"name":"wp","href":"https:\/\/api.w.org\/{rel}","templated":true}]}}