{"id":102531,"date":"2025-11-28T16:52:09","date_gmt":"2025-11-28T16:52:09","guid":{"rendered":"https:\/\/www.europesays.com\/fi\/102531\/"},"modified":"2025-11-28T16:52:09","modified_gmt":"2025-11-28T16:52:09","slug":"ansku-bergstrom-kavi-treffeilla-aikamoinen-kokemus","status":"publish","type":"post","link":"https:\/\/www.europesays.com\/fi\/102531\/","title":{"rendered":"Ansku Bergstr\u00f6m k\u00e4vi treffeill\u00e4 \u2013 \u201dAikamoinen kokemus\u201d"},"content":{"rendered":"<p>Tanssinopettaja <strong>Ansku Bergstr\u00f6m<\/strong> erosi vuoden alussa. H\u00e4nell\u00e4 on ollut uusi rakas jo jonkin aikaa. H\u00e4n ei ole paljastanut somejulkaisuissaan kuka h\u00e4n on. Paljastuksia on silti saatu esimerkiksi siit\u00e4, millainen luonne h\u00e4nell\u00e4 on.<\/p>\n<p>Lue my\u00f6s: <a href=\"https:\/\/www.como.fi\/uutiset\/ansku-bergstrom-esittelee-rakkaansa\/\" title=\"Ansku Bergstr\u00f6m esittelee rakkaansa\" class=\"underline-custom !font-montserrat !font-bold !underline-offset-4 !decoration-4 !decoration-red-600 !text-md\" rel=\"nofollow noopener\" target=\"_blank\">Ansku Bergstr\u00f6m esittelee rakkaansa<\/a><\/p>\n<p>\u2013 H\u00e4n on huolehtivainen, rakastava, super hauska, hyv\u00e4 tekeen ruokaa, tykk\u00e4\u00e4 tatuoinneista sek\u00e4 tykk\u00e4\u00e4 sportata! kertoi Ansku jokin aika sitten rakkaastaan.<\/p>\n<p>Anskun yksi paljastus uudesta suhteestaan on se, kuinka pari k\u00e4y torstaisin treffeill\u00e4. Viime viikolla se tarkoitti ruuantekoa kotona. Nyt t\u00e4n\u00e4\u00e4n pari oli tehnyt jotain ihan muuta.<\/p>\n<p>\u2013 P\u00e4\u00e4dyttiin sitten pakohuoneeseen. Olihan se aikamoinen kokemus\u2026Alkuun oli pient\u00e4 s\u00e4\u00e4t\u00f6\u00e4, koska m\u00e4\u00e4 oon p\u00e4\u00e4ttelyteht\u00e4viss\u00e4 todella huono aikaa meni v\u00e4h\u00e4n turhaan mun s\u00e4\u00e4t\u00e4miseen\u2026yritin ep\u00e4toivoisesti tunkea avainta lukkoon mihin sit\u00e4 ei ollut todellakaan tarkoitettu, kertoo Ansku erikoisista treffeist\u00e4\u00e4n.<\/p>\n<p>Pari ei ollut onnistunut teht\u00e4v\u00e4ss\u00e4 t\u00e4ydellisesti, mutta jokin oli sujunut my\u00f6s hyvin. <\/p>\n<p>\u2013 Toimittiin hyvin yhteen esim. morsetus \u00e4\u00e4nen kuuntelu oli mulle helpompaa ja pystyin keskittym\u00e4\u00e4n siihen, kun toinen osapuoli oli aivot ja mietti \u00e4lyll\u00e4. Yhteisty\u00f6 toimi ja p\u00e4\u00e4stiin 3 huonetta eteenp\u00e4in\u2026MUTTA aika loppui, paljastaa Ansku, miten k\u00e4vi.<\/p>\n<p>Treffit sujuivat hyvin, vaikka teht\u00e4v\u00e4 ei onnistunutkaan<\/p>\n<p>Ansku on silti tyytyv\u00e4inen treffeihins\u00e4, vaikka teht\u00e4v\u00e4 ei onnistunutkaan.<\/p>\n<p>\u2013 T\u00e4\u00e4 oli silti super hauskaa ja nyt voi nauraa, kun on p\u00e4\u00e4ssyt pahimman pettymyksen yli. Ens viikolla uusia juttuja, toteaa Ansku.<\/p>\n<p>Videossa n\u00e4hd\u00e4\u00e4n Anskun rakastakin, mutta ei t\u00e4ll\u00e4k\u00e4\u00e4n kerralla h\u00e4nen kasvojaan.<\/p>\n<p>Jos upotus ei n\u00e4y, avaa se auki <a href=\"https:\/\/www.instagram.com\/reel\/DRkDHwGjGJN\/?utm_source=ig_web_copy_link&amp;igsh=MzRlODBiNWFlZA==\" target=\"_blank\" rel=\"noreferrer noopener nofollow\">t\u00e4st\u00e4<\/a>.<\/p>\n<p>Lue my\u00f6s: <a href=\"https:\/\/www.como.fi\/tilaa-comon-uutiskirje\/\" title=\"Tilaa Comon uutiskirje ja tied\u00e4t mist\u00e4 kahvitauolla puhutaan! Nappaa kotimaan tv-vinkit ja puheenaiheet suoraan s\u00e4hk\u00f6postiin t\u00e4st\u00e4.\" class=\"underline-custom !font-montserrat !font-bold !underline-offset-4 !decoration-4 !decoration-red-600 !text-md\" rel=\"nofollow noopener\" target=\"_blank\">Tilaa Comon uutiskirje ja tied\u00e4t mist\u00e4 kahvitauolla puhutaan! Nappaa kotimaan tv-vinkit ja puheenaiheet suoraan s\u00e4hk\u00f6postiin t\u00e4st\u00e4.<\/a><\/p>\n<p>\t\t\t\t<script async src=\"\/\/www.instagram.com\/embed.js\"><\/script><\/p>\n","protected":false},"excerpt":{"rendered":"Tanssinopettaja Ansku Bergstr\u00f6m erosi vuoden alussa. H\u00e4nell\u00e4 on ollut uusi rakas jo jonkin aikaa. H\u00e4n ei ole paljastanut&hellip;\n","protected":false},"author":2,"featured_media":57476,"comment_status":"","ping_status":"","sticky":false,"template":"","format":"standard","meta":{"footnotes":""},"categories":[133],"tags":[2667,137,33,31,30,32,206,156,109],"class_list":{"0":"post-102531","1":"post","2":"type-post","3":"status-publish","4":"format-standard","5":"has-post-thumbnail","7":"category-televisiot","8":"tag-ansku-bergstru00f6m","9":"tag-entertainment","10":"tag-fi","11":"tag-finland","12":"tag-finnish","13":"tag-suomi","14":"tag-televisiot","15":"tag-tv","16":"tag-viihde"},"share_on_mastodon":{"url":"https:\/\/pubeurope.com\/@fi\/115628365808715282","error":""},"_links":{"self":[{"href":"https:\/\/www.europesays.com\/fi\/wp-json\/wp\/v2\/posts\/102531","targetHints":{"allow":["GET"]}}],"collection":[{"href":"https:\/\/www.europesays.com\/fi\/wp-json\/wp\/v2\/posts"}],"about":[{"href":"https:\/\/www.europesays.com\/fi\/wp-json\/wp\/v2\/types\/post"}],"author":[{"embeddable":true,"href":"https:\/\/www.europesays.com\/fi\/wp-json\/wp\/v2\/users\/2"}],"replies":[{"embeddable":true,"href":"https:\/\/www.europesays.com\/fi\/wp-json\/wp\/v2\/comments?post=102531"}],"version-history":[{"count":0,"href":"https:\/\/www.europesays.com\/fi\/wp-json\/wp\/v2\/posts\/102531\/revisions"}],"wp:featuredmedia":[{"embeddable":true,"href":"https:\/\/www.europesays.com\/fi\/wp-json\/wp\/v2\/media\/57476"}],"wp:attachment":[{"href":"https:\/\/www.europesays.com\/fi\/wp-json\/wp\/v2\/media?parent=102531"}],"wp:term":[{"taxonomy":"category","embeddable":true,"href":"https:\/\/www.europesays.com\/fi\/wp-json\/wp\/v2\/categories?post=102531"},{"taxonomy":"post_tag","embeddable":true,"href":"https:\/\/www.europesays.com\/fi\/wp-json\/wp\/v2\/tags?post=102531"}],"curies":[{"name":"wp","href":"https:\/\/api.w.org\/{rel}","templated":true}]}}