{"id":102532,"date":"2025-11-28T16:56:08","date_gmt":"2025-11-28T16:56:08","guid":{"rendered":"https:\/\/www.europesays.com\/fi\/102532\/"},"modified":"2025-11-28T16:56:08","modified_gmt":"2025-11-28T16:56:08","slug":"ilkka-herola-kolmas-rukalla-yhdistetyn-maailmancup-avauksessa","status":"publish","type":"post","link":"https:\/\/www.europesays.com\/fi\/102532\/","title":{"rendered":"Ilkka Herola kolmas Rukalla yhdistetyn maailmancup-avauksessa"},"content":{"rendered":"<p><strong class=\"typography-bold\">Ilkka Herola nousi kolmanneksi yhdistetyn maailmancupin avanneessa kilpailussa Rukalla.<\/strong><\/p>\n<p><a class=\"underline\" data-testid=\"internal-link\" role=\"link\" data-sentry-element=\"Link\" data-sentry-component=\"InternalLink\" data-sentry-source-file=\"InternalLink.tsx\" href=\"https:\/\/www.mtvuutiset.fi\/artikkeli\/voittotaisteluun-ilkka-herolalta-upea-hyppy\/9262682\" rel=\"nofollow noopener\" target=\"_blank\">Hienosti hyp\u00e4nnyt Ilkka Herola<\/a> l\u00e4hti 7,5 kilometrin mittaiselle hiihto-osuudelle viidennelt\u00e4 sijalta. Suomalainen nousi kahdella pyk\u00e4l\u00e4ll\u00e4 ja pokkasi Rukalla palkintokoropaikan kolmossijalla.<\/p>\n<p>It\u00e4vallan <strong class=\"typography-bold\">Johannes Lamparter<\/strong> kampesi m\u00e4kiosuuden j\u00e4lkeiselt\u00e4 toiselta sijalta voittoon. Toiseksi sijoittui Saksan <strong class=\"typography-bold\">Julian Schmid<\/strong>, joka oli m\u00e4en j\u00e4lkeen nelj\u00e4nten\u00e4.\u00a0<\/p>\n<p>Schmid hiihti maaliin 7,7 ja Herola 17 sekuntia Lamparterin j\u00e4lkeen.<\/p>\n<p><strong class=\"typography-bold\">Eero Hirvonen<\/strong> sijoittui kahdeksanneksi. H\u00e4n teki hiihto-osuudella yhdeks\u00e4n sijan nousun.<\/p>\n<p>Herola oli aiemmin ylt\u00e4nyt Rukan maailmancupissa parhaimmillaan nelj\u00e4nneksi vuosi sitten. H\u00e4n saavutti viime kaudella ensimm\u00e4isen henkil\u00f6kohtaisen maailmancup-osakilpailuvoittonsa Oslossa.<\/p>\n","protected":false},"excerpt":{"rendered":"Ilkka Herola nousi kolmanneksi yhdistetyn maailmancupin avanneessa kilpailussa Rukalla. Hienosti hyp\u00e4nnyt Ilkka Herola l\u00e4hti 7,5 kilometrin mittaiselle hiihto-osuudelle&hellip;\n","protected":false},"author":2,"featured_media":102533,"comment_status":"","ping_status":"","sticky":false,"template":"","format":"standard","meta":{"footnotes":""},"categories":[158],"tags":[33,31,30,159,32,160],"class_list":{"0":"post-102532","1":"post","2":"type-post","3":"status-publish","4":"format-standard","5":"has-post-thumbnail","7":"category-urheilu","8":"tag-fi","9":"tag-finland","10":"tag-finnish","11":"tag-sports","12":"tag-suomi","13":"tag-urheilu"},"share_on_mastodon":{"url":"https:\/\/pubeurope.com\/@fi\/115628381643432617","error":""},"_links":{"self":[{"href":"https:\/\/www.europesays.com\/fi\/wp-json\/wp\/v2\/posts\/102532","targetHints":{"allow":["GET"]}}],"collection":[{"href":"https:\/\/www.europesays.com\/fi\/wp-json\/wp\/v2\/posts"}],"about":[{"href":"https:\/\/www.europesays.com\/fi\/wp-json\/wp\/v2\/types\/post"}],"author":[{"embeddable":true,"href":"https:\/\/www.europesays.com\/fi\/wp-json\/wp\/v2\/users\/2"}],"replies":[{"embeddable":true,"href":"https:\/\/www.europesays.com\/fi\/wp-json\/wp\/v2\/comments?post=102532"}],"version-history":[{"count":0,"href":"https:\/\/www.europesays.com\/fi\/wp-json\/wp\/v2\/posts\/102532\/revisions"}],"wp:featuredmedia":[{"embeddable":true,"href":"https:\/\/www.europesays.com\/fi\/wp-json\/wp\/v2\/media\/102533"}],"wp:attachment":[{"href":"https:\/\/www.europesays.com\/fi\/wp-json\/wp\/v2\/media?parent=102532"}],"wp:term":[{"taxonomy":"category","embeddable":true,"href":"https:\/\/www.europesays.com\/fi\/wp-json\/wp\/v2\/categories?post=102532"},{"taxonomy":"post_tag","embeddable":true,"href":"https:\/\/www.europesays.com\/fi\/wp-json\/wp\/v2\/tags?post=102532"}],"curies":[{"name":"wp","href":"https:\/\/api.w.org\/{rel}","templated":true}]}}