{"id":102537,"date":"2025-11-28T17:02:09","date_gmt":"2025-11-28T17:02:09","guid":{"rendered":"https:\/\/www.europesays.com\/fi\/102537\/"},"modified":"2025-11-28T17:02:09","modified_gmt":"2025-11-28T17:02:09","slug":"tunnettu-startup-sijoittaja-myy-osakkeitaan-yli-10-miljoonalla-eurolla-frameryn-porssiinmenossa","status":"publish","type":"post","link":"https:\/\/www.europesays.com\/fi\/102537\/","title":{"rendered":"Tunnettu startup-sijoittaja myy osakkeitaan yli 10 miljoonalla eurolla Frameryn p\u00f6rssiinmenossa"},"content":{"rendered":"<p>Framery|Startup-sijoittaja Kim V\u00e4is\u00e4nen myy Frameryn listautumisen yhteydess\u00e4 noin kolmanneksen osakkeistaan.<\/p>\n<p>Lue tiivistelm\u00e4<\/p>\n<p>Tiivistelm\u00e4 on teko\u00e4lyn tekem\u00e4 ja ihmisen tarkistama.<\/p>\n<p class=\"article-body mb-nof-24 px-nof-16 sndp-summary-bullet-point-font\">Startup-sijoittaja Kim V\u00e4is\u00e4nen myy puhelinkoppi- ja ty\u00f6tilavalmistaja Frameryn osakkeita 11-12 miljoonalla eurolla yhti\u00f6n listautumisannissa.<\/p>\n<p class=\"article-body mb-nof-24 px-nof-16 sndp-summary-bullet-point-font\">V\u00e4is\u00e4nen sijoitti Frameryn alkuvaiheessa vuonna 2014 ja myy nyt noin kolmanneksen omistuksestaan.<\/p>\n<p class=\"article-body mb-nof-24 px-nof-16 sndp-summary-bullet-point-font\">V\u00e4is\u00e4nen kertoo sijoittavansa Framery-miljooniaan eteenp\u00e4in uusiin startup-yrityksiin.<\/p>\n<p class=\"article-body mb-nof-24 px-nof-16\">Startup-sijoittaja ja tv-viihdeohjelmista tuttu <a class=\"article-personlink\" href=\"https:\/\/www.hs.fi\/haku\/?query=Kim%20V%C3%A4is%C3%A4nen\" rel=\"nofollow noopener\" target=\"_blank\">Kim V\u00e4is\u00e4nen<\/a> aikoo myyd\u00e4 Frameryn osakkeita yli kymmenen miljoonaan euron arvosta tamperelaisyhti\u00f6n listautumis\u00adannissa.<\/p>\n<p class=\"article-body mb-nof-24 px-nof-16\">\u00c4\u00e4nieristettyj\u00e4 puhelinkoppeja ja ty\u00f6tiloja valmistava Framery ilmoitti perjantaina keskeytt\u00e4v\u00e4ns\u00e4 listaumisantinsa moninkertaisen ylimerkinn\u00e4n takia. Osakeannin ja -myynnin lopullinen tulos julkistetaan maanantaina.<\/p>\n<p class=\"article-body mb-nof-24 px-nof-16\">Yhti\u00f6n tavoitteena on ker\u00e4t\u00e4 listautumisannissa noin 20 miljoonan euron bruttovarat laskemalla liikkeeseen uusia osakkeita. Lis\u00e4ksi yhti\u00f6n nykyiset omistajat myyv\u00e4t osakkeitaan noin 180 miljoonan euron arvosta.<\/p>\n<p class=\"article-body mb-nof-24 px-nof-16\">Frameryn listautumisesitteen mukaan V\u00e4is\u00e4nen on myym\u00e4ss\u00e4 listautumisannin yhteydess\u00e4 noin 1,6 miljoonaa kappaletta yhti\u00f6n osakkeita.<\/p>\n<p class=\"article-body mb-nof-24 px-nof-16\">Listautumisannin merkint\u00e4hinta on 7,30\u20138 euroa osaketta kohden, joten V\u00e4is\u00e4nen on saamassa Frameryn osakemyynneist\u00e4\u00e4n 11,4\u201312,5 miljoonaa euroa.<\/p>\n<p class=\"article-body mb-nof-24 px-nof-16\">V\u00e4is\u00e4nen on Frameryn alkuvaiheen sijoittajia. H\u00e4n sijoitti Frameryn takavuosien tiedotteen mukaan yhti\u00f6\u00f6n 450\u202f000 euroa jo vuonna 2014.<\/p>\n<p class=\"article-body mb-nof-24 px-nof-16\">\u201dOlen ollut Frameryn osakkeenomistaja yksitoista vuotta. Ihmiset k\u00e4sitt\u00e4v\u00e4t startup-sijoittamisen yleens\u00e4 v\u00e4\u00e4rin eli he luulevat, ett\u00e4 tuotot tulevat nopeasti. Konkurssit tapahtuvat kyll\u00e4 nopeasti\u201d, V\u00e4is\u00e4nen sanoo.<\/p>\n<p class=\"article-body mb-nof-24 px-nof-16\">\u201dVanha sanonta pit\u00e4\u00e4 ik\u00e4v\u00e4 kyll\u00e4 startup&#8211;sijoittamisessa paikkansa: voitot tehd\u00e4\u00e4n hitaasti ja tappiot nopeasti.\u201d<\/p>\n<p class=\"article-body mb-nof-24 px-nof-16\">V\u00e4is\u00e4nen sanoo, ett\u00e4 Frameryll\u00e4 on harvinaisen ammattitaitoinen johto ja kehuu sit\u00e4, ettei yritys ole l\u00e4htenyt r\u00f6nsyilem\u00e4\u00e4n.<\/p>\n<p class=\"article-body mb-nof-24 px-nof-16\">\u201dFramery on ollut hyv\u00e4 sijoitus, ja uskon, ett\u00e4 se tulevaisuudessa viel\u00e4 parempi sijoitus. Yhti\u00f6 on niin sanottuja kategoriajohtajia, jotka ovat omassa markkinasegmentiss\u00e4\u00e4n ykk\u00f6si\u00e4.\u201d<\/p>\n<p class=\"article-body mb-nof-24 px-nof-16\">V\u00e4is\u00e4nen on t\u00e4ll\u00e4 hetkell\u00e4 ennen listautumisannin toteutumista Frameryn kuudenneksi suurin omistaja 5,6 prosentin omistusosuudella. Nyt h\u00e4n on myym\u00e4ss\u00e4 Frameryn osakkeistaan noin kolmanneksen.<\/p>\n<p class=\"article-body mb-nof-24 px-nof-16\">V\u00e4is\u00e4nen ei ole ainoa Frameryn nykyinen omistaja, joka v\u00e4hent\u00e4\u00e4 omistuksiaan yhti\u00f6st\u00e4. Esimerkiksi yhti\u00f6n p\u00e4\u00e4omistaja, p\u00e4\u00e4omasijoitusyhti\u00f6 Vakaa Partners aikoo myyd\u00e4 osakkeistaan niin ik\u00e4\u00e4n noin kolmanneksen yli 70 miljoonalla eurolla.<\/p>\n<p class=\"article-body mb-nof-24 px-nof-16\">V\u00e4is\u00e4nen vaurastui alunperin vuonna 2014, kun h\u00e4nen perustamansa tiedon\u00adh\u00e4vitysyhti\u00f6 Blancco myytiin 60 miljoonalla eurolla brittil\u00e4iselle Regenersisille. H\u00e4n omisti yhti\u00f6st\u00e4 40 prosenttia.<\/p>\n<p class=\"article-body mb-nof-24 px-nof-16\">Yrityskaupan j\u00e4lkeen sijoittajaksi ryhtynyt V\u00e4is\u00e4nen on t\u00e4h\u00e4n menness\u00e4 tehnyt noin 150 startup-sijoitusta noin 50 yritykseen noin 15 miljoonalla eurolla. H\u00e4n kertoo laittavansa Framery-miljooniaan eteenp\u00e4in uusiin startup-sijoituksiin.<\/p>\n<p class=\"article-body mb-nof-24 px-nof-16\">\u201dKyll\u00e4 siit\u00e4 palautuu suomalaisille startup-ekosysteemin ihan hyv\u00e4 osa\u201d, V\u00e4is\u00e4nen sanoo.<\/p>\n<p class=\"article-body mb-nof-24 px-nof-16\">\u201dMinulla ei ole niin sanotusti <a class=\"article-personlink\" href=\"https:\/\/www.hs.fi\/haku\/?query=Larry%20Ellisonin\" rel=\"nofollow noopener\" target=\"_blank\">Larry Ellisonin<\/a> menoja, eik\u00e4 minulla ei ole mink\u00e4\u00e4nlaista suurta tarvetta rahoille omassa kulutusk\u00e4ytt\u00e4ytymisess\u00e4ni\u201d.<\/p>\n<p class=\"article-body mb-nof-24 px-nof-16\">Amerikkalaismiljard\u00f6\u00f6ri Larry Ellison on ohjelmistoyhti\u00f6 Oraclen perustaja ja yksi maailman rikkaimmista ihmisist\u00e4.<\/p>\n<p class=\"article-body mb-nof-24 px-nof-16\">V\u00e4is\u00e4nen tuli suurelle yleis\u00f6lle tunnetuksi, kun h\u00e4n oli yksi viidest\u00e4 bisnesenkelist\u00e4 Leijonan luola -viihdeohjelmassa. H\u00e4n on ollut mukana ohjelmassa useammalla kaudella.<\/p>\n<p><img decoding=\"async\" src=\"https:\/\/www.europesays.com\/fi\/wp-content\/uploads\/2025\/11\/1764349329_928_468.jpg\" alt=\"Elias Aalto, Jenni Kynn\u00f6s, Kim V\u00e4is\u00e4nen, Roni B\u00e4ck ja Inka Mero Leijonan luola -ohjelman kuvauksissa vuonna 2024.\" class=\"_Img_1rerz_1\" style=\"aspect-ratio:1.5011727912431587\" loading=\"eager\"\/><\/p>\n<p class=\"article-picture-caption\">Elias Aalto, Jenni Kynn\u00f6s, Kim V\u00e4is\u00e4nen, Roni B\u00e4ck ja Inka Mero Leijonan luola -ohjelman kuvauksissa vuonna 2024. Kuva:\u00a0Aleksi Jalava \/ IS<\/p>\n","protected":false},"excerpt":{"rendered":"Framery|Startup-sijoittaja Kim V\u00e4is\u00e4nen myy Frameryn listautumisen yhteydess\u00e4 noin kolmanneksen osakkeistaan. Lue tiivistelm\u00e4 Tiivistelm\u00e4 on teko\u00e4lyn tekem\u00e4 ja ihmisen&hellip;\n","protected":false},"author":2,"featured_media":102538,"comment_status":"","ping_status":"","sticky":false,"template":"","format":"standard","meta":{"footnotes":""},"categories":[76],"tags":[79,77,33,31,30,46,32,78],"class_list":{"0":"post-102537","1":"post","2":"type-post","3":"status-publish","4":"format-standard","5":"has-post-thumbnail","7":"category-talous","8":"tag-business","9":"tag-economy","10":"tag-fi","11":"tag-finland","12":"tag-finnish","13":"tag-helsingin-sanomat","14":"tag-suomi","15":"tag-talous"},"share_on_mastodon":{"url":"https:\/\/pubeurope.com\/@fi\/115628405442292019","error":""},"_links":{"self":[{"href":"https:\/\/www.europesays.com\/fi\/wp-json\/wp\/v2\/posts\/102537","targetHints":{"allow":["GET"]}}],"collection":[{"href":"https:\/\/www.europesays.com\/fi\/wp-json\/wp\/v2\/posts"}],"about":[{"href":"https:\/\/www.europesays.com\/fi\/wp-json\/wp\/v2\/types\/post"}],"author":[{"embeddable":true,"href":"https:\/\/www.europesays.com\/fi\/wp-json\/wp\/v2\/users\/2"}],"replies":[{"embeddable":true,"href":"https:\/\/www.europesays.com\/fi\/wp-json\/wp\/v2\/comments?post=102537"}],"version-history":[{"count":0,"href":"https:\/\/www.europesays.com\/fi\/wp-json\/wp\/v2\/posts\/102537\/revisions"}],"wp:featuredmedia":[{"embeddable":true,"href":"https:\/\/www.europesays.com\/fi\/wp-json\/wp\/v2\/media\/102538"}],"wp:attachment":[{"href":"https:\/\/www.europesays.com\/fi\/wp-json\/wp\/v2\/media?parent=102537"}],"wp:term":[{"taxonomy":"category","embeddable":true,"href":"https:\/\/www.europesays.com\/fi\/wp-json\/wp\/v2\/categories?post=102537"},{"taxonomy":"post_tag","embeddable":true,"href":"https:\/\/www.europesays.com\/fi\/wp-json\/wp\/v2\/tags?post=102537"}],"curies":[{"name":"wp","href":"https:\/\/api.w.org\/{rel}","templated":true}]}}