{"id":102539,"date":"2025-11-28T17:03:10","date_gmt":"2025-11-28T17:03:10","guid":{"rendered":"https:\/\/www.europesays.com\/fi\/102539\/"},"modified":"2025-11-28T17:03:10","modified_gmt":"2025-11-28T17:03:10","slug":"unkari-saa-jatkossakin-energiansa-venajalta-nain-orban-myhaili-ja-katteli-putinia-mtvuutiset-fi","status":"publish","type":"post","link":"https:\/\/www.europesays.com\/fi\/102539\/","title":{"rendered":"Unkari saa jatkossakin energiansa Ven\u00e4j\u00e4lt\u00e4: N\u00e4in Orban myh\u00e4ili ja k\u00e4tteli Putinia &#8211; mtvuutiset.fi"},"content":{"rendered":"<ol>\n<li><a href=\"https:\/\/news.google.com\/rss\/articles\/CBMiwwFBVV95cUxPTEM1ZTRjZ1RtQ0QydVU2Ql91T0ZRbDU4YlJVcnFaVnBqSC1CaHZzcTBxTExhbklsS0c3dnQzNlV3S1BQREFQTUJuNkxVX3RjMzNmbmpJUDlHMUl0OUd1ZDBJc0hkT1lqYjFfSi0ydzR1OGlQUUZHLTVneHRWRFpjSjRhTzJGamI4R0JjYV90TFY1VWtISDBMOWoxQXVoOG94QzBKSjFXbWZaUG9RU0lvT1Z5N1M3VWF5Z2hIZHg0OGR4SWc?oc=5\" target=\"_blank\" rel=\"nofollow noopener\">Unkari saa jatkossakin energiansa Ven\u00e4j\u00e4lt\u00e4: N\u00e4in Orban myh\u00e4ili ja k\u00e4tteli Putinia<\/a>&nbsp;&nbsp;mtvuutiset.fi<\/li>\n<li><a href=\"https:\/\/news.google.com\/rss\/articles\/CBMiQkFVX3lxTE1zYzE0NFJvcmxwWWlGSXI0Q2s2VjBXUllzazVsbXdSR25jb2szZmpUTWNSMHYwY1NLV3VqN3l3X2lCdw?oc=5\" target=\"_blank\" rel=\"nofollow noopener\">Unkarin Orb\u00e1n tapaa Putinin Moskovassa<\/a>&nbsp;&nbsp;Yle<\/li>\n<li><a href=\"https:\/\/news.google.com\/rss\/articles\/CBMiVkFVX3lxTFBFTlNzeHBpYXVBX2psREN3RmZwYnRQRVhMSFVqNTF6ZjZMemhoanpjWW1xRC1wdm1FZUxacjZSbEptV3A2YXNGZU43enNsLVp2eVBySVdR?oc=5\" target=\"_blank\" rel=\"nofollow noopener\">T\u00e4n\u00e4\u00e4n on sek\u00e4 Black Friday ett\u00e4 \u00c4l\u00e4 osta mit\u00e4\u00e4n -p\u00e4iv\u00e4<\/a>&nbsp;&nbsp;Yle<\/li>\n<li><a href=\"https:\/\/news.google.com\/rss\/articles\/CBMie0FVX3lxTE84RThDVWR2R0hLaGlXamI4SzRIOEs4aDh2UFR1Y3EwLXNUcE9SSHlZUW1RUFBxbXZRQ1N4VnRyeXJ3dnZ2N2hkUGwxUTdQMTdDTWYtdmQ0Z0QzYnRObFFXa3RvNWlyOFF6eFBDWUhBMXNEUzI0VFJOU1h4NA?oc=5\" target=\"_blank\" rel=\"nofollow noopener\">Orb\u00e1n hakee Putinilta l\u00e4mp\u00f6\u00e4 talveksi: Ven\u00e4j\u00e4lt\u00e4 lupaus rauhan edist\u00e4misest\u00e4 \u2013 MTV seuraa<\/a>&nbsp;&nbsp;mtvuutiset.fi<\/li>\n<li><a href=\"https:\/\/news.google.com\/rss\/articles\/CBMiYEFVX3lxTFBxeWxzQ0JyOXJyQ212Y2ZWaGxVT2hxRXJuRWQ5VjZnSHNzdjBXTUxmTGRaTzUzYmhFMTRNdXN2N19rSDVnQ3NVb0JjYTdkU21OLXRUV3l1T0tqN0lmTGNxcw?oc=5\" target=\"_blank\" rel=\"nofollow noopener\">Orban sanoo Ven\u00e4j\u00e4n s\u00e4ilyv\u00e4n Unkarin keskeisen\u00e4 energiantoimittajana \u2013 tapasi Putinin Moskovassa<\/a>&nbsp;&nbsp;Karjalainen<\/li>\n<\/ol>\n","protected":false},"excerpt":{"rendered":"Unkari saa jatkossakin energiansa Ven\u00e4j\u00e4lt\u00e4: N\u00e4in Orban myh\u00e4ili ja k\u00e4tteli Putinia&nbsp;&nbsp;mtvuutiset.fi Unkarin Orb\u00e1n tapaa Putinin Moskovassa&nbsp;&nbsp;Yle T\u00e4n\u00e4\u00e4n on&hellip;\n","protected":false},"author":2,"featured_media":102540,"comment_status":"","ping_status":"","sticky":false,"template":"","format":"standard","meta":{"footnotes":""},"categories":[14],"tags":[22,23,26,27,33,31,30,17,24,25,28,29,15,18,21,32,19,20,56,16,59,60,61],"class_list":{"0":"post-102539","1":"post","2":"type-post","3":"status-publish","4":"format-standard","5":"has-post-thumbnail","7":"category-ulkomaat","8":"tag-breaking-news","9":"tag-breakingnews","10":"tag-featured-news","11":"tag-featurednews","12":"tag-fi","13":"tag-finland","14":"tag-finnish","15":"tag-headlines","16":"tag-latest-news","17":"tag-latestnews","18":"tag-main-news","19":"tag-mainnews","20":"tag-news","21":"tag-otsikot","22":"tag-paauutiset","23":"tag-suomi","24":"tag-top-stories","25":"tag-topstories","26":"tag-ulkomaat","27":"tag-uutiset","28":"tag-world","29":"tag-world-news","30":"tag-worldnews"},"share_on_mastodon":{"url":"https:\/\/pubeurope.com\/@fi\/115628409128425103","error":""},"_links":{"self":[{"href":"https:\/\/www.europesays.com\/fi\/wp-json\/wp\/v2\/posts\/102539","targetHints":{"allow":["GET"]}}],"collection":[{"href":"https:\/\/www.europesays.com\/fi\/wp-json\/wp\/v2\/posts"}],"about":[{"href":"https:\/\/www.europesays.com\/fi\/wp-json\/wp\/v2\/types\/post"}],"author":[{"embeddable":true,"href":"https:\/\/www.europesays.com\/fi\/wp-json\/wp\/v2\/users\/2"}],"replies":[{"embeddable":true,"href":"https:\/\/www.europesays.com\/fi\/wp-json\/wp\/v2\/comments?post=102539"}],"version-history":[{"count":0,"href":"https:\/\/www.europesays.com\/fi\/wp-json\/wp\/v2\/posts\/102539\/revisions"}],"wp:featuredmedia":[{"embeddable":true,"href":"https:\/\/www.europesays.com\/fi\/wp-json\/wp\/v2\/media\/102540"}],"wp:attachment":[{"href":"https:\/\/www.europesays.com\/fi\/wp-json\/wp\/v2\/media?parent=102539"}],"wp:term":[{"taxonomy":"category","embeddable":true,"href":"https:\/\/www.europesays.com\/fi\/wp-json\/wp\/v2\/categories?post=102539"},{"taxonomy":"post_tag","embeddable":true,"href":"https:\/\/www.europesays.com\/fi\/wp-json\/wp\/v2\/tags?post=102539"}],"curies":[{"name":"wp","href":"https:\/\/api.w.org\/{rel}","templated":true}]}}