{"id":102541,"date":"2025-11-28T17:04:09","date_gmt":"2025-11-28T17:04:09","guid":{"rendered":"https:\/\/www.europesays.com\/fi\/102541\/"},"modified":"2025-11-28T17:04:09","modified_gmt":"2025-11-28T17:04:09","slug":"diili-voittaja-lopettaa-tyot-jaajo-linnonmaan-operatiivisena-johtajana","status":"publish","type":"post","link":"https:\/\/www.europesays.com\/fi\/102541\/","title":{"rendered":"Diili-voittaja lopettaa ty\u00f6t Jaajo Linnonmaan operatiivisena johtajana"},"content":{"rendered":"<p>Diili-voittaja Aki Keskitalon el\u00e4m\u00e4ss\u00e4 puhaltavat uudet tuulet.<\/p>\n<p class=\"article-body mb-nof-24 px-nof-16\">Vuoden 2023 Diili-voittaja <a class=\"article-personlink\" href=\"https:\/\/www.is.fi\/haku\/?query=Aki%20Keskitalon\" rel=\"nofollow noopener\" target=\"_blank\">Aki Keskitalon<\/a> ty\u00f6 <a class=\"article-personlink\" href=\"https:\/\/www.is.fi\/haku\/?query=Jaajo%20Linnonmaan\" rel=\"nofollow noopener\" target=\"_blank\">Jaajo Linnonmaan<\/a> operatiivisena johtajana tulee p\u00e4\u00e4t\u00f6kseens\u00e4 sunnuntaina 30. marraskuuta. Keskitalo kertoo asiasta <a class=\"article-genericlink\" href=\"https:\/\/www.instagram.com\/akikeskitalo\/?utm_source=ig_embed\" rel=\"nofollow noopener\" target=\"_blank\">Instagram-tilill\u00e4\u00e4n<\/a>.<\/p>\n<p class=\"article-body mb-nof-24 px-nof-16\">H\u00e4n on ty\u00f6skennellyt Linnonmaan kanssa esimerkiksi Superterassi-projektin parissa.<\/p>\n<p class=\"article-body mb-nof-24 px-nof-16\">Keskitalo kertoo julkaisussaan, ett\u00e4 h\u00e4n ehti toimia Linnonmaan operatiivisena johtajana reilun kahden ja puolen vuoden ajan. Keskitalon mukaan yhteisty\u00f6 p\u00e4\u00e4ttyy hyv\u00e4ss\u00e4 yhteisymm\u00e4rryksess\u00e4.<\/p>\n<p class=\"article-body mb-nof-24 px-nof-16\">\u2013 Kaiken t\u00e4m\u00e4n lomassa, tai ehk\u00e4 juuri kaikesta t\u00e4st\u00e4 johtuen, ollaan Jaajon kanssa yst\u00e4vystytty, joten ty\u00f6 ei ole ollut vaan ty\u00f6t\u00e4. T\u00e4st\u00e4 olen \u00e4\u00e4rimm\u00e4isen iloinen ja kiitollinen, h\u00e4n kirjoittaa julkaisussaan.<\/p>\n<p class=\"article-body mb-nof-24 px-nof-16\">Keskitalo my\u00f6s vihjaa, ettei yhteisty\u00f6 Linnonmaan kanssa p\u00e4\u00e4ty kokonaan. Uusista tuulista h\u00e4n sanoo kertovansa maanantaina.<\/p>\n<p class=\"article-body mb-nof-24 px-nof-16\">Keskitalo kommentoi operatiivisen johtajan roolin p\u00e4\u00e4ttymist\u00e4 <a class=\"article-genericlink\" href=\"https:\/\/www.iltalehti.fi\/viihdeuutiset\/a\/6a9fee46-d817-4a64-baff-e5df784d0a6d\" rel=\"nofollow noopener\" target=\"_blank\">Iltalehdelle<\/a>.<\/p>\n<p class=\"article-body mb-nof-24 px-nof-16\">\u2013 Olemme tehneet nyt reilun kaksi ja puoli vuotta. Aina kaikissa prosesseissa on vaiheensa ja meid\u00e4n vaihe on tuolta osin hyv\u00e4ss\u00e4 maalissa ja tulemme tiivist\u00e4m\u00e4\u00e4n yhteisty\u00f6t\u00e4 entisest\u00e4\u00e4n, Keskitalo toteaa Iltalehdelle.<\/p>\n<p class=\"article-body mb-nof-24 px-nof-16\">Keskitalo ei kuitenkaan viel\u00e4 paljasta, mit\u00e4 yhteisty\u00f6n tiivist\u00e4minen k\u00e4yt\u00e4nn\u00f6ss\u00e4 tarkoittaa.<\/p>\n<p class=\"article-body mb-nof-24 px-nof-16\">\u2013 T\u00e4h\u00e4n liittyy muitakin osapuolia kuin min\u00e4 ja Jaajo. Sen takia tulemme vasta maanantaina asian kanssa ulos, h\u00e4n sanoo IL:n haastattelussa.<\/p>\n<p><script async src=\"\/\/www.instagram.com\/embed.js\"><\/script><\/p>\n","protected":false},"excerpt":{"rendered":"Diili-voittaja Aki Keskitalon el\u00e4m\u00e4ss\u00e4 puhaltavat uudet tuulet. Vuoden 2023 Diili-voittaja Aki Keskitalon ty\u00f6 Jaajo Linnonmaan operatiivisena johtajana tulee&hellip;\n","protected":false},"author":2,"featured_media":102542,"comment_status":"","ping_status":"","sticky":false,"template":"","format":"standard","meta":{"footnotes":""},"categories":[12],"tags":[22,23,26,27,33,31,30,17,34,24,25,28,29,15,18,21,32,19,20,16],"class_list":{"0":"post-102541","1":"post","2":"type-post","3":"status-publish","4":"format-standard","5":"has-post-thumbnail","7":"category-suomi","8":"tag-breaking-news","9":"tag-breakingnews","10":"tag-featured-news","11":"tag-featurednews","12":"tag-fi","13":"tag-finland","14":"tag-finnish","15":"tag-headlines","16":"tag-ilta-sanomat","17":"tag-latest-news","18":"tag-latestnews","19":"tag-main-news","20":"tag-mainnews","21":"tag-news","22":"tag-otsikot","23":"tag-paauutiset","24":"tag-suomi","25":"tag-top-stories","26":"tag-topstories","27":"tag-uutiset"},"share_on_mastodon":{"url":"https:\/\/pubeurope.com\/@fi\/115628413026820637","error":""},"_links":{"self":[{"href":"https:\/\/www.europesays.com\/fi\/wp-json\/wp\/v2\/posts\/102541","targetHints":{"allow":["GET"]}}],"collection":[{"href":"https:\/\/www.europesays.com\/fi\/wp-json\/wp\/v2\/posts"}],"about":[{"href":"https:\/\/www.europesays.com\/fi\/wp-json\/wp\/v2\/types\/post"}],"author":[{"embeddable":true,"href":"https:\/\/www.europesays.com\/fi\/wp-json\/wp\/v2\/users\/2"}],"replies":[{"embeddable":true,"href":"https:\/\/www.europesays.com\/fi\/wp-json\/wp\/v2\/comments?post=102541"}],"version-history":[{"count":0,"href":"https:\/\/www.europesays.com\/fi\/wp-json\/wp\/v2\/posts\/102541\/revisions"}],"wp:featuredmedia":[{"embeddable":true,"href":"https:\/\/www.europesays.com\/fi\/wp-json\/wp\/v2\/media\/102542"}],"wp:attachment":[{"href":"https:\/\/www.europesays.com\/fi\/wp-json\/wp\/v2\/media?parent=102541"}],"wp:term":[{"taxonomy":"category","embeddable":true,"href":"https:\/\/www.europesays.com\/fi\/wp-json\/wp\/v2\/categories?post=102541"},{"taxonomy":"post_tag","embeddable":true,"href":"https:\/\/www.europesays.com\/fi\/wp-json\/wp\/v2\/tags?post=102541"}],"curies":[{"name":"wp","href":"https:\/\/api.w.org\/{rel}","templated":true}]}}