{"id":102543,"date":"2025-11-28T17:05:12","date_gmt":"2025-11-28T17:05:12","guid":{"rendered":"https:\/\/www.europesays.com\/fi\/102543\/"},"modified":"2025-11-28T17:05:12","modified_gmt":"2025-11-28T17:05:12","slug":"zelenskyin-lahin-avustaja-eroaa-korruptioskandaalin-keskella-uutisia-lyhyesti","status":"publish","type":"post","link":"https:\/\/www.europesays.com\/fi\/102543\/","title":{"rendered":"Zelenskyin l\u00e4hin avustaja eroaa korruptioskandaalin keskell\u00e4 | Uutisia lyhyesti"},"content":{"rendered":"<p class=\"aw-1gybjub aw-5vja16 kEtdKx kmuxyA yle__article__paragraph\">Ukrainan korruption vastaista ty\u00f6t\u00e4 tekev\u00e4t viranomaiset tutkivat kansliap\u00e4\u00e4llikk\u00f6 Andri Jermakin toimiston ja kodin perjantaiaamuna.<\/p>\n<p><img decoding=\"async\" alt=\"Ukrainan presidentinkanslian p\u00e4\u00e4llikk\u00f6 Andrij Jermak.\" src=\"https:\/\/www.europesays.com\/fi\/wp-content\/uploads\/2025\/11\/39-134363766d85fd70788b.jpeg\" class=\"aw-1l9m598 hKVVvP\"\/><\/p>\n<p>Avaa kuvien katselu<\/p>\n<p>Ukrainan presidentinkanslian p\u00e4\u00e4llikk\u00f6 Andri Jermak kuvattuna elokuussa 2024. Kuva: Ukrinform \/ AOP<\/p>\n<p>17:31\u2022P\u00e4ivitetty 17:58<\/p>\n<p class=\"aw-1gybjub aw-1p7kakr kEtdKx cEmitX yle__article__paragraph\">Ukrainan presidentti <strong class=\"aw-ak79eh KyCXm yle__article__strong\">Volodymyr Zelenskyin<\/strong> l\u00e4hin avustaja, kansliap\u00e4\u00e4llikk\u00f6 <strong class=\"aw-ak79eh KyCXm yle__article__strong\">Andri Jermak<\/strong> eroaa t\u00e4m\u00e4naamuisten korruptioratsioiden j\u00e4lkeen. Zelenskyi kertoi asiasta lyhytviestipalvelu Telegramissa.<\/p>\n<p class=\"aw-1gybjub aw-1p7kakr kEtdKx cEmitX yle__article__paragraph\">\u2013 Ukrainan presidentin kanslia tullaan uudelleenorganisoimaan, Zelenskyi sanoi videopuheessaan ja lis\u00e4si, ett\u00e4 h\u00e4n aikoo k\u00e4yd\u00e4 keskusteluja mahdollisesta seuraajasta lauantaina.<\/p>\n<p class=\"aw-1gybjub aw-1p7kakr kEtdKx cEmitX yle__article__paragraph\">Jermak on ollut Ukrainan p\u00e4\u00e4neuvottelija rauhankeskusteluissa Ven\u00e4j\u00e4n ja Yhdysvaltojen kanssa. H\u00e4n on my\u00f6s ollut Zelenskyin luottomies jo vuosien ajan.<\/p>\n<p class=\"aw-1gybjub aw-1p7kakr kEtdKx cEmitX yle__article__paragraph\">Ukrainan korruption vastaista ty\u00f6t\u00e4 tekev\u00e4t viranomaiset tutkivat Jermakin toimiston ja kodin perjantaiaamuna. Etsinn\u00e4n uskotaan liittyneen marraskuun alussa paljastuneeseen energiasektorin korruptioskandaaliin.<\/p>\n<p class=\"aw-1gybjub aw-1p7kakr kEtdKx cEmitX yle__article__paragraph\">Korruptiotutkinta kohdistuu valtion omistamaan ydinvoimayhti\u00f6 Energoatomiin, joka tuottaa noin puolet Ukrainan s\u00e4hk\u00f6st\u00e4. Korkea-arvoisten virkamiesten ep\u00e4ill\u00e4\u00e4n kavaltaneen tai saaneen lahjuksina Energoatomilta jopa 100 miljoonaa euroa.<\/p>\n<p class=\"aw-1gybjub aw-1p7kakr kEtdKx cEmitX yle__article__paragraph\">Kahdeksaa henkil\u00f6\u00e4 vastaan on nostettu syyte osallisuudesta skandaaliin. My\u00f6s Jermakin osallisuudesta on liikkunut paljon arvailuja, ja suomalainen tutkija arvioi Ylelle, ett\u00e4 Jermak on <a class=\"aw-iao6s4 iHOxEa yle__article__link\" href=\"https:\/\/yle.fi\/a\/74-20196712\" role=\"link\" rel=\"nofollow noopener\" target=\"_blank\">todenn\u00e4k\u00f6isesti osallinen<\/a> skandaaliin.<\/p>\n<p class=\"aw-1gybjub aw-1p7kakr kEtdKx cEmitX yle__article__paragraph\">Vaikka Jermakia ei ole syytetty rikoksista, useat kansanedustajat Zelenskyin omassa puolueessa ovat aiemmin vaatineet, ett\u00e4 Jermak kantaisi vastuu skandaalista kansalasiten luottamuksen palauttamiseksi.<\/p>\n<p class=\"aw-1gybjub aw-1p7kakr kEtdKx cEmitX yle__article__paragraph\">Jermakin ero osuu herkk\u00e4\u00e4n vaiheeseen Ukrainan sodan rauhantunnusteluissa. Yhdysvallat on painostanut Ukrainaa viime viikkoina nopeaan ratkaisuun sodan lopettamiseksi.<\/p>\n<p class=\"aw-1gybjub aw-1p7kakr kEtdKx cEmitX yle__article__paragraph\">Zelenskyi vakuutti perjantaina pit\u00e4m\u00e4ss\u00e4\u00e4n puheessa, ett\u00e4 Ukrainan ja Yhdysvaltojen viranomaisten v\u00e4liset neuvottelut sodan lopettamiseen liittyvist\u00e4 ehdotuksista tullaan k\u00e4ym\u00e4\u00e4n pian.<\/p>\n<p class=\"aw-1gybjub aw-1p7kakr kEtdKx cEmitX yle__article__paragraph\">Zelenskyi sanoi, ett\u00e4 Ukrainan armeijan, ulkoministeri\u00f6n ja tiedustelun edustajat osallistuvat neuvotteluihin siit\u00e4, miten l\u00e4hes nelj\u00e4 vuotta jatkunut sota saataisiin p\u00e4\u00e4t\u00f6kseen.<\/p>\n<p class=\"aw-1gybjub aw-1p7kakr kEtdKx cEmitX yle__article__paragraph\">L\u00e4hteet: Reuters, AFP, AP<\/p>\n","protected":false},"excerpt":{"rendered":"Ukrainan korruption vastaista ty\u00f6t\u00e4 tekev\u00e4t viranomaiset tutkivat kansliap\u00e4\u00e4llikk\u00f6 Andri Jermakin toimiston ja kodin perjantaiaamuna. Avaa kuvien katselu Ukrainan&hellip;\n","protected":false},"author":2,"featured_media":102544,"comment_status":"","ping_status":"","sticky":false,"template":"","format":"standard","meta":{"footnotes":""},"categories":[5],"tags":[22,23,26,27,33,31,30,17,19550,3553,24,25,28,29,15,18,21,32,19,20,1303,56,16,987],"class_list":{"0":"post-102543","1":"post","2":"type-post","3":"status-publish","4":"format-standard","5":"has-post-thumbnail","7":"category-otsikot","8":"tag-breaking-news","9":"tag-breakingnews","10":"tag-featured-news","11":"tag-featurednews","12":"tag-fi","13":"tag-finland","14":"tag-finnish","15":"tag-headlines","16":"tag-kansliapaallikot","17":"tag-korruptio","18":"tag-latest-news","19":"tag-latestnews","20":"tag-main-news","21":"tag-mainnews","22":"tag-news","23":"tag-otsikot","24":"tag-paauutiset","25":"tag-suomi","26":"tag-top-stories","27":"tag-topstories","28":"tag-ukraina","29":"tag-ulkomaat","30":"tag-uutiset","31":"tag-venajan-hyokkays"},"share_on_mastodon":{"url":"https:\/\/pubeurope.com\/@fi\/115628417057286440","error":""},"_links":{"self":[{"href":"https:\/\/www.europesays.com\/fi\/wp-json\/wp\/v2\/posts\/102543","targetHints":{"allow":["GET"]}}],"collection":[{"href":"https:\/\/www.europesays.com\/fi\/wp-json\/wp\/v2\/posts"}],"about":[{"href":"https:\/\/www.europesays.com\/fi\/wp-json\/wp\/v2\/types\/post"}],"author":[{"embeddable":true,"href":"https:\/\/www.europesays.com\/fi\/wp-json\/wp\/v2\/users\/2"}],"replies":[{"embeddable":true,"href":"https:\/\/www.europesays.com\/fi\/wp-json\/wp\/v2\/comments?post=102543"}],"version-history":[{"count":0,"href":"https:\/\/www.europesays.com\/fi\/wp-json\/wp\/v2\/posts\/102543\/revisions"}],"wp:featuredmedia":[{"embeddable":true,"href":"https:\/\/www.europesays.com\/fi\/wp-json\/wp\/v2\/media\/102544"}],"wp:attachment":[{"href":"https:\/\/www.europesays.com\/fi\/wp-json\/wp\/v2\/media?parent=102543"}],"wp:term":[{"taxonomy":"category","embeddable":true,"href":"https:\/\/www.europesays.com\/fi\/wp-json\/wp\/v2\/categories?post=102543"},{"taxonomy":"post_tag","embeddable":true,"href":"https:\/\/www.europesays.com\/fi\/wp-json\/wp\/v2\/tags?post=102543"}],"curies":[{"name":"wp","href":"https:\/\/api.w.org\/{rel}","templated":true}]}}