{"id":102547,"date":"2025-11-28T17:20:08","date_gmt":"2025-11-28T17:20:08","guid":{"rendered":"https:\/\/www.europesays.com\/fi\/102547\/"},"modified":"2025-11-28T17:20:08","modified_gmt":"2025-11-28T17:20:08","slug":"arttu-pettyi-julian-paatokseen-erota-ensitreffit-alttarilla-ohjelmassa","status":"publish","type":"post","link":"https:\/\/www.europesays.com\/fi\/102547\/","title":{"rendered":"Arttu pettyi Julian p\u00e4\u00e4t\u00f6kseen erota Ensitreffit alttarilla -ohjelmassa"},"content":{"rendered":"<p><strong class=\"typography-bold\">Ensitreffit alttarilla -ohjelmassa avioituneet Arttu ja Julia erosivat kauden puolessa v\u00e4liss\u00e4.<\/strong><\/p>\n<p><strong class=\"typography-bold\">Arttu<\/strong> avioitui <strong class=\"typography-bold\">Julian<\/strong> kanssa <a class=\"underline\" data-testid=\"internal-link\" role=\"link\" data-sentry-element=\"Link\" data-sentry-component=\"InternalLink\" data-sentry-source-file=\"InternalLink.tsx\" href=\"https:\/\/www.mtvuutiset.fi\/aihe\/ensitreffit-alttarilla\/6891598\" rel=\"nofollow noopener\" target=\"_blank\">Ensitreffit alttarilla<\/a> -ohjelmassa, mutta parin suhde p\u00e4\u00e4ttyi eroon jo kuvausten aikana. Erop\u00e4\u00e4t\u00f6s oli Julian ja ohjelman aikana n\u00e4htiin Artun olevan pettynyt asiaan ja my\u00f6s siihen, kun Julia ei halunnut olla edes Artun kaveri.<\/p>\n<p>Arttu avautuu MTV:n haastattelussa, mit\u00e4 mielt\u00e4 h\u00e4n on asiasta kuvausten j\u00e4lkeen. Kaksikko ei ole ollut sittemmin yhteyksiss\u00e4.<\/p>\n<p>\u2013 Mielest\u00e4ni j\u00e4lkik\u00e4teen ajateltuna, niin ehdottomasti se oli hyv\u00e4 p\u00e4\u00e4t\u00f6s. Molemmat ovat p\u00e4\u00e4sseet varmasti el\u00e4m\u00e4ss\u00e4 eteenp\u00e4in ja tavallaan p\u00e4\u00e4si k\u00e4sittelem\u00e4\u00e4n sen asian, Arttu sanoo.<\/p>\n<p>Arttu pystyi olemaan oma itsens\u00e4 ohjelman kuvausten aikana ja h\u00e4n sanookin tunnistavansa itsens\u00e4 ainakin osittain, kun on katsonut ohjelmaa. Katsojat eiv\u00e4t p\u00e4\u00e4sseet n\u00e4kem\u00e4\u00e4n parin arkea h\u00e4\u00e4matkan j\u00e4lkeen eron vuoksi.<\/p>\n<p>\u2013 Siell\u00e4 ei ehk\u00e4 n\u00e4y itsest\u00e4ni niit\u00e4 parhaita puolia, se harmittaa. Ehk\u00e4 se my\u00f6s harmittaa, kun Julia ei n\u00e4hnyt minun omaa arkeani ja sit\u00e4, millainen olen omassa arjessa ja el\u00e4m\u00e4ss\u00e4. Se j\u00e4i katsojiltakin n\u00e4kem\u00e4tt\u00e4.\u00a0<\/p>\n","protected":false},"excerpt":{"rendered":"Ensitreffit alttarilla -ohjelmassa avioituneet Arttu ja Julia erosivat kauden puolessa v\u00e4liss\u00e4. Arttu avioitui Julian kanssa Ensitreffit alttarilla -ohjelmassa,&hellip;\n","protected":false},"author":2,"featured_media":51462,"comment_status":"","ping_status":"","sticky":false,"template":"","format":"standard","meta":{"footnotes":""},"categories":[133],"tags":[137,33,31,30,32,206,156,109],"class_list":{"0":"post-102547","1":"post","2":"type-post","3":"status-publish","4":"format-standard","5":"has-post-thumbnail","7":"category-televisiot","8":"tag-entertainment","9":"tag-fi","10":"tag-finland","11":"tag-finnish","12":"tag-suomi","13":"tag-televisiot","14":"tag-tv","15":"tag-viihde"},"share_on_mastodon":{"url":"https:\/\/pubeurope.com\/@fi\/115628475919330445","error":""},"_links":{"self":[{"href":"https:\/\/www.europesays.com\/fi\/wp-json\/wp\/v2\/posts\/102547","targetHints":{"allow":["GET"]}}],"collection":[{"href":"https:\/\/www.europesays.com\/fi\/wp-json\/wp\/v2\/posts"}],"about":[{"href":"https:\/\/www.europesays.com\/fi\/wp-json\/wp\/v2\/types\/post"}],"author":[{"embeddable":true,"href":"https:\/\/www.europesays.com\/fi\/wp-json\/wp\/v2\/users\/2"}],"replies":[{"embeddable":true,"href":"https:\/\/www.europesays.com\/fi\/wp-json\/wp\/v2\/comments?post=102547"}],"version-history":[{"count":0,"href":"https:\/\/www.europesays.com\/fi\/wp-json\/wp\/v2\/posts\/102547\/revisions"}],"wp:featuredmedia":[{"embeddable":true,"href":"https:\/\/www.europesays.com\/fi\/wp-json\/wp\/v2\/media\/51462"}],"wp:attachment":[{"href":"https:\/\/www.europesays.com\/fi\/wp-json\/wp\/v2\/media?parent=102547"}],"wp:term":[{"taxonomy":"category","embeddable":true,"href":"https:\/\/www.europesays.com\/fi\/wp-json\/wp\/v2\/categories?post=102547"},{"taxonomy":"post_tag","embeddable":true,"href":"https:\/\/www.europesays.com\/fi\/wp-json\/wp\/v2\/tags?post=102547"}],"curies":[{"name":"wp","href":"https:\/\/api.w.org\/{rel}","templated":true}]}}