{"id":102548,"date":"2025-11-28T17:24:08","date_gmt":"2025-11-28T17:24:08","guid":{"rendered":"https:\/\/www.europesays.com\/fi\/102548\/"},"modified":"2025-11-28T17:24:08","modified_gmt":"2025-11-28T17:24:08","slug":"henrik-dettmannin-tolvaisyt-yllattivat-selostaja-kristian-palotien","status":"publish","type":"post","link":"https:\/\/www.europesays.com\/fi\/102548\/","title":{"rendered":"Henrik Dettmannin t\u00f6lv\u00e4isyt yll\u00e4ttiv\u00e4t selostaja Kristian Palotien"},"content":{"rendered":"<p>Koripalloliitto on joutunut viime viikkoina myrskyn silm\u00e4\u00e4n.<\/p>\n<p>Syyn\u00e4 on Suomen maajoukkuepelaajan <strong>Jacob Grandisonin<\/strong> tapaus. Grandison hyllytettiin ranskalaisesta seurajoukkueestaan mystisen syyn takia. H\u00e4nen on v\u00e4itetty k\u00e4rynneen jostakin syyskuussa, mutta vahvistusta asialle ei ole saatu.<\/p>\n<p>Koripalloliitto on tapahtuneesta hiljaa. Maajoukkueen entinen p\u00e4\u00e4valmentaja ja nykyinen taustapiru <strong>Henrik Dettmann<\/strong> h\u00e4mm\u00e4stytti mediatilaisuudessa k\u00e4ytt\u00e4ytym\u00e4ll\u00e4 MTV:n toimittajaa kohtaan verbaalisesti eritt\u00e4in t\u00f6yke\u00e4sti, kun t\u00e4m\u00e4 tiedusteli Dettmannilta Grandisonin poissaolon syyt\u00e4.<\/p>\n<p>Kaunis Peli-ohjelmassa <strong>Markus Moilanen<\/strong> ja <strong>Kristian Palotie <\/strong>vaikuttivat selke\u00e4sti h\u00e4mm\u00e4styneilt\u00e4 Dettmannin k\u00e4yt\u00f6ksest\u00e4.<\/p>\n<p>\u2013 Viestinn\u00e4n osaaminen korostuu ihan hirvitt\u00e4v\u00e4n paljon. Jos tulee uutinen, niin kaikki tiet\u00e4\u00e4 sen muutaman tunnin sis\u00e4ll\u00e4. Ei mene silleen p\u00e4ivi\u00e4. Miten siihen reagoidaan ja viestit\u00e4\u00e4n, niin se on suuremmassa asemassa, mit\u00e4 on ollut aiemmin, toteaa Moilanen.<\/p>\n<p>\u2013 Jos on paljon positiivista ja v\u00e4h\u00e4n negatiivista, niin hyv\u00e4ll\u00e4 viestinn\u00e4ll\u00e4 se positiivisuus pysyy esill\u00e4 paljon enemm\u00e4n, Moilanen jatkaa.<\/p>\n<p>Moilasen mukaan viestinn\u00e4n osaamisen puute voi helposti vied\u00e4 Susijengin ymp\u00e4rilt\u00e4 positiivista hype\u00e4.<\/p>\n<p>\u2013 Nyt ollaan menossa huolestuttavaan suuntaan. Viestinn\u00e4n laatu ei ole ollut parasta mahdollista. Melko pienen negatiivisen asian ymp\u00e4rill\u00e4 se on v\u00e4h\u00e4n p\u00e4\u00e4ssyt paisumaan ja ottamaan turhan paljon palstatilaa.<\/p>\n<p>Selostajana, valmentajana ja koripalloasiantuntijana suurta arvostusta nauttiva Palotie korostaa, ett\u00e4 Koripalloliiton kannattaisi ottaa oppia NBA:sta.<\/p>\n<p>\u2013 NBA:ssa asiat ilmaistaan. Asiat tulevat ilmi ja kommentoidaan, mit\u00e4 pystyt\u00e4\u00e4n. Loukkaantuminen kerrotaan ja arvioitu paluuaika. Susijengiss\u00e4 t\u00e4mm\u00f6isest\u00e4 ei keskustella. Vie syrj\u00e4\u00e4n harmaan verkon taakse, mik\u00e4 ei ole ideaalia.<\/p>\n<p>\u2013 Nyt ei voida puhua ilman Grandisonin suostumusta, mutta miten sen asian ilmaisee, niin kyll\u00e4 sill\u00e4 on merkityst\u00e4. Henrik Dettmann on mun mielest\u00e4ni todella taitava median kanssa. Menik\u00f6 toi haastattelu ihan nappiin? Ehk\u00e4 h\u00e4n saavutti sill\u00e4 jotain, mit\u00e4 me ei n\u00e4hd\u00e4, Palotie jatkaa.<\/p>\n<p>Monelle j\u00e4i kuva, ettei Grandisonin tapauksen viestint\u00e4\u00e4n valmistauduttu Koripalloliitossa kunnolla.<\/p>\n<p>\u2013 Kolme nelj\u00e4 viikkoa on ollut tiedossa, ett\u00e4 jotain mystist\u00e4 on. Perutaan ja siirret\u00e4\u00e4n se edellinen mediatapahtuma. Tuntuu, ettei ole oikein strategiaa. Asioista ei saa puhua, meill\u00e4 ei ole oikeutta puhua joukkueen ulkopuolisista asioista. Jos s\u00e4 vastaat n\u00e4in, niin asia on kunnossa. Tolla olisi saanut koko asian sivuutettua, Palotie toteaa.<\/p>\n<p>\u2013 Olihan toi erikoinen lopputulema, miten tapahtumasta keskusteltiin ja miten siit\u00e4 j\u00e4i irti, Palotie lis\u00e4\u00e4.<\/p>\n<p>Kaikille suomalaisille urheilumedian edustajille Dettmann ei ole j\u00e4tt\u00e4nyt itsest\u00e4\u00e4n positiivista kuvaa. H\u00e4n on suhtautunut median kirjoitteluun joskus herkk\u00e4nahkaisesti ja k\u00e4ytt\u00e4ytynyt mediaa kohtaan ennenkin t\u00f6yke\u00e4sti.<\/p>\n<p>Katso Kaunis Peli t\u00e4st\u00e4:<\/p>\n<p><strong>LUE MY\u00d6S:\u00a0<a href=\"https:\/\/atleetti.fi\/jari-litmaselta-yllatys-osallistuu-jaakiekko-otteluun-yhdessa-nhl-legendojen-kanssa\/\" target=\"_blank\" rel=\"nofollow noopener\">Jari Litmaselta yll\u00e4tys: osallistuu j\u00e4\u00e4kiekko-otteluun yhdess\u00e4 NHL-legendojen kanssa (Atleetti.fi) <\/a><\/strong><\/p>\n","protected":false},"excerpt":{"rendered":"Koripalloliitto on joutunut viime viikkoina myrskyn silm\u00e4\u00e4n. Syyn\u00e4 on Suomen maajoukkuepelaajan Jacob Grandisonin tapaus. Grandison hyllytettiin ranskalaisesta seurajoukkueestaan&hellip;\n","protected":false},"author":2,"featured_media":102549,"comment_status":"","ping_status":"","sticky":false,"template":"","format":"standard","meta":{"footnotes":""},"categories":[158],"tags":[33,31,30,159,32,160],"class_list":{"0":"post-102548","1":"post","2":"type-post","3":"status-publish","4":"format-standard","5":"has-post-thumbnail","7":"category-urheilu","8":"tag-fi","9":"tag-finland","10":"tag-finnish","11":"tag-sports","12":"tag-suomi","13":"tag-urheilu"},"share_on_mastodon":{"url":"https:\/\/pubeurope.com\/@fi\/115628491673797921","error":""},"_links":{"self":[{"href":"https:\/\/www.europesays.com\/fi\/wp-json\/wp\/v2\/posts\/102548","targetHints":{"allow":["GET"]}}],"collection":[{"href":"https:\/\/www.europesays.com\/fi\/wp-json\/wp\/v2\/posts"}],"about":[{"href":"https:\/\/www.europesays.com\/fi\/wp-json\/wp\/v2\/types\/post"}],"author":[{"embeddable":true,"href":"https:\/\/www.europesays.com\/fi\/wp-json\/wp\/v2\/users\/2"}],"replies":[{"embeddable":true,"href":"https:\/\/www.europesays.com\/fi\/wp-json\/wp\/v2\/comments?post=102548"}],"version-history":[{"count":0,"href":"https:\/\/www.europesays.com\/fi\/wp-json\/wp\/v2\/posts\/102548\/revisions"}],"wp:featuredmedia":[{"embeddable":true,"href":"https:\/\/www.europesays.com\/fi\/wp-json\/wp\/v2\/media\/102549"}],"wp:attachment":[{"href":"https:\/\/www.europesays.com\/fi\/wp-json\/wp\/v2\/media?parent=102548"}],"wp:term":[{"taxonomy":"category","embeddable":true,"href":"https:\/\/www.europesays.com\/fi\/wp-json\/wp\/v2\/categories?post=102548"},{"taxonomy":"post_tag","embeddable":true,"href":"https:\/\/www.europesays.com\/fi\/wp-json\/wp\/v2\/tags?post=102548"}],"curies":[{"name":"wp","href":"https:\/\/api.w.org\/{rel}","templated":true}]}}